{"id":113418,"date":"2025-09-14T01:45:10","date_gmt":"2025-09-14T01:45:10","guid":{"rendered":"https:\/\/www.europesays.com\/es\/113418\/"},"modified":"2025-09-14T01:45:10","modified_gmt":"2025-09-14T01:45:10","slug":"polonia-moviliza-aviacion-y-cierra-un-aeropuerto-por-la-presencia-de-drones-sobre-ucrania","status":"publish","type":"post","link":"https:\/\/www.europesays.com\/es\/113418\/","title":{"rendered":"Polonia moviliza aviaci\u00f3n y cierra un aeropuerto por la presencia de drones sobre Ucrania"},"content":{"rendered":"<p>La Fuerza A\u00e9rea polaca y sus aliados de la OTAN han sido movilizados este s\u00e1bado para cubrir el espacio a\u00e9reo de <a href=\"https:\/\/theobjective.com\/etiqueta\/polonia\/\" rel=\"nofollow noopener\" target=\"_blank\">Polonia<\/a> tras recibirse informes de una posible amenaza de drones rusos en las regiones fronterizas con Ucrania, lo que oblig\u00f3, adem\u00e1s, al cierre del aeropuerto de la ciudad de Lublin, informo el Mando Operativo de las Fuerzas Armadas Polacas.<\/p>\n<p>En un comunicado en X, el Mando Operativo escribi\u00f3 que \u00abdebido al riesgo de ataques con aparatos no tripulados en las regiones de <a href=\"https:\/\/theobjective.com\/etiqueta\/ucrania\/\" rel=\"nofollow noopener\" target=\"_blank\">Ucrania<\/a> fronterizas con la Rep\u00fablica de Polonia, se iniciaron operaciones de la fuerza a\u00e9reas en nuestro espacio a\u00e9reo\u00bb. \u00abCon el fin de garantizar la seguridad de nuestro espacio a\u00e9reo, el Mando Operativo de las Fuerzas Armadas de la Rep\u00fablica de Polonia ha puesto en marcha todos los procedimientos necesarios. En nuestro espacio a\u00e9reo operan aeronaves polacas y aliadas, y los sistemas terrestres de defensa a\u00e9rea y reconocimiento de radar han sido puestos en estado de m\u00e1xima alerta\u00bb, agreg\u00f3.<\/p>\n<p>Subray\u00f3 que <strong>las medidas son \u00abde car\u00e1cter preventivo\u00bb y tienen por objeto \u00abgarantizar la seguridad del espacio a\u00e9reo y la protecci\u00f3n de los ciudadanos, especialmente en las zonas adyacentes a la zona amenazada\u00bb<\/strong>. El Mando Operativo se\u00f1al\u00f3, adem\u00e1s, que supervisa la situaci\u00f3n actual, y las fuerzas y medios subordinados permanecen en plena alerta para reaccionar de inmediato.<\/p>\n<p>La Agencia Polaca de Servicios de Navegaci\u00f3n A\u00e9rea (PANSA) inform\u00f3, por su parte, de que debido a las operaciones de la fuerza a\u00e9rea, el aeropuerto de Lublin y la zona circundante quedaba cerrado al tr\u00e1fico a\u00e9reo civil. M\u00e1s tarde, el Mando Operativo dio por finalizadas las operaciones de la aviaci\u00f3n polaca y aliada en el espacio a\u00e9reo polaco e inform\u00f3 de que los sistemas terrestres de defensa a\u00e9rea y reconocimiento de radar activados hab\u00edan vuelto a su actividad operativa habitual.<\/p>\n<p>Agreg\u00f3 que <strong>el Ej\u00e9rcito polaco \u00absupervisa\u00a0constantemente la situaci\u00f3n en el territorio de Ucrania\u00a0y permanece en estado de alerta permanente para garantizar la seguridad del espacio a\u00e9reo polaco\u00bb<\/strong>. Tambi\u00e9n PANSA inform\u00f3 de la reanudaci\u00f3n del tr\u00e1fico a\u00e9reo en el aeropuerto de Lublin tras el fin de las operaciones de la aviaci\u00f3n militar.<\/p>\n<p>Despegan dos cazas rumanos<\/p>\n<p>Dos cazas rumanos han despegado ante la presencia en el espacio a\u00e9reo del pa\u00eds de un dron, durante un ataque ruso a instalaciones en suelo ucraniano cerca de la frontera con Ruman\u00eda, informan fuentes militares. El Ministerio de Defensa de Ruman\u00eda inform\u00f3 de que <strong>los dos aviones militares F-16 detectaron sobre las 18.23 hora local (15.23 GMT) un dron<\/strong>, sobre cuyo origen no da detalles, sobre una zona no habitada en la zona de Tulcea, <strong>a unos 20 kil\u00f3metros de Ucrania<\/strong>, que luego desapareci\u00f3 del radar. Defensa record\u00f3 en un comunicado que la ley le autoriza a derribar las aeronaves que entren en el espacio a\u00e9reo del pa\u00eds sin autorizaci\u00f3n.<\/p>\n","protected":false},"excerpt":{"rendered":"La Fuerza A\u00e9rea polaca y sus aliados de la OTAN han sido movilizados este s\u00e1bado para cubrir el&hellip;\n","protected":false},"author":2,"featured_media":113419,"comment_status":"","ping_status":"","sticky":false,"template":"","format":"standard","meta":{"footnotes":""},"categories":[42],"tags":[17,18,8232,13,14,15996,11,61,62,63,64,19,20,9,10,15,16,1613,7027,1614,12,7081,21,22,65,66,67],"class_list":{"0":"post-113418","1":"post","2":"type-post","3":"status-publish","4":"format-standard","5":"has-post-thumbnail","7":"category-internacional","8":"tag-breaking-news","9":"tag-breakingnews","10":"tag-drones","11":"tag-featured-news","12":"tag-featurednews","13":"tag-guerra-ucrania-rusia","14":"tag-headlines","15":"tag-internacional","16":"tag-international","17":"tag-international-news","18":"tag-internationalnews","19":"tag-latest-news","20":"tag-latestnews","21":"tag-news","22":"tag-noticias","23":"tag-noticias-destacadas","24":"tag-noticiasdestacadas","25":"tag-otan","26":"tag-polonia","27":"tag-rusia","28":"tag-titulares","29":"tag-ucrania","30":"tag-ultimas-noticias","31":"tag-ultimasnoticias","32":"tag-world","33":"tag-world-news","34":"tag-worldnews"},"share_on_mastodon":{"url":"","error":""},"_links":{"self":[{"href":"https:\/\/www.europesays.com\/es\/wp-json\/wp\/v2\/posts\/113418","targetHints":{"allow":["GET"]}}],"collection":[{"href":"https:\/\/www.europesays.com\/es\/wp-json\/wp\/v2\/posts"}],"about":[{"href":"https:\/\/www.europesays.com\/es\/wp-json\/wp\/v2\/types\/post"}],"author":[{"embeddable":true,"href":"https:\/\/www.europesays.com\/es\/wp-json\/wp\/v2\/users\/2"}],"replies":[{"embeddable":true,"href":"https:\/\/www.europesays.com\/es\/wp-json\/wp\/v2\/comments?post=113418"}],"version-history":[{"count":0,"href":"https:\/\/www.europesays.com\/es\/wp-json\/wp\/v2\/posts\/113418\/revisions"}],"wp:featuredmedia":[{"embeddable":true,"href":"https:\/\/www.europesays.com\/es\/wp-json\/wp\/v2\/media\/113419"}],"wp:attachment":[{"href":"https:\/\/www.europesays.com\/es\/wp-json\/wp\/v2\/media?parent=113418"}],"wp:term":[{"taxonomy":"category","embeddable":true,"href":"https:\/\/www.europesays.com\/es\/wp-json\/wp\/v2\/categories?post=113418"},{"taxonomy":"post_tag","embeddable":true,"href":"https:\/\/www.europesays.com\/es\/wp-json\/wp\/v2\/tags?post=113418"}],"curies":[{"name":"wp","href":"https:\/\/api.w.org\/{rel}","templated":true}]}}