{"id":113420,"date":"2025-09-14T01:46:12","date_gmt":"2025-09-14T01:46:12","guid":{"rendered":"https:\/\/www.europesays.com\/es\/113420\/"},"modified":"2025-09-14T01:46:12","modified_gmt":"2025-09-14T01:46:12","slug":"las-aguas-cierra-una-herida-de-mas-de-ocho-decadas-con-su-regreso-a-san-jacinto","status":"publish","type":"post","link":"https:\/\/www.europesays.com\/es\/113420\/","title":{"rendered":"Las Aguas cierra una herida de m\u00e1s de ocho d\u00e9cadas con su regreso a San Jacinto"},"content":{"rendered":"<p style=\"\">El 29 de octubre de 1942, los hermanos de las Aguas recibieron el mayor golpe de los <strong>275 a\u00f1os de historia<\/strong> que ahora est\u00e1n conmemorando. Ni los per\u00edodos de inactividad ni las vicisitudes pol\u00edticas de todo tipo hicieron tanto da\u00f1o en estos casi tres  &#8230; siglos como las llamas de aquel <strong>incendio fortuito que calcin\u00f3 a los titulares<\/strong> de la corporaci\u00f3n trianera y termin\u00f3 de romper el fino hilo que la manten\u00eda unida a San Jacinto, de donde sali\u00f3 para no volver.<\/p>\n<p class=\"voc-p\" style=\"\">Para no volver hasta este s\u00e1bado 13 de septiembre de 2025, d\u00eda marcado en rojo -o en morado- por todos los fieles de la calle Dos de Mayo. La hermandad, al adentrarse con <strong>el Cristo de las Aguas y la Virgen del Mayor Dolor<\/strong> bajo las b\u00f3vedas del antiguo convento dominico, san\u00f3 por fin esa herida abierta durante tantos a\u00f1os y que ha impedido a varias generaciones de cofrades <strong>conocer a las Aguas en su sede fundacional<\/strong> y casa durante casi dos siglos. Una casa la que salieron sin im\u00e1genes y con lo puesto, con una relaci\u00f3n completamente rota con los dominicos e iniciando un \u00e9xodo por distintos templos de la geograf\u00eda urbana hispalense hasta instalarse en su sede actual junto al Postigo del Aceite.<\/p>\n<p class=\"voc-p\" style=\"\">Minutos despu\u00e9s de las seis y media de la tarde sal\u00eda la cruz de gu\u00eda de la capilla del Rosario y <strong>comenzaba el rezo del v\u00eda crucis bajo un sol de justicia<\/strong> y un calor pegajoso. El recorrido que hab\u00edan de seguir las andas portadas por los hermanos era extenso, discurriendo por las callejuelas del Arenal antes de enfilar el r\u00edo. Se presentaron en las capillas de las vecinas hermandades de <strong>la Carreter\u00eda y el Baratillo<\/strong> para despedirse antes de abandonar el barrio seis d\u00edas.<\/p>\n<p class=\"voc-p\" style=\"\">Pese a que el ritmo fue m\u00e1s lento del previsto, hubo tramos en que la hermandad debi\u00f3 discurrir con una mayor celeridad para <strong>interferir lo m\u00ednimo posible en el tr\u00e1fico<\/strong>, como a la hora de atravesar desde Reyes Cat\u00f3licos y el Paseo Col\u00f3n hasta el puente, labor que realizada en poco m\u00e1s de diez minutos.<\/p>\n<p>\nRecibimiento en Triana\n<\/p>\n<p class=\"voc-p\" style=\"\">Ca\u00eda la tarde por la ribera del Guadalquivir cuando el reguero de cirios de las Aguas se extend\u00eda por el puente para alcanzar el barrio de Triana. <strong>El viejo arrabal los esperaba en el Altozano<\/strong>, en la capillita del Carmen del Puente, dando la bienvenida a la hermandad de las Aguas al que durante dos centurias hab\u00eda sido su margen del r\u00edo. Las im\u00e1genes, que nunca llegaron a recibir culto en Triana, s\u00f3lo hab\u00edan estado una vez en el barrio, durante los fastos del 250 aniversario. Pero esta vez todo era diferente, mucho m\u00e1s especial.<\/p>\n<p><img decoding=\"async\" loading=\"lazy\" src=\"https:\/\/www.europesays.com\/es\/wp-content\/uploads\/2025\/09\/aguas-cristo-traslado-U23374858785ijT-760x427@diario_abc.jpeg\" class=\"voc-img\" width=\"760\" height=\"427\" alt=\"El Cristo de las Aguas saliendo de su capilla a hombros de sus hemanos\" data-voc-vtm-id=\"in-text-traffic\"\/><\/p>\n<p>El Cristo de las Aguas saliendo de su capilla a hombros de sus hemanos<\/p>\n<p>Manuel Olmedo<\/p>\n<p class=\"voc-p\" style=\"\">Ambos titulares entraron en la <strong>parroquia de la O<\/strong>, en cuyo interior se rez\u00f3 itra de las estaciones. El ritmo era cada vez m\u00e1s lento cuando ya la noche cerrada se hab\u00eda echado sobre las calles Procurador y Alfarer\u00eda. Aun en las estrecheces se pod\u00eda seguir el traslado con mucha tranquilidad, ya que <strong>no hubo grandes aglomeraciones<\/strong> de p\u00fablico en ning\u00fan momento.<\/p>\n<p>\nDe vuelta en casa\n<\/p>\n<p class=\"voc-p\" style=\"\">Unos minutos antes de la entrada, <strong>la Estrella<\/strong> fue la \u00faltima corporaci\u00f3n en recibir en su capilla a las im\u00e1genes de la <strong>hermandad con la que lleg\u00f3 a compartir templo y jornada de salida<\/strong> en Semana Santa. Las actuales im\u00e1genes se colocaron frente a la dolorosa trianera como tantas veces lo estuvieron los primitivos titulares, vivi\u00e9ndose emotivos momentos para el recuerdo.<\/p>\n<p class=\"voc-p\" style=\"\">La m\u00fasica de capilla amenizaba la noche cuaresmal en pleno septiembre. Tras el crucificado de Illanes figuraban <strong>los diez hermanos m\u00e1s antiguos<\/strong> de la hermandad, los m\u00e1s cercanos a <strong>haber vivido esas Aguas de Triana<\/strong> que serpentearon buscando un meandro del Guadalquivir que los alej\u00f3 del viejo arrabal. Todos ellos entraron tras el Cristo de las Aguas en el atrio de la que hoy es parroquia y condujeron a sus titulares hasta el presbiterio del templo, donde los recibi\u00f3 el p\u00e1rroco, cerr\u00e1ndose as\u00ed un exilio que ha durado toda una vida.<\/p>\n<p class=\"voc-p\" style=\"\">En San Jacinto permanecer\u00e1n las im\u00e1genes <strong>hasta el pr\u00f3ximo viernes 19<\/strong>, cuando se celebrar\u00e1 la funci\u00f3n conmemorativa del 275 aniversario antes de la vuelta a la capilla del Rosario en su actual barrio del Arenal sobre su paso en una <strong>procesi\u00f3n extraordinaria<\/strong> que se prev\u00e9 multitudinaria. Al fin y al cabo, no todos los d\u00edas se reencuentra uno con su historia.<\/p>\n","protected":false},"excerpt":{"rendered":"El 29 de octubre de 1942, los hermanos de las Aguas recibieron el mayor golpe de los 275&hellip;\n","protected":false},"author":2,"featured_media":113421,"comment_status":"","ping_status":"","sticky":false,"template":"","format":"standard","meta":{"footnotes":""},"categories":[8],"tags":[616,17,18,500,16112,25,24,13,14,11,25574,38390,19,20,9,10,15,16,2799,2596,2228,23,12,21,22],"class_list":{"0":"post-113420","1":"post","2":"type-post","3":"status-publish","4":"format-standard","5":"has-post-thumbnail","7":"category-espana","8":"tag-aguas","9":"tag-breaking-news","10":"tag-breakingnews","11":"tag-cierra","12":"tag-decadas","13":"tag-es","14":"tag-espana","15":"tag-featured-news","16":"tag-featurednews","17":"tag-headlines","18":"tag-herida","19":"tag-jacinto","20":"tag-latest-news","21":"tag-latestnews","22":"tag-news","23":"tag-noticias","24":"tag-noticias-destacadas","25":"tag-noticiasdestacadas","26":"tag-ocho","27":"tag-regreso","28":"tag-san","29":"tag-spain","30":"tag-titulares","31":"tag-ultimas-noticias","32":"tag-ultimasnoticias"},"share_on_mastodon":{"url":"","error":""},"_links":{"self":[{"href":"https:\/\/www.europesays.com\/es\/wp-json\/wp\/v2\/posts\/113420","targetHints":{"allow":["GET"]}}],"collection":[{"href":"https:\/\/www.europesays.com\/es\/wp-json\/wp\/v2\/posts"}],"about":[{"href":"https:\/\/www.europesays.com\/es\/wp-json\/wp\/v2\/types\/post"}],"author":[{"embeddable":true,"href":"https:\/\/www.europesays.com\/es\/wp-json\/wp\/v2\/users\/2"}],"replies":[{"embeddable":true,"href":"https:\/\/www.europesays.com\/es\/wp-json\/wp\/v2\/comments?post=113420"}],"version-history":[{"count":0,"href":"https:\/\/www.europesays.com\/es\/wp-json\/wp\/v2\/posts\/113420\/revisions"}],"wp:featuredmedia":[{"embeddable":true,"href":"https:\/\/www.europesays.com\/es\/wp-json\/wp\/v2\/media\/113421"}],"wp:attachment":[{"href":"https:\/\/www.europesays.com\/es\/wp-json\/wp\/v2\/media?parent=113420"}],"wp:term":[{"taxonomy":"category","embeddable":true,"href":"https:\/\/www.europesays.com\/es\/wp-json\/wp\/v2\/categories?post=113420"},{"taxonomy":"post_tag","embeddable":true,"href":"https:\/\/www.europesays.com\/es\/wp-json\/wp\/v2\/tags?post=113420"}],"curies":[{"name":"wp","href":"https:\/\/api.w.org\/{rel}","templated":true}]}}