{"id":113422,"date":"2025-09-14T01:48:07","date_gmt":"2025-09-14T01:48:07","guid":{"rendered":"https:\/\/www.europesays.com\/es\/113422\/"},"modified":"2025-09-14T01:48:07","modified_gmt":"2025-09-14T01:48:07","slug":"el-novas-ya-manda-un-recado-en-el-arranque-de-primera-nacional","status":"publish","type":"post","link":"https:\/\/www.europesays.com\/es\/113422\/","title":{"rendered":"El Nov\u00e1s ya manda un recado en el arranque de Primera Nacional"},"content":{"rendered":"<p class=\"paragraph-atom &#10;        B-500-300-700-N B-550-300-700-N--md  \">El Valinox Nov\u00e1s apunta a cerrar la primera jornada de la temporada de su retorno a Primera Nacional como l\u00edder tras lograr ayer una victoria m\u00e1s que contundente en el pabell\u00f3n de O Rosal ante el Ciudad de Tacoronte canario (36-20). Esos 16 goles de renta deben servir para que cuando hoy se cierre el cap\u00edtulo inicial de la temporada los hombres de Guillermo Artime confirmen con su posicionamiento en lo m\u00e1s alto su esperado papel de favoritos. Los isle\u00f1os apenas aguantaron diez minutos el ritmo de los locales. El despegue fue continuo con las tareas ofensivas muy repartidas, siendo los m\u00e1ximos realizadores Bruno V\u00e1zquez y Diego Prada, con seis tantos por cabeza.<\/p>\n<p class=\"paragraph-atom &#10;        B-500-300-700-N B-550-300-700-N--md  \">Tambi\u00e9n comenz\u00f3 con una victoria en casa y ante un rival canario, en este caso el Ingenio, el Reconquista de Vigo, aunque en su caso hubo que sudar los dos puntos hasta el \u00faltimo segundo (34-33). En un duelo con m\u00e1s virtudes ofensivas que defensivas, el marcador entr\u00f3 en los diez \u00faltimos minutos igualado (25-25). Todo parec\u00eda decantado cuando, con poco m\u00e1s de dos minutos por jugar, Nacho Costas pon\u00eda a los locales con tres goles de renta (32-29) justo tras la tercera exclusi\u00f3n del visitante Michael Mart\u00edn. Pero los canarios recortaron para ponerse a un solo tanto (32-31 y 33-32) hasta que otro tanto de Costas dio margen a falta de menos de medio minutos. El tanto final del Ingenio ya no sirvi\u00f3 de nada. <\/p>\n<p class=\"paragraph-atom &#10;        B-500-300-700-N B-550-300-700-N--md  \">Peor suerte corrieron en sus debuts de la temporada tanto el Saeplast Ca\u00f1iza, que cay\u00f3 en casa ante el Lal\u00edn (24-26), como el Porri\u00f1o, que cedi\u00f3 como visitante contra el Teucro (31-24). Hoy (13:00), Luceros-Carballal en O Gata\u00f1al.<\/p>\n","protected":false},"excerpt":{"rendered":"El Valinox Nov\u00e1s apunta a cerrar la primera jornada de la temporada de su retorno a Primera Nacional&hellip;\n","protected":false},"author":2,"featured_media":113423,"comment_status":"","ping_status":"","sticky":false,"template":"","format":"standard","meta":{"footnotes":""},"categories":[278],"tags":[9250,376,168,25,24,375,11787,32641,1078,29446,23,167],"class_list":{"0":"post-113422","1":"post","2":"type-post","3":"status-publish","4":"format-standard","5":"has-post-thumbnail","7":"category-balonmano","8":"tag-arranque","9":"tag-balonmano","10":"tag-deportes","11":"tag-es","12":"tag-espana","13":"tag-handball","14":"tag-manda","15":"tag-novas","16":"tag-primera","17":"tag-recado","18":"tag-spain","19":"tag-sports"},"share_on_mastodon":{"url":"","error":""},"_links":{"self":[{"href":"https:\/\/www.europesays.com\/es\/wp-json\/wp\/v2\/posts\/113422","targetHints":{"allow":["GET"]}}],"collection":[{"href":"https:\/\/www.europesays.com\/es\/wp-json\/wp\/v2\/posts"}],"about":[{"href":"https:\/\/www.europesays.com\/es\/wp-json\/wp\/v2\/types\/post"}],"author":[{"embeddable":true,"href":"https:\/\/www.europesays.com\/es\/wp-json\/wp\/v2\/users\/2"}],"replies":[{"embeddable":true,"href":"https:\/\/www.europesays.com\/es\/wp-json\/wp\/v2\/comments?post=113422"}],"version-history":[{"count":0,"href":"https:\/\/www.europesays.com\/es\/wp-json\/wp\/v2\/posts\/113422\/revisions"}],"wp:featuredmedia":[{"embeddable":true,"href":"https:\/\/www.europesays.com\/es\/wp-json\/wp\/v2\/media\/113423"}],"wp:attachment":[{"href":"https:\/\/www.europesays.com\/es\/wp-json\/wp\/v2\/media?parent=113422"}],"wp:term":[{"taxonomy":"category","embeddable":true,"href":"https:\/\/www.europesays.com\/es\/wp-json\/wp\/v2\/categories?post=113422"},{"taxonomy":"post_tag","embeddable":true,"href":"https:\/\/www.europesays.com\/es\/wp-json\/wp\/v2\/tags?post=113422"}],"curies":[{"name":"wp","href":"https:\/\/api.w.org\/{rel}","templated":true}]}}