{"id":113426,"date":"2025-09-14T01:50:08","date_gmt":"2025-09-14T01:50:08","guid":{"rendered":"https:\/\/www.europesays.com\/es\/113426\/"},"modified":"2025-09-14T01:50:08","modified_gmt":"2025-09-14T01:50:08","slug":"donde-y-a-que-hora-ver-en-vivo-noche-ufc-2","status":"publish","type":"post","link":"https:\/\/www.europesays.com\/es\/113426\/","title":{"rendered":"d\u00f3nde y a qu\u00e9 hora ver EN VIVO Noche UFC"},"content":{"rendered":"\n<p>Este <b>s\u00e1bado 13 de septiembre<\/b> regresa la mejor liga de artes marciales mixtas con la <b>Noche UFC 2025<\/b>, y en la <a href=\"https:\/\/www.mediotiempo.com\/mas-deportes\/ufc\/diego-lopes-vs-jean-silva-en-vivo-a-que-hora-y-ver-pelea-ufc-2025\" target=\"_blank\" rel=\"nofollow noopener\"><b>pelea coestelar de la velada<\/b><\/a> tendremos un duelazo en el AT&amp;T Center, cuando <b>David Mart\u00ednez<\/b> se mida ante <b>Rob Font<\/b>.<\/p>\n<p><b>El &#8216;Doctor&#8217; Mart\u00ednez <\/b>buscar\u00e1 su segunda victoria en la <a href=\"https:\/\/www.mediotiempo.com\/mas-deportes\/ufc\/cartelera-completa-ufc-hoy-sabado-13-de-septiembre-horarios-y-donde-ver-peleas\" target=\"_blank\" rel=\"nofollow noopener\"><b>UFC<\/b><\/a> para consolidar su <b>carrera en la divisi\u00f3n Gallo<\/b>, pero tendr\u00e1 que hacerlo ante un enrachado Font; conoce los horarios, <b>canales en vivo<\/b> y pron\u00f3sticos de <b>#RushBet.<\/b><\/p>\n<p>\u00bfC\u00f3mo llegan Rob Font y David Mart\u00ednez?<\/p>\n<p><a href=\"https:\/\/www.mediotiempo.com\/mas-deportes\/mma\/david-martinez-combina-medicina-en-la-unam-con-la-mma\" target=\"_blank\" rel=\"nofollow noopener\"><b>David &#8216;Doctor&#8217; Mart\u00ednez<\/b><\/a> tuvo un <b>debut de ensue\u00f1o en la UFC <\/b>luego de haber <b>conquistado su primera victoria<\/b> tras vencer a <b>Saimon Oliveira<\/b> por la v\u00eda de nocaut en el primer round. Con esta victoria Mart\u00ednez ya tiene un <b>r\u00e9cord de 12 ganados, 1 perdido y 0 empates en su carrera.<\/b><\/p>\n<p>Por otro lado, <b>Rob Font<\/b> conquist\u00f3 su <b>victoria 22<\/b>, y segunda al hilo, tras haber <b>derrotado a Jean Matsumoto<\/b> por decisi\u00f3n dividida en el round tres. Actualmente mantiene r\u00e9cord de 22 ganados, 8 derrotas y 0 empates.<\/p>\n<p>\u00bfA qu\u00e9 hora pelea Rob Font vs. David Mart\u00ednez HOY?<\/p>\n<ul>\n<li><b>Fecha<\/b>: s\u00e1bado 13 de septiembre 2025<\/li>\n<li><b>Horario<\/b>: 18:15 horas (centro de M\u00e9xico, puede variar)<\/li>\n<li><b>Sede<\/b>: AT&amp;T Center, San Antonio, Texas<\/li>\n<\/ul>\n<p>\u00bfD\u00f3nde ver pelea de Rob Font vs. David Mart\u00ednez EN VIVO?<\/p>\n<ul>\n<li><b>Transmisi\u00f3n<\/b>: Fox Sports<\/li>\n<li><b>Streaming<\/b>: Fox Sports Premium, UFC Fight Pass<\/li>\n<\/ul>\n<p>Pron\u00f3sticos<\/p>\n<p><b>#RushBet<\/b> trae para ti los mejores n\u00fameros de apuestas deportivas, y los <b>momios <\/b>de la pelea entre <b>Rob Font vs. David Mart\u00ednez<\/b> van as\u00ed hasta el momento.<\/p>\n<ul>\n<li><b>Rob Font<\/b>: -129<\/li>\n<li><b>David Mart\u00ednez<\/b>: -106<\/li>\n<\/ul>\n<p>Recuerda que los momios van cambiando constantemente, antes y durante la pelea.<\/p>\n","protected":false},"excerpt":{"rendered":"Este s\u00e1bado 13 de septiembre regresa la mejor liga de artes marciales mixtas con la Noche UFC 2025,&hellip;\n","protected":false},"author":2,"featured_media":113427,"comment_status":"","ping_status":"","sticky":false,"template":"","format":"standard","meta":{"footnotes":""},"categories":[276],"tags":[4955,38395,38394,168,25,24,38233,38396,38397,38399,38398,38393,38400,23,167,343],"class_list":{"0":"post-113426","1":"post","2":"type-post","3":"status-publish","4":"format-standard","5":"has-post-thumbnail","7":"category-ufc","8":"tag-david-martinez","9":"tag-david-martinez-pelea-hoy","10":"tag-david-martinez-ufc","11":"tag-deportes","12":"tag-es","13":"tag-espana","14":"tag-noche-ufc-2025","15":"tag-rob-font","16":"tag-rob-font-vs-david-martinez","17":"tag-rob-font-vs-david-martinez-canal","18":"tag-rob-font-vs-david-martinez-donde-ver","19":"tag-rob-font-vs-david-martinez-en-vivo","20":"tag-rob-font-vs-david-martinez-horario","21":"tag-spain","22":"tag-sports","23":"tag-ufc"},"share_on_mastodon":{"url":"","error":""},"_links":{"self":[{"href":"https:\/\/www.europesays.com\/es\/wp-json\/wp\/v2\/posts\/113426","targetHints":{"allow":["GET"]}}],"collection":[{"href":"https:\/\/www.europesays.com\/es\/wp-json\/wp\/v2\/posts"}],"about":[{"href":"https:\/\/www.europesays.com\/es\/wp-json\/wp\/v2\/types\/post"}],"author":[{"embeddable":true,"href":"https:\/\/www.europesays.com\/es\/wp-json\/wp\/v2\/users\/2"}],"replies":[{"embeddable":true,"href":"https:\/\/www.europesays.com\/es\/wp-json\/wp\/v2\/comments?post=113426"}],"version-history":[{"count":0,"href":"https:\/\/www.europesays.com\/es\/wp-json\/wp\/v2\/posts\/113426\/revisions"}],"wp:featuredmedia":[{"embeddable":true,"href":"https:\/\/www.europesays.com\/es\/wp-json\/wp\/v2\/media\/113427"}],"wp:attachment":[{"href":"https:\/\/www.europesays.com\/es\/wp-json\/wp\/v2\/media?parent=113426"}],"wp:term":[{"taxonomy":"category","embeddable":true,"href":"https:\/\/www.europesays.com\/es\/wp-json\/wp\/v2\/categories?post=113426"},{"taxonomy":"post_tag","embeddable":true,"href":"https:\/\/www.europesays.com\/es\/wp-json\/wp\/v2\/tags?post=113426"}],"curies":[{"name":"wp","href":"https:\/\/api.w.org\/{rel}","templated":true}]}}