{"id":113430,"date":"2025-09-14T01:53:16","date_gmt":"2025-09-14T01:53:16","guid":{"rendered":"https:\/\/www.europesays.com\/es\/113430\/"},"modified":"2025-09-14T01:53:16","modified_gmt":"2025-09-14T01:53:16","slug":"el-landismo-tambien-suena-en-navacerrada","status":"publish","type":"post","link":"https:\/\/www.europesays.com\/es\/113430\/","title":{"rendered":"El Landismo tambi\u00e9n sue\u00f1a en Navacerrada"},"content":{"rendered":"<p><a href=\"https:\/\/www.europesays.com\/es\/wp-content\/uploads\/2025\/09\/IMG_0480.jpeg\"><img fetchpriority=\"high\" decoding=\"async\" width=\"1413\" height=\"794\" class=\"aligncenter size-full wp-image-269556\" src=\"https:\/\/www.europesays.com\/es\/wp-content\/uploads\/2025\/09\/IMG_0480.jpeg\" alt=\"\"  \/><\/a><br \/><strong>Mikel Landa ha dejado rastro tambi\u00e9n del Landismo<\/strong> en Navacerrada, en una etapa marcada por la subida al pico m\u00e1s alto de La Vuelta 2025.<\/p>\n<p>Landa ha arrancado el puerto de Navacerrada con 15 segundos de ventaja sobre Ciccone y Bernal, pero poco despu\u00e9s el terceto (que ya ha coincidido en otras fugas) se ha agrupado. Bernal se ha quedado a 8 km de meta, pero el vitoriano ha seguido en cabeza durante cinco kil\u00f3metros m\u00e1s junto al del Lidl Trek.<\/p>\n<p>\t\t\t\t\t\t\tPUBLICIDAD &#8211; SIGUE LEYENDO ABAJO<br \/>\n\t\t\t\t\t\t\t<a rel=\"noreferrer nofollow noopener\" href=\"https:\/\/gasteiz.ika.eus\/?utm_source=gasteizhoy&amp;utm_medium=400x400&amp;utm_campaign=matrikulazio_kanpaina_20252026_iraila\" target=\"_blank\"><br \/>\n\t\t\t\t\t\t\t\t<img decoding=\"async\" width=\"400px\" height=\"400px\" layout=\"responsive\" data-category=\"banner-IKA\" id=\"segundoparr\" class=\"banclick\" src=\"https:\/\/www.europesays.com\/es\/wp-content\/uploads\/2025\/09\/publicidad-segundo-parrafo-57.gif\"\/><br \/>\n\t\t\t\t\t\t\t<\/a><\/p>\n<p>Por detr\u00e1s, los favoritos han ido recortando poco a poco distancias, y Landa ha conseguido llegar el primero justo a la cima de Navacerrada. El problema es que este no era el final de etapa: hab\u00eda que seguir hasta la Bola del mundo tres kil\u00f3metros m\u00e1s por una pista de hormig\u00f3n.<\/p>\n<p>Justo ah\u00ed, en el giro para subir por esa pista, los favoritos han pillado a Landa y Ciccone. El vitoriano no ha dado m\u00e1s de s\u00ed y se ha dejado llevar, para terminar la etapa ya con calma, tras hacer de nuevo so\u00f1ar al Landismo. As\u00ed, ha llegado a poco m\u00e1s de dos minutos del ganador de la etapa y de esta edici\u00f3n de La Vuelta: Jonas Vingeegard.<\/p>\n<p>\t\t\t\t\t\tPUBLICIDAD &#8211; SIGUE LEYENDO ABAJO<br \/>\n\t\t\t\t\t\t<a rel=\"noreferrer nofollow noopener\" href=\"https:\/\/www.hyundai.es\/concesionarios\/autolasa\" target=\"_blank\"><br \/>\n\t\t\t\t\t\t\t<img decoding=\"async\" width=\"400px\" height=\"400px\" layout=\"responsive\" data-category=\"banner-Hyundai-autolasa\" id=\"quintoparr\" class=\"banclick\" src=\"https:\/\/www.europesays.com\/es\/wp-content\/uploads\/2025\/08\/publicidad-quinto-parrafo-32.gif\"\/><br \/>\n\t\t\t\t\t\t<\/a><\/p>\n","protected":false},"excerpt":{"rendered":"Mikel Landa ha dejado rastro tambi\u00e9n del Landismo en Navacerrada, en una etapa marcada por la subida al&hellip;\n","protected":false},"author":2,"featured_media":113431,"comment_status":"","ping_status":"","sticky":false,"template":"","format":"standard","meta":{"footnotes":""},"categories":[273],"tags":[313,312,168,25,24,23,167],"class_list":{"0":"post-113430","1":"post","2":"type-post","3":"status-publish","4":"format-standard","5":"has-post-thumbnail","7":"category-ciclismo","8":"tag-ciclismo","9":"tag-cycling","10":"tag-deportes","11":"tag-es","12":"tag-espana","13":"tag-spain","14":"tag-sports"},"share_on_mastodon":{"url":"","error":""},"_links":{"self":[{"href":"https:\/\/www.europesays.com\/es\/wp-json\/wp\/v2\/posts\/113430","targetHints":{"allow":["GET"]}}],"collection":[{"href":"https:\/\/www.europesays.com\/es\/wp-json\/wp\/v2\/posts"}],"about":[{"href":"https:\/\/www.europesays.com\/es\/wp-json\/wp\/v2\/types\/post"}],"author":[{"embeddable":true,"href":"https:\/\/www.europesays.com\/es\/wp-json\/wp\/v2\/users\/2"}],"replies":[{"embeddable":true,"href":"https:\/\/www.europesays.com\/es\/wp-json\/wp\/v2\/comments?post=113430"}],"version-history":[{"count":0,"href":"https:\/\/www.europesays.com\/es\/wp-json\/wp\/v2\/posts\/113430\/revisions"}],"wp:featuredmedia":[{"embeddable":true,"href":"https:\/\/www.europesays.com\/es\/wp-json\/wp\/v2\/media\/113431"}],"wp:attachment":[{"href":"https:\/\/www.europesays.com\/es\/wp-json\/wp\/v2\/media?parent=113430"}],"wp:term":[{"taxonomy":"category","embeddable":true,"href":"https:\/\/www.europesays.com\/es\/wp-json\/wp\/v2\/categories?post=113430"},{"taxonomy":"post_tag","embeddable":true,"href":"https:\/\/www.europesays.com\/es\/wp-json\/wp\/v2\/tags?post=113430"}],"curies":[{"name":"wp","href":"https:\/\/api.w.org\/{rel}","templated":true}]}}