{"id":113432,"date":"2025-09-14T01:55:10","date_gmt":"2025-09-14T01:55:10","guid":{"rendered":"https:\/\/www.europesays.com\/es\/113432\/"},"modified":"2025-09-14T01:55:10","modified_gmt":"2025-09-14T01:55:10","slug":"el-hestia-menorca-se-presenta-a-la-aficion-ante-el-joventut","status":"publish","type":"post","link":"https:\/\/www.europesays.com\/es\/113432\/","title":{"rendered":"El Hestia Menorca se presenta a la afici\u00f3n ante el Joventut"},"content":{"rendered":"<p>Caras nuevas, rival de enjundia y ambiente inmejorable. <strong>El <a href=\"https:\/\/www.menorca.info\/etiqueta\/Hestia+Menorca.html?utm_source=Inline-tag&amp;utm_medium=internal\" rel=\"nofollow noopener\" target=\"_blank\">Hestia Menorca<\/a> dio inicio a la pretemporada con la quinta edici\u00f3n del Ciutat de Ma\u00f3.<\/strong> El invitado era el Joventut de Badalona de un Ricky Rubio que empieza a entonarse y ameniz\u00f3 la tarde en el Pavell\u00f3 Menorca con un aut\u00e9ntico recital de asistencias.<\/p>\n<p>Nueva era<\/p>\n<p>El primer quinteto del nuevo proyecto de Javi Zamora se inclin\u00f3 por la experiencia en la Isla y una clara apuesta por el small ball. Y es que <strong>el t\u00e9cnico madrile\u00f1o aline\u00f3 de primeras a Figueras, Arteaga y Molins,<\/strong> los tres \u00fanicos supervivientes del pasado curso \u2014a excepci\u00f3n de un lesionado Cone\u2014, junto a los reci\u00e9n incorporados Littleson y Sola.<\/p>\n<p><img loading=\"lazy\" decoding=\"async\" src=\"https:\/\/www.europesays.com\/es\/wp-content\/uploads\/2025\/09\/3472979.jpg\" border=\"0\" alt=\"\" width=\"2048\" height=\"1365\"\/>&#13;<br \/>\nLittleson. | Paco Sturla&#13;<\/p>\n<p>Con el primer intento de Dekker desde el 6,75 para dentro, Littleson ya dejaba entrever su talento ofensivo con una fant\u00e1stica r\u00e9plica en su primer lanzamiento. Aunque algo negado en los tiros inmediatamente posteriores, <strong>el exCantabria hizo gala de su capacidad anotadora (19 puntos)<\/strong> en su primera aparici\u00f3n como jugador del Hestia. Para m\u00e1s inri, lo hizo en condici\u00f3n de capit\u00e1n, algo meramente circunstancial.<\/p>\n<p>Sin embargo, sus compa\u00f1eros no podr\u00edan igualar el nivel ofrecido por el estadounidense frente a los de Dani Miret.<\/p>\n<p>Diferencia evidente<\/p>\n<p><strong>La Penya, un conjunto mucho m\u00e1s rodado con cuatro encuentros a sus espaldas<\/strong>, dej\u00f3 al descubierto las carencias propias de un equipo con apenas una semana de entrenamientos en sus piernas y mucho tiempo por delante para construir un bloque. En definitiva, algo completamente normal a estas alturas de la pretemporada, en que se empiezan a entablar nuevas relaciones dentro del grupo y se adquieren los principios b\u00e1sicos del estilo de juego.<\/p>\n<p><img loading=\"lazy\" decoding=\"async\" src=\"https:\/\/www.europesays.com\/es\/wp-content\/uploads\/2025\/09\/3472977.jpg\" border=\"0\" alt=\"\" width=\"2048\" height=\"1365\"\/>&#13;<br \/>\nSola. | Paco Sturla&#13;<\/p>\n<p>El primer cuarto sirvi\u00f3 para observar una<strong> clara diferencia entre la intensidad de un equipo y otro<\/strong> a partir de un aspecto al que Javi Zamora otorga una importancia vital a lo largo de la temporada: el rebote. Sin ir m\u00e1s lejos, un Joventut a medio gas doblaba en capturas al Hestia Menorca en el intermedio: 26 rebotes verdinegros por los 13 insulares.<\/p>\n<p>Al mismo tiempo, se produc\u00eda una nota positiva para el cuadro local: <strong>el joven Izan Pons, canterano del CD Alc\u00e1zar, pero en din\u00e1mica con el equipo radicado en Bintalfa<\/strong> durante estos primeros d\u00edas de la pretemporada, realizaba su debut con la camiseta blanca gozando de algunos minutos frente a todo un equipo ACB.<\/p>\n<p>Equiparaci\u00f3n de fuerzas<\/p>\n<p>A ra\u00edz de la<strong> bajada de intensidad tras el descanso por parte de la escuadra de Badalona,<\/strong> el Hestia mostr\u00f3 otra energ\u00eda y arranc\u00f3 de la mejor forma posible con un 2+1 de Nico Galette.<\/p>\n<p>El estadounidense, que est\u00e1 llamado a ser una pieza importante, respond\u00eda as\u00ed a la demanda de intensidad que le imploraba Zamora en\u00e9rgicamente en un lance del segundo cuarto. Y <strong>el debutante contagiaba as\u00ed al resto de sus compa\u00f1eros<\/strong>, en especial a un Wembi que empez\u00f3 a encadenar sus primeros puntos en la pintura coincidiendo con el mejor momento de los locales en el choque.<\/p>\n<p>Un primer test exigente y del que se pueden extraer pocas conclusiones t\u00e1cticas, pero en el que Javi Zamora y los suyos <strong>han empezado compitiendo con la cabeza alta y deben seguir trabajando en la direcci\u00f3n indicada.<\/strong><\/p>\n<p>        Ficha t\u00e9cnica        <\/p>\n<p>                        H. MENORCA (58) &#8211; JOVENTUT (87)<\/p>\n<p>        El apunte        <\/p>\n<p>                        Susto por un golpe de calor en la grada<\/p>\n","protected":false},"excerpt":{"rendered":"Caras nuevas, rival de enjundia y ambiente inmejorable. El Hestia Menorca dio inicio a la pretemporada con la&hellip;\n","protected":false},"author":2,"featured_media":113433,"comment_status":"","ping_status":"","sticky":false,"template":"","format":"standard","meta":{"footnotes":""},"categories":[269],"tags":[299,13146,298,168,25,24,4078,3917,23,167],"class_list":{"0":"post-113432","1":"post","2":"type-post","3":"status-publish","4":"format-standard","5":"has-post-thumbnail","7":"category-baloncesto","8":"tag-baloncesto","9":"tag-baloncesto-en-menorca","10":"tag-basketball","11":"tag-deportes","12":"tag-es","13":"tag-espana","14":"tag-hestia-menorca","15":"tag-primera-feb","16":"tag-spain","17":"tag-sports"},"share_on_mastodon":{"url":"","error":""},"_links":{"self":[{"href":"https:\/\/www.europesays.com\/es\/wp-json\/wp\/v2\/posts\/113432","targetHints":{"allow":["GET"]}}],"collection":[{"href":"https:\/\/www.europesays.com\/es\/wp-json\/wp\/v2\/posts"}],"about":[{"href":"https:\/\/www.europesays.com\/es\/wp-json\/wp\/v2\/types\/post"}],"author":[{"embeddable":true,"href":"https:\/\/www.europesays.com\/es\/wp-json\/wp\/v2\/users\/2"}],"replies":[{"embeddable":true,"href":"https:\/\/www.europesays.com\/es\/wp-json\/wp\/v2\/comments?post=113432"}],"version-history":[{"count":0,"href":"https:\/\/www.europesays.com\/es\/wp-json\/wp\/v2\/posts\/113432\/revisions"}],"wp:featuredmedia":[{"embeddable":true,"href":"https:\/\/www.europesays.com\/es\/wp-json\/wp\/v2\/media\/113433"}],"wp:attachment":[{"href":"https:\/\/www.europesays.com\/es\/wp-json\/wp\/v2\/media?parent=113432"}],"wp:term":[{"taxonomy":"category","embeddable":true,"href":"https:\/\/www.europesays.com\/es\/wp-json\/wp\/v2\/categories?post=113432"},{"taxonomy":"post_tag","embeddable":true,"href":"https:\/\/www.europesays.com\/es\/wp-json\/wp\/v2\/tags?post=113432"}],"curies":[{"name":"wp","href":"https:\/\/api.w.org\/{rel}","templated":true}]}}