{"id":113434,"date":"2025-09-14T01:56:13","date_gmt":"2025-09-14T01:56:13","guid":{"rendered":"https:\/\/www.europesays.com\/es\/113434\/"},"modified":"2025-09-14T01:56:13","modified_gmt":"2025-09-14T01:56:13","slug":"el-calvario-de-laporte-para-fichar-por-el-athletic","status":"publish","type":"post","link":"https:\/\/www.europesays.com\/es\/113434\/","title":{"rendered":"El calvario de Laporte para fichar por el Athletic"},"content":{"rendered":"<p>\n        <strong>Aymeric Laporte<\/strong> (Agen, 27-V-1994) se convirti\u00f3 por sorpresa en el gran protagonista de la tarde en San Mam\u00e9s. Despu\u00e9s de ver el partido desde la grada, <strong>el central baj\u00f3 al c\u00e9sped al t\u00e9rmino del encuentro<\/strong> acompa\u00f1ado de su mujer y sus dos hijos para reencontrase con la parroquia rojiblanca, un momento emotivo que dio paso despu\u00e9s a su presentaci\u00f3n como nuevo jugador del Athletic tras respirar aliviado el jueves al <a href=\"https:\/\/www.deia.eus\/athletic\/2025\/09\/11\/oficial-laporte-firma-2028-athletic-10074262.html\" title=\"obtener el visto bueno de la FIFA\" class=\"link copy\" rel=\"nofollow noopener\" target=\"_blank\">obtener el visto bueno de la FIFA<\/a> para regresar a Bilbao procedente del Al Nassr.\u00a0\n<\/p>\n<p class=\"article-body__text \">\n        Puso voz a sus sentimientos ante los medios de comunicaci\u00f3n Laporte, quien<strong> pos\u00f3 con el presidente Jon Uriarte y Jos\u00e9 \u00c1ngel Iribar <\/strong>para los medios gr\u00e1ficos, con Jon Berasategi y otros dos directivos sentados en primera fila, antes de comenzar a relatar la cronolog\u00eda de un culebr\u00f3n con final feliz. \u201cHa sido un proceso muy largo, incluso yo pensaba que iba a ser un poco m\u00e1s r\u00e1pido o eso quer\u00eda. Al final estoy aqu\u00ed muy agradecido a la directiva y a toda la gente que me ha arropado y <strong>ahora falta lo bueno, empezar con el equipo\u201d,<\/strong> expuso de entrada el de Agen, quien confes\u00f3 que \u201che pasado momentos dif\u00edciles y no lo ve\u00eda tan claro por momentos, pero estoy muy feliz de estar aqu\u00ed\u201d.\n<\/p>\n<p>            <a href=\"https:\/\/www.deia.eus\/athletic\/2025\/09\/13\/alegar-derbi-alaves-10080769.html\" title=\"Nada que alegar en el derbi ante el Alav\u00e9s\" class=\"new__media\" rel=\"nofollow noopener\" target=\"_blank\"><\/p>\n<p>                <img alt=\"Nada que alegar en el derbi ante el Alav\u00e9s\" data-src=\"https:\/\/www.europesays.com\/es\/wp-content\/uploads\/2025\/09\/3f7df416-5ab0-4156-8f32-448d54eac915_16-9-aspect-ratio_default_0.jpg\" class=\"lozad\"\/><\/p>\n<p>        <\/a><\/p>\n<p>        <a href=\"https:\/\/www.deia.eus\/athletic\/2025\/09\/13\/alegar-derbi-alaves-10080769.html\" title=\"Nada que alegar en el derbi ante el Alav\u00e9s\" class=\"new__headline\" rel=\"nofollow noopener\" target=\"_blank\"><br \/>\n            Nada que alegar en el derbi ante el Alav\u00e9s<br \/>\n        <\/a><\/p>\n<p class=\"article-body__text \">\n        <strong>\u201cCuando empezamos a hablar con el Al Nassr transmit\u00ed mi intenci\u00f3n de volver al Athletic,<\/strong> mi \u00fanico objetivo en este mercado de verano. Les dije que no iba a mirar otros equipos y <strong>me dijeron que otros clubes estaban dispuestos a pagar cantidades grandes<\/strong> para que mi fichaje se pudiese dar. Al Nassr buscaba rendimiento econ\u00f3mico, pero mi objetivo nada ten\u00eda que ver. Hasta final del mercado estuvimos en esa tesitura y creo que por eso tuvimos que llegar a estas alturas\u201d, indic\u00f3 Laporte, que remarc\u00f3 respecto a su inquebrantable decisi\u00f3n de volver al Athletic que \u201chace dos a\u00f1os cuando fich\u00e9 por Al Nassr tambi\u00e9n ten\u00eda la intenci\u00f3n de volver. El esfuerzo que se requer\u00eda entonces era muy importante y entend\u00eda que el Athletic no lo pod\u00eda asumir. Lleg\u00f3 esa oferta del Al Nassr, que igual que esta vez, el Manchester City prefiri\u00f3 la oferta mayor y as\u00ed fue\u201d.\n<\/p>\n<p class=\"article-body__text \">\n        La diferencia, en esta ocasi\u00f3n, radica en que \u201cteniendo claro que solo ten\u00eda un a\u00f1o m\u00e1s de contrato ahora y no dos como con el City entonces,<strong> sab\u00eda que esta vez pod\u00eda llegar a un acuerdo <\/strong>como as\u00ed se ha dado\u201d. Respecto a su no inscripci\u00f3n en el cierre del mercado de fichajes, Laporte tiene claro que <strong>\u201cyo hice mi parte, que fue acordar con el Athletic y Al Nassr. <\/strong>A partir de ah\u00ed estaba a la espera de que todo se diese al firmar antes de las 0.00 horas del 1 de septiembre todo lo que ten\u00eda que firmar. <strong>Supongo que FIFA no regala nada a nadie<\/strong> y si se ha dado el visto bueno es por algo. Agradecido en ese sentido, porque si no hubiese sido muy dif\u00edcil para m\u00ed\u201d.\u00a0\n<\/p>\n<p>            <a href=\"https:\/\/www.deia.eus\/athletic\/2025\/09\/13\/notas-aitor-martinez-jauregizar-brillo-10080001.html\" title=\"Las notas de Aitor Mart\u00ednez: Jauregizar, brillo y trabajo\" class=\"new__media\" rel=\"nofollow noopener\" target=\"_blank\"><\/p>\n<p>                <img alt=\"Las notas de Aitor Mart\u00ednez: Jauregizar, brillo y trabajo\" data-src=\"https:\/\/www.europesays.com\/es\/wp-content\/uploads\/2025\/09\/d909a848-c2bf-443b-be14-0702a66a24dd_16-9-aspect-ratio_default_0.jpg\" class=\"lozad\"\/><\/p>\n<p>        <\/a><\/p>\n<p>        <a href=\"https:\/\/www.deia.eus\/athletic\/2025\/09\/13\/notas-aitor-martinez-jauregizar-brillo-10080001.html\" title=\"Las notas de Aitor Mart\u00ednez: Jauregizar, brillo y trabajo\" class=\"new__headline\" rel=\"nofollow noopener\" target=\"_blank\"><br \/>\n            Las notas de Aitor Mart\u00ednez: Jauregizar, brillo y trabajo<br \/>\n        <\/a><\/p>\n<p class=\"article-body__text \">\n        Al conocer la resoluci\u00f3n favorable de la FIFA \u201chubo lloros y poco m\u00e1s. Est\u00e1bamos en familia muy emocionados todos. Mi primer pensamiento fue a ver cu\u00e1ndo pod\u00eda volver a entrenar, porque no me lo cre\u00eda. <strong>Llevaba mucho tiempo esperando, porque mi \u00fanico objetivo era estar aqu\u00ed en el Athletic\u201d. <\/strong>Los d\u00edas previos al final del culebr\u00f3n, no obstante, \u201cfueron muy dif\u00edciles, porque me encontraba en medio de la nada, pero estoy aqu\u00ed y espero olvidar cuanto antes todo lo que ha podido pasar\u201d. Con esa mentalidad, Laporte, que admiti\u00f3 que<strong> en su paso por Arabia Saud\u00ed ha habido \u201cmuchas cosas buenas y muchas malas\u201d, <\/strong>reconoci\u00f3 sobre el esfuerzo econ\u00f3mico que ha tenido que hacer para regresar al Athletic que \u201cno deber\u00edamos hablar de estas cosas, pero s\u00ed es vedad que hay un esfuerzo en ese sentido, porque en Arabia se hacen contratos muy grandes, pero<strong> volver al Athletic no era una cuesti\u00f3n de dinero. <\/strong>Ten\u00eda claro que iba a volver y eso no ha pesado en ning\u00fan momento\u201d.\n<\/p>\n<p>    <a href=\"https:\/\/www.deia.eus\/athletic\/2025\/09\/13\/imagenes-has-san-mames-viendo-10080042.html\" rel=\"nofollow noopener\" target=\"_blank\"><\/p>\n<p>    <img loading=\"lazy\" decoding=\"async\" class=\"lazy-place\" src=\"data:image\/svg+xml,%3Csvg xmlns=&quot;http:\/\/www.w3.org\/2000\/svg&quot; viewBox=&quot;0 0 880 495&quot;%3E%3C\/svg%3E\" height=\"495\" width=\"880\" alt=\"\" style=\"width:100%; height:auto; max-width:100%;\"\/><\/p>\n<p>    <\/a><\/p>\n<p>    <a href=\"https:\/\/www.deia.eus\/athletic\/2025\/09\/13\/imagenes-has-san-mames-viendo-10080042.html\" class=\"article-photo__multimedia\" rel=\"nofollow noopener\" target=\"_blank\"><\/p>\n<p>        52<br \/>\n    <\/a><\/p>\n<p class=\"article-photo__footer\">\n        En im\u00e1genes: \u00bfHas estado en San Mam\u00e9s viendo el Athletic-Alav\u00e9s? B\u00fascate en nuestra galer\u00eda<br \/>\n                    Miguel Acera | Oskar Gonz\u00e1lez\n            <\/p>\n<p>  Inscripci\u00f3n en Champions<\/p>\n<p class=\"article-body__text \">\n        Cuestionado por los plazos marcados para poder entrar en competici\u00f3n, Laporte, que incluy\u00f3 a Jon Berasategi entre las personas a las que mostr\u00f3 su agradecimiento con dificultad para contener las l\u00e1grimas, se\u00f1al\u00f3 que<strong> \u201che estado trabajando y me he puesto en forma lo m\u00e1ximo que he podido. <\/strong><a href=\"https:\/\/www.deia.eus\/tags\/ernesto-valverde\/\" title=\"Ernesto\" class=\"link copy\" rel=\"nofollow noopener\" target=\"_blank\">Ernesto<\/a> va a ir viendo los entrenamientos e iremos viendo las sensaciones poco a poco, pero creo que es m\u00e1s decisi\u00f3n del entrenador que m\u00eda. Yo me encuentro muy bien f\u00edsicamente\u201d.\n<\/p>\n<p class=\"article-body__text \">\n        En cuanto a las posibilidades de terminar siendo <strong>inscrito para la Fase de Liga de la Champions League, <\/strong>el defensor de Agen manifest\u00f3 que <strong>\u201cojal\u00e1 se pueda\u201d. <\/strong>\u201cHa sido un traspaso que se debi\u00f3 dar el 1 de septiembre y espero que la UEFA nos pueda dar esa plaza. Le tocar\u00e1 a la junta directiva y al presidente hablar con ellos para saber si puedo entrar finalmente con el equipo en la competici\u00f3n\u201d, concluy\u00f3.<\/p>\n","protected":false},"excerpt":{"rendered":"Aymeric Laporte (Agen, 27-V-1994) se convirti\u00f3 por sorpresa en el gran protagonista de la tarde en San Mam\u00e9s.&hellip;\n","protected":false},"author":2,"featured_media":113435,"comment_status":"","ping_status":"","sticky":false,"template":"","format":"standard","meta":{"footnotes":""},"categories":[268],"tags":[2182,10182,168,25,24,1035,280,282,2179,281,23,167],"class_list":{"0":"post-113434","1":"post","2":"type-post","3":"status-publish","4":"format-standard","5":"has-post-thumbnail","7":"category-futbol","8":"tag-athletic","9":"tag-calvario","10":"tag-deportes","11":"tag-es","12":"tag-espana","13":"tag-fichar","14":"tag-football","15":"tag-futbol","16":"tag-laporte","17":"tag-soccer","18":"tag-spain","19":"tag-sports"},"share_on_mastodon":{"url":"","error":""},"_links":{"self":[{"href":"https:\/\/www.europesays.com\/es\/wp-json\/wp\/v2\/posts\/113434","targetHints":{"allow":["GET"]}}],"collection":[{"href":"https:\/\/www.europesays.com\/es\/wp-json\/wp\/v2\/posts"}],"about":[{"href":"https:\/\/www.europesays.com\/es\/wp-json\/wp\/v2\/types\/post"}],"author":[{"embeddable":true,"href":"https:\/\/www.europesays.com\/es\/wp-json\/wp\/v2\/users\/2"}],"replies":[{"embeddable":true,"href":"https:\/\/www.europesays.com\/es\/wp-json\/wp\/v2\/comments?post=113434"}],"version-history":[{"count":0,"href":"https:\/\/www.europesays.com\/es\/wp-json\/wp\/v2\/posts\/113434\/revisions"}],"wp:featuredmedia":[{"embeddable":true,"href":"https:\/\/www.europesays.com\/es\/wp-json\/wp\/v2\/media\/113435"}],"wp:attachment":[{"href":"https:\/\/www.europesays.com\/es\/wp-json\/wp\/v2\/media?parent=113434"}],"wp:term":[{"taxonomy":"category","embeddable":true,"href":"https:\/\/www.europesays.com\/es\/wp-json\/wp\/v2\/categories?post=113434"},{"taxonomy":"post_tag","embeddable":true,"href":"https:\/\/www.europesays.com\/es\/wp-json\/wp\/v2\/tags?post=113434"}],"curies":[{"name":"wp","href":"https:\/\/api.w.org\/{rel}","templated":true}]}}