{"id":113436,"date":"2025-09-14T01:57:08","date_gmt":"2025-09-14T01:57:08","guid":{"rendered":"https:\/\/www.europesays.com\/es\/113436\/"},"modified":"2025-09-14T01:57:08","modified_gmt":"2025-09-14T01:57:08","slug":"diane-kruger-copa-todas-las-miradas-del-cadiz-mas-autentico-esto-parece-hollywood","status":"publish","type":"post","link":"https:\/\/www.europesays.com\/es\/113436\/","title":{"rendered":"Diane Kruger copa todas las miradas del C\u00e1diz m\u00e1s aut\u00e9ntico: \u00abEsto parece Hollywood\u00bb"},"content":{"rendered":"<p><img decoding=\"async\" class=\"voc-author__img\" src=\"https:\/\/www.europesays.com\/es\/wp-content\/uploads\/2025\/09\/autor-3828-foto-2.jpeg\" alt=\"Rub\u00e9n L\u00f3pez\"\/><\/p>\n<p>13\/09\/2025<br \/>\n<br \/><strong><br \/>\nActualizado a las 23:08h.<br \/>\n<\/strong><\/p>\n<p class=\"voc-p\" style=\"\">Se hizo de rogar pero mereci\u00f3 la pena. Porque no todos los d\u00edas se est\u00e1 a solo unos metros de una estrella del s\u00e9ptimo arte. Una de esas personas que pisa alfombras rojas, o naranjas caso del South Series gaditano, y que levanta una expectaci\u00f3n enorme all\u00e1 por donde va. <\/p>\n<p class=\"voc-p\" style=\"\">Diane Kruger lleg\u00f3 y triunf\u00f3 en C\u00e1diz. Y lo hizo en uno de los lugares m\u00e1s caracter\u00edsticos y de mayor carisma de la ciudad, el barrio del Bal\u00f3n, la Vi\u00f1a y su <strong>Gran Teatro Falla<\/strong>. M\u00e1s de C\u00e1diz imposible. Porque ver a la alemana pasearse por el &#8216;photocall&#8217; que rodea al templo de los &#8216;ladrillitos coloraos&#8217; no es cualquier cosa. El sitio de las comparsas, las chirigotas y del Carnaval en definitiva, lo es tambi\u00e9n para el arte y para el mundo del cine y por supuesto de las series que engalanan este South Series Festival que sin duda va a m\u00e1s en esta tercera edici\u00f3n. <\/p>\n<p class=\"voc-p\" style=\"\">\u00abEsto parece Hollywood\u00bb, dec\u00eda una gaditana apostada sobre la alfombra naranja cuando Kruger aparec\u00eda, tarde, posando para los medios de comunicaci\u00f3n. Su melena rubia recuerda a la actriz que en su momento encarnara personajes como Helena de Troya en la famosa pel\u00edcula de <strong>Brad Pitt y Eric Bana<\/strong>, o la intr\u00e9pida buscadora de tesoros que sigue los pasos de <strong>Nicolas Cage<\/strong> en La b\u00fasqueda, entre otros \u00e9xitos. <\/p>\n<p class=\"voc-p\" style=\"\">En este caso la alemana presenta en el South Series <strong>&#8216;Peque\u00f1os Desastres&#8217;<\/strong>. Una producci\u00f3n que se estrena el pr\u00f3ximo mes de octubre en la plataforma HBO y en el que un grupo de amigas madres primerizas se desgarra cuando una de ellas es acusada de herir a su beb\u00e9, lo que rompe sus lazos y casi destruye sus familias.<\/p>\n<p class=\"voc-p\" style=\"\">Diane Kruger ha sido la gran protagonista de la alfombra jornada esta segunda jornada del South Series junto al productor <a href=\"https:\/\/www.lavozdigital.es\/provincia\/cadiz\/jose-luis-moreno-meten-basura-espanoles-protegen-20250913130819-ntv.html\" target=\"_self\" data-voc-vtm-id=\"in-text-traffic\" title=\"Jos\u00e9 Luis Moreno\" data-mrf-link=\"www.lavozdigital.es\" rel=\"nofollow noopener\">Jos\u00e9 Luis Moreno<\/a> y una de los trabajos m\u00e1s esperados en esta edici\u00f3n del festival, el documental que recuerda a la c\u00e9lebre Brigitte Bardot y que se puede disfrutar en el Teatro del T\u00edtere. <\/p>\n<p>\nLa curiosidad y autenticidad de los gaditanos\n<\/p>\n<p class=\"voc-p\" style=\"\">Y todo rodeado de una enorme expectaci\u00f3n, mezcla con lo genuino de C\u00e1diz. Seguramente porque trasladar la alfombra naranja del Palacio de Congresos (este a\u00f1o en obras en su interior) al Falla tenga sus pros y sus contras. Puede ser que pierda cierta visibilidad pero no es menos cierto que la enjundia del teatro gaditano no la tiene el edificio ubicado en la Plaza de Sevilla. <\/p>\n<p class=\"voc-p\" style=\"\">Con todo y con esas, m\u00e1s de un vi\u00f1ero, turista y gaditano en general se acercaba a presenciar lo que se cuece en el entorno del Falla. \u00abLa verdad que todo esto es bonito y bueno para C\u00e1diz. Me alegro que se hagan estas cosas porque hablan bien de nuestra ciudad\u00bb, dec\u00eda Mar\u00eda, una gaditana que aguardaba cerca de la escalera de la Facultad de Medicina. <\/p>\n<p class=\"voc-p\" style=\"\">Curiosos que no dudaban en preguntar con sus mejores galas. <strong>\u00abVengo de la procesi\u00f3n de la Virgen de los Desamparados<\/strong> y no sab\u00eda lo que estaba ocurriendo aqu\u00ed\u00ab, reconoce un cofrade con sus mejores galas mientras suena una marcha de Semana Santa en su m\u00f3vil y a la vez varios actores posan a solo unos metros para los medios de comunicaci\u00f3n.<\/p>\n<p class=\"voc-p\" style=\"\"> Y que no falte el amarillo. M\u00e1s de un cadista, reci\u00e9n aterrizado de la victoria de su equipo en Carranza, llegaba al South para curiosear. En definitiva, C\u00e1diz en estado puro para realzar lo que supone un festival con identidad propia y que hace suyo todo lo que le rodea. <\/p>\n<p>Reportar un error<\/p>\n","protected":false},"excerpt":{"rendered":"13\/09\/2025 Actualizado a las 23:08h. Se hizo de rogar pero mereci\u00f3 la pena. Porque no todos los d\u00edas&hellip;\n","protected":false},"author":2,"featured_media":113437,"comment_status":"","ping_status":"","sticky":false,"template":"","format":"standard","meta":{"footnotes":""},"categories":[174],"tags":[255,2493,38401,146,147,25,24,17171,13766,256,1505,38402,5586,18710,3088,23],"class_list":{"0":"post-113436","1":"post","2":"type-post","3":"status-publish","4":"format-standard","5":"has-post-thumbnail","7":"category-famosos","8":"tag-celebrities","9":"tag-copa","10":"tag-diane","11":"tag-entertainment","12":"tag-entretenimiento","13":"tag-es","14":"tag-espana","15":"tag-expectacion","16":"tag-falla","17":"tag-famosos","18":"tag-hollywood","19":"tag-kruger","20":"tag-lleno","21":"tag-miradas","22":"tag-parece","23":"tag-spain"},"share_on_mastodon":{"url":"","error":""},"_links":{"self":[{"href":"https:\/\/www.europesays.com\/es\/wp-json\/wp\/v2\/posts\/113436","targetHints":{"allow":["GET"]}}],"collection":[{"href":"https:\/\/www.europesays.com\/es\/wp-json\/wp\/v2\/posts"}],"about":[{"href":"https:\/\/www.europesays.com\/es\/wp-json\/wp\/v2\/types\/post"}],"author":[{"embeddable":true,"href":"https:\/\/www.europesays.com\/es\/wp-json\/wp\/v2\/users\/2"}],"replies":[{"embeddable":true,"href":"https:\/\/www.europesays.com\/es\/wp-json\/wp\/v2\/comments?post=113436"}],"version-history":[{"count":0,"href":"https:\/\/www.europesays.com\/es\/wp-json\/wp\/v2\/posts\/113436\/revisions"}],"wp:featuredmedia":[{"embeddable":true,"href":"https:\/\/www.europesays.com\/es\/wp-json\/wp\/v2\/media\/113437"}],"wp:attachment":[{"href":"https:\/\/www.europesays.com\/es\/wp-json\/wp\/v2\/media?parent=113436"}],"wp:term":[{"taxonomy":"category","embeddable":true,"href":"https:\/\/www.europesays.com\/es\/wp-json\/wp\/v2\/categories?post=113436"},{"taxonomy":"post_tag","embeddable":true,"href":"https:\/\/www.europesays.com\/es\/wp-json\/wp\/v2\/tags?post=113436"}],"curies":[{"name":"wp","href":"https:\/\/api.w.org\/{rel}","templated":true}]}}