{"id":113438,"date":"2025-09-14T01:59:07","date_gmt":"2025-09-14T01:59:07","guid":{"rendered":"https:\/\/www.europesays.com\/es\/113438\/"},"modified":"2025-09-14T01:59:07","modified_gmt":"2025-09-14T01:59:07","slug":"martin-nova-lanza-en-medellin-la-maloca-un-llamado-urgente-por-el-planeta","status":"publish","type":"post","link":"https:\/\/www.europesays.com\/es\/113438\/","title":{"rendered":"Mart\u00edn Nova lanza en Medell\u00edn La Maloca, un llamado urgente por el planeta"},"content":{"rendered":"<p class=\"loc\">Medell\u00edn, Antioquia<\/p>\n<p>Luego de su lanzamiento en Bogot\u00e1, el empresario, autor y productor de cine <b>Mart\u00edn Nova<\/b> llegar\u00e1 a Medell\u00edn con La Maloca. 15 voces unidas por nuestro planeta, su m\u00e1s reciente obra publicada por la editorial Debate de Penguin Random House. El evento se realizar\u00e1 el pr\u00f3ximo <b>17 de septiembre a las 7:00 p.m.<\/b> en el <b>Sal\u00f3n Humboldt del Jard\u00edn Bot\u00e1nico<\/b>, como parte de la programaci\u00f3n de la <b>Fiesta del Libro y la Cultura<\/b>.<\/p>\n<p>La presentaci\u00f3n contar\u00e1 con un di\u00e1logo entre Nova y <b>Ricardo Sierra<\/b>, presidente de Celsia y lector comprometido con los temas de sostenibilidad. En la conversaci\u00f3n se abordar\u00e1n los temas centrales del libro y se reflexionar\u00e1 sobre c\u00f3mo ciudadanos, empresarios y gobiernos pueden actuar frente a la emergencia clim\u00e1tica y ambiental.<\/p>\n<p>Una maloca literaria para sanar el planeta<\/p>\n<p>La Maloca nace de las reflexiones de Nova durante la pandemia y propone un di\u00e1logo simb\u00f3lico bajo el techo de una maloca amaz\u00f3nica, s\u00edmbolo de sabidur\u00eda ancestral y encuentro colectivo. En este espacio imaginario, el autor re\u00fane a <b>15 voces internacionales<\/b> \u2014entre cient\u00edficos, l\u00edderes ind\u00edgenas, activistas y empresarios\u2014 para debatir y construir soluciones accesibles a los retos globales.<\/p>\n<p>Entre los invitados a esta conversaci\u00f3n se encuentran figuras como <b>Carlos Nobre<\/b>, <b>Christiana Figueres<\/b>, <b>Johan Rockstr\u00f6m<\/b>, <b>Paul Polman<\/b>, <b>Sylvia Earle<\/b> y <b>Wade Davis<\/b>, cuyas perspectivas combinan ciencia, espiritualidad, memoria y acci\u00f3n. La obra invita a los lectores a cuestionar su relaci\u00f3n con la naturaleza y a comprometerse con la defensa de la \u201cKankurwa\u201d, la casa com\u00fan.<\/p>\n<p>\u201cLa Maloca no es solo un libro, es un llamado coral a actuar colectivamente para proteger nuestro planeta. A pesar del momento cr\u00edtico, a\u00fan hay tiempo para cambiar el rumbo si asumimos nuestro rol con decisi\u00f3n\u201d, ha dicho Nova en recientes presentaciones.<\/p>\n<p>Liderazgo ambiental con impacto local<\/p>\n<p>El di\u00e1logo con Ricardo Sierra ser\u00e1 uno de los puntos m\u00e1s destacados del evento en Medell\u00edn. Desde su liderazgo en el sector energ\u00e9tico, Sierra ha promovido transformaciones sostenibles y ser\u00e1 interlocutor clave para aterrizar el mensaje de La Maloca en el contexto colombiano y antioque\u00f1o.<\/p>\n<p>El evento busca promover no solo una conversaci\u00f3n, sino tambi\u00e9n una toma de conciencia colectiva, mostrando c\u00f3mo incluso las peque\u00f1as acciones individuales pueden contribuir a enfrentar el cambio clim\u00e1tico y la p\u00e9rdida de biodiversidad.<\/p>\n<p>El autor: una trayectoria entre cultura, empresa y medioambiente<\/p>\n<p><b>Mart\u00edn Nova<\/b>, nacido en Medell\u00edn en 1978, es administrador de empresas de la Universidad de los Andes, con estudios en mercadeo estrat\u00e9gico (CESA) y un MBA de Kellogg. Fue vicepresidente de Mercadeo del Grupo \u00c9xito (2008\u20132018) y se ha destacado como productor ejecutivo de Colombia, magia salvaje, la pel\u00edcula m\u00e1s vista en la historia del cine colombiano, con 2,5 millones de espectadores.<\/p>\n<p>En el \u00e1mbito editorial, ha publicado t\u00edtulos como Conversaciones con el fantasma, Memorias militares y Leyenda viva. Nova ha logrado consolidar una voz influyente en temas de mercadeo, sostenibilidad, gesti\u00f3n cultural y memoria hist\u00f3rica.<\/p>\n","protected":false},"excerpt":{"rendered":"Medell\u00edn, Antioquia Luego de su lanzamiento en Bogot\u00e1, el empresario, autor y productor de cine Mart\u00edn Nova llegar\u00e1&hellip;\n","protected":false},"author":2,"featured_media":113439,"comment_status":"","ping_status":"","sticky":false,"template":"","format":"standard","meta":{"footnotes":""},"categories":[172],"tags":[224,146,147,25,24,225,23],"class_list":{"0":"post-113438","1":"post","2":"type-post","3":"status-publish","4":"format-standard","5":"has-post-thumbnail","7":"category-libros","8":"tag-books","9":"tag-entertainment","10":"tag-entretenimiento","11":"tag-es","12":"tag-espana","13":"tag-libros","14":"tag-spain"},"share_on_mastodon":{"url":"","error":""},"_links":{"self":[{"href":"https:\/\/www.europesays.com\/es\/wp-json\/wp\/v2\/posts\/113438","targetHints":{"allow":["GET"]}}],"collection":[{"href":"https:\/\/www.europesays.com\/es\/wp-json\/wp\/v2\/posts"}],"about":[{"href":"https:\/\/www.europesays.com\/es\/wp-json\/wp\/v2\/types\/post"}],"author":[{"embeddable":true,"href":"https:\/\/www.europesays.com\/es\/wp-json\/wp\/v2\/users\/2"}],"replies":[{"embeddable":true,"href":"https:\/\/www.europesays.com\/es\/wp-json\/wp\/v2\/comments?post=113438"}],"version-history":[{"count":0,"href":"https:\/\/www.europesays.com\/es\/wp-json\/wp\/v2\/posts\/113438\/revisions"}],"wp:featuredmedia":[{"embeddable":true,"href":"https:\/\/www.europesays.com\/es\/wp-json\/wp\/v2\/media\/113439"}],"wp:attachment":[{"href":"https:\/\/www.europesays.com\/es\/wp-json\/wp\/v2\/media?parent=113438"}],"wp:term":[{"taxonomy":"category","embeddable":true,"href":"https:\/\/www.europesays.com\/es\/wp-json\/wp\/v2\/categories?post=113438"},{"taxonomy":"post_tag","embeddable":true,"href":"https:\/\/www.europesays.com\/es\/wp-json\/wp\/v2\/tags?post=113438"}],"curies":[{"name":"wp","href":"https:\/\/api.w.org\/{rel}","templated":true}]}}