{"id":113445,"date":"2025-09-14T02:04:09","date_gmt":"2025-09-14T02:04:09","guid":{"rendered":"https:\/\/www.europesays.com\/es\/113445\/"},"modified":"2025-09-14T02:04:09","modified_gmt":"2025-09-14T02:04:09","slug":"la-inestabilidad-del-microbioma-intestinal-puede-perjudicar-el-crecimiento-infantil","status":"publish","type":"post","link":"https:\/\/www.europesays.com\/es\/113445\/","title":{"rendered":"La inestabilidad del microbioma intestinal puede perjudicar el crecimiento infantil"},"content":{"rendered":"<p>La desnutrici\u00f3n durante los primeros 1.000 d\u00edas de vida puede ser especialmente perjudicial, provocando da\u00f1os cognitivos y del desarrollo irreversibles a largo plazo, un menor rendimiento escolar, desventajas econ\u00f3micas y consecuencias negativas para la salud. Recientes datos apuntan a que a nivel mundial, 149,2 millones de ni\u00f1os (22%) menores de &#8230;            &#13;\n        <\/p>\n<p> &#13;<br \/>\n&#13;<br \/>\n&#13;<br \/>\n&#13;<\/p>\n<p>La desnutrici\u00f3n durante los primeros 1.000 d\u00edas de vida puede ser especialmente perjudicial, provocando da\u00f1os cognitivos y del desarrollo irreversibles a largo plazo, un menor rendimiento escolar, desventajas econ\u00f3micas y consecuencias negativas para la salud. Recientes datos apuntan a que a nivel mundial, 149,2 millones de ni\u00f1os (22%) menores de 5 a\u00f1os presentan retraso del crecimiento (baja estatura para la edad), mientras que 45,4 millones de ni\u00f1os (6,7%) presentan emaciaci\u00f3n (bajo peso en relaci\u00f3n a la estatura).<\/p>\n<p>A pesar de d\u00e9cadas de investigaci\u00f3n sobre el emaciamiento y el retraso del crecimiento, los mecanismos subyacentes y las intervenciones ampliamente efectivas siguen siendo dif\u00edciles de alcanzar. Ahora, un estudio de la\u00a0Facultad de Medicina de la Universidad de Washington (EEUU),\u00a0en colaboraci\u00f3n con el Instituto Salk y la Universidad de California en San Diego, pretende subsanar esta deficiencia.<\/p>\n<p>Los resultados del trabajo, publicados en la revista &#8216;Cell&#8217;, sugieren una asociaci\u00f3n entre un microbioma intestinal fluctuante, un crecimiento infantil m\u00e1s lento y desnutrici\u00f3n aguda.\u00a0\u00abSabemos que la microbiota intestinal es un importante mediador de la desnutrici\u00f3n\u00bb, afirm\u00f3 el Dr. Mark J. Manary, profesor de Pediatr\u00eda Helene B. Roberson en WashU Medicine, experto internacional en desnutrici\u00f3n y coautor del nuevo estudio. <\/p>\n<p>Para llevar a cabo esta investigaci\u00f3n, se recurri\u00f3 a poblaci\u00f3n infantil de Malawi, manej\u00e1ndose una base de datos de salud p\u00fablica que contiene perfiles gen\u00e9ticos completos de 986 microbios de muestras fecales de ocho ni\u00f1os\u00a0 recolectadas durante casi un a\u00f1o que pueden usarse para estudios futuros para ayudar a predecir, prevenir y tratar la desnutrici\u00f3n.<\/p>\n<p> &#13;<br \/>\n&#13;<\/p>\n<p>Para entender los patrones microbianos asociados con el crecimiento infantil, los investigadores secuenciaron el material gen\u00f3mico de 47 muestras fecales recolectadas durante 11 meses de ocho ni\u00f1os, que previamente hab\u00edan sido inscritos en un ensayo cl\u00ednico que probaba el efecto de los alimentos complementarios a base de legumbres para reducir o revertir la disfunci\u00f3n ent\u00e9rica ambiental, una condici\u00f3n cr\u00f3nica que afecta el intestino delgado y el crecimiento deficiente.<\/p>\n<p>Los ni\u00f1os seleccionados para el estudio ten\u00edan entre 12 y 24 meses de edad y presentaban puntuaciones de longitud para la edad (LAZ), un indicador de crecimiento que compara la estatura de los ni\u00f1os con los promedios esperados para su edad y sexo, con mejoras o empeoramientos.<\/p>\n<p>Los investigadores descubrieron que los ni\u00f1os con un conjunto de genomas microbianos estables (es decir, con una poblaci\u00f3n microbiana sin cambios dr\u00e1sticos) mostraron un mejor crecimiento en comparaci\u00f3n con aquellos con una composici\u00f3n microbiana inestable, lo que sugiere que la estabilidad del microbioma intestinal podr\u00eda ser beneficiosa para el crecimiento infantil. \u00abLa medici\u00f3n de estos cambios podr\u00eda utilizarse para evaluar la salud intestinal\u00bb, seg\u00fan el prof. Manary.<\/p>\n<p>\u00abUna mayor resoluci\u00f3n y precisi\u00f3n en la identificaci\u00f3n de las comunidades microbianas, sus cambios y su actividad podr\u00edan arrojar luz sobre aspectos de la desnutrici\u00f3n que de otro modo ser\u00edan inmensurables, as\u00ed como sobre el papel del microbioma intestinal en su causa\u00bb,\u00a0seg\u00fan el Dr. Kevin Stephenson, coautor principal y profesor adjunto de medicina en WashU Medicine<\/p>\n<p>Al contribuir a la comprensi\u00f3n de c\u00f3mo los cambios en la microbiota intestinal contribuyen directamente a esta afecci\u00f3n, estos investigadores allanan el camino para nuevos m\u00e9todos de diagn\u00f3stico y tratamiento de millones de ni\u00f1os afectados en todo el mundo.<\/p>\n","protected":false},"excerpt":{"rendered":"La desnutrici\u00f3n durante los primeros 1.000 d\u00edas de vida puede ser especialmente perjudicial, provocando da\u00f1os cognitivos y del&hellip;\n","protected":false},"author":2,"featured_media":113446,"comment_status":"","ping_status":"","sticky":false,"template":"","format":"standard","meta":{"footnotes":""},"categories":[92],"tags":[1287,21854,38407,10898,8112,30225,4918,3273,25,24,8733,1634,165,31943,3132,24704,38406,869,38403,15655,38405,3276,38408,38404,3486,789,3385,166,23,8037],"class_list":{"0":"post-113445","1":"post","2":"type-post","3":"status-publish","4":"format-standard","5":"has-post-thumbnail","7":"category-salud","8":"tag-aumenta","9":"tag-bacterias","10":"tag-beneficiosos","11":"tag-comunidad","12":"tag-crecimiento","13":"tag-desequilibrio","14":"tag-desnutricion","15":"tag-efectos","16":"tag-es","17":"tag-espana","18":"tag-evidencia","19":"tag-hay","20":"tag-health","21":"tag-inestabilidad","22":"tag-infantil","23":"tag-intestinal","24":"tag-intestinos","25":"tag-lo","26":"tag-microbioma","27":"tag-microbios","28":"tag-microorganismos","29":"tag-otros","30":"tag-patogenos","31":"tag-perjudicar","32":"tag-provoca","33":"tag-puede","34":"tag-reduce","35":"tag-salud","36":"tag-spain","37":"tag-viven"},"share_on_mastodon":{"url":"","error":""},"_links":{"self":[{"href":"https:\/\/www.europesays.com\/es\/wp-json\/wp\/v2\/posts\/113445","targetHints":{"allow":["GET"]}}],"collection":[{"href":"https:\/\/www.europesays.com\/es\/wp-json\/wp\/v2\/posts"}],"about":[{"href":"https:\/\/www.europesays.com\/es\/wp-json\/wp\/v2\/types\/post"}],"author":[{"embeddable":true,"href":"https:\/\/www.europesays.com\/es\/wp-json\/wp\/v2\/users\/2"}],"replies":[{"embeddable":true,"href":"https:\/\/www.europesays.com\/es\/wp-json\/wp\/v2\/comments?post=113445"}],"version-history":[{"count":0,"href":"https:\/\/www.europesays.com\/es\/wp-json\/wp\/v2\/posts\/113445\/revisions"}],"wp:featuredmedia":[{"embeddable":true,"href":"https:\/\/www.europesays.com\/es\/wp-json\/wp\/v2\/media\/113446"}],"wp:attachment":[{"href":"https:\/\/www.europesays.com\/es\/wp-json\/wp\/v2\/media?parent=113445"}],"wp:term":[{"taxonomy":"category","embeddable":true,"href":"https:\/\/www.europesays.com\/es\/wp-json\/wp\/v2\/categories?post=113445"},{"taxonomy":"post_tag","embeddable":true,"href":"https:\/\/www.europesays.com\/es\/wp-json\/wp\/v2\/tags?post=113445"}],"curies":[{"name":"wp","href":"https:\/\/api.w.org\/{rel}","templated":true}]}}