{"id":113463,"date":"2025-09-14T02:19:14","date_gmt":"2025-09-14T02:19:14","guid":{"rendered":"https:\/\/www.europesays.com\/es\/113463\/"},"modified":"2025-09-14T02:19:14","modified_gmt":"2025-09-14T02:19:14","slug":"el-derbi-chico-para-el-sevilla-atletico","status":"publish","type":"post","link":"https:\/\/www.europesays.com\/es\/113463\/","title":{"rendered":"El derbi chico, para el Sevilla Atl\u00e9tico"},"content":{"rendered":"<br \/>\n<tr>\n<td width=\"*\">    <img decoding=\"async\" src=\"https:\/\/www.europesays.com\/es\/wp-content\/uploads\/2025\/09\/1757816350_85_avatar-md.jpg\" border=\"0\" class=\"d-none d-md-inline-block\" style=\"margin-right:10px;\" alt=\"Jos\u00e9 Antonio Jim\u00e9nez\" title=\"Jos\u00e9 Antonio Jim\u00e9nez\"\/><\/p>\n<p><strong style=\"color:#e43d30\">Jos\u00e9 Antonio Jim\u00e9nez<\/strong> <br \/>13\/09\/2025<\/p>\n<\/td>\n<\/tr>\n<p><strong>Un tanto de Lulo en la primera parte, tras una gran jugada de Oso, le ha dado un trabajado triunfo al Sevilla Atl\u00e9tico ante el Betis Deportivo tras nada menos que 105 minutos de derbi chico<\/strong>. Los nervionenses le han dado la lectura necesaria a la contienda para sumar el primer triunfo de la temporada ante un oponente que ha notado las bajas con las que encaraba el choque.<\/p>\n<p>El b\u00e9tico\u00a0<strong>Forns<\/strong> firmaba el primer disparo de la noche en el minuto 4. Su equipo sumaba posesi\u00f3n ante un Sevilla Atl\u00e9tico c\u00f3modo jugando a verlas venir. <strong>Sosu<\/strong>, de chilena en el 7&#8242;, no estuvo muy lejos del 0-1. Tan cerca como\u00a0<strong>Lulo<\/strong> en el 9&#8242; de subir al marcador el 1-0. Lo impidi\u00f3 <strong>Manu Gonz\u00e1lez<\/strong> con un parad\u00f3n.<\/p>\n<p>Mejoraban los locales con el devenir de los acontecimientos, aunque sin opciones de asustar a la zaga de la tropa de <strong>Javi Medina<\/strong>. Las llegadas m\u00e1s peligrosas la firmaban los b\u00e9ticos, como la de\u00a0<strong>Destiny<\/strong> en el 20&#8242;. Sin embargo, en el 22&#8242;, tras una gran acci\u00f3n de\u00a0<strong>Oso<\/strong>, el 1-0. Pase atr\u00e1s del malague\u00f1o que <strong>Lulo<\/strong> no desaprovechaba para adelantar a los de<strong> Jes\u00fas Galv\u00e1n<\/strong>. Gol validado por el rudimentario VAR de la categor\u00eda tras una largu\u00edsima revisi\u00f3n.<\/p>\n<p>Con el marcador en contra, el <strong>Betis Deportivo<\/strong> busc\u00f3 la igualada. Un 1-1 que en el 36&#8242; evit\u00f3 Alberto Flores tras un disparo de Mawuli. Al descanso, ventaja para el equipo m\u00e1s efectivo en ambas \u00e1reas. <strong>Con Oso como provisional MVP.<\/strong><\/p>\n<p><strong>En la reanudaci\u00f3n, sin cambios, m\u00e1s pelota para los anfitriones.<\/strong> Y es que el Sevilla Atl\u00e9tico manten\u00eda sin agobios la ventaja adquirida en el primer acto. La lesi\u00f3n de <strong>Dani P\u00e9rez<\/strong> era la excusa perfecta para que su entrenador tirase de banquillo en busca en las tablas. <strong>Carlos Reina y Rodrigo Marina, al verde. <\/strong>Apuesta que no mejoraba las prestaciones de los verdiblancos. De hecho, poco falt\u00f3 en el 60&#8242; para que el 2-0 fuera una realidad tras un disparo de Oso<strong>.<\/strong><\/p>\n<p><strong>Ya con Sorroche en el terreno de juego, nada nuevo que contar<\/strong>. El Sevilla Atl\u00e9tico respiraba en el minuto tras un gol anulado por claro fuera de juego de Sosu. El Sevilla Atl\u00e9tico jug\u00f3 al otro f\u00fatbol para ganar merecidamente, con uno m\u00e1s tras la expulsi\u00f3n de Rodrigo Marina y tras una revisi\u00f3n de VAR pedida por el banco b\u00e9tico en el minuto 98, el primer duelo de filiales del presente curso.<\/p>\n<p><strong>Ficha t\u00e9cnica:<\/strong><\/p>\n<p><strong>Sevilla Atl\u00e9tico (1):<\/strong> Alberto Flores, Espi\u00f1eira (Jalade, minuto 70), Iker Mu\u00f1oz, Sergio Mart\u00ednez, David L\u00f3pez (Romero, minuto 79), Lulo, Rivera, Sierra, Collado (Raihani, minuto 85), Oso (Altozano, minuto 85) y \u00c1lex Costa (Sow, minuto 70).<\/p>\n<p><strong>Betis Deportivo (0):<\/strong> Manu Gonz\u00e1lez, Forns, F\u00e9lix Garreta, Mawuli (Sorroche, minuto 61), Dani P\u00e9rez (Carlos Reina, minuto 54), Destiny (Marina, minuto 54), Sosu, Toral (Morante, minuto 68), Nangoro, Kore y Marcos Sol\u00eds (Gismera, minuto 68).<\/p>\n<p><strong>Goles<\/strong>: 1-0, minuto 22: Lulo.<\/p>\n<p><strong>\u00c1rbitro:<\/strong> Ruip\u00e9rez Mar\u00edn (castellano-manchego). Roja para Marina. Amarillas para Dani P\u00e9rez, Nangoro,\u00a0 F\u00e9lix Garreta, Forns y Moreno.<\/p>\n<p><strong>Incidencias:<\/strong> 5.050 espectadores en el recinto de la carretera de Utrera.<\/p>\n<p>\u00a0<\/p>\n<p>La lectura correcta<br \/>\n<img decoding=\"async\" class=\"img-fluid w-100 rounded-bottom\" src=\"https:\/\/www.europesays.com\/es\/wp-content\/uploads\/2025\/09\/derbi-de-filiales.jpg\"\/>                     <\/p>\n<p style=\"text-align: left;\">Un partido de estas caracter\u00edsticas estaba claro que se decidir\u00eda por peque\u00f1os detalles. El derbi chico de este s\u00e1bado, tras un jugad\u00f3n del malague\u00f1o Oso, el mejor de la noche, que Lulo no desaprovech\u00f3 para darle a los suyos el primer triunfo de la temporada.<\/p>\n<p>Muchas caras nuevas<br \/>\n<img decoding=\"async\" class=\"img-fluid w-100 rounded-bottom\" src=\"https:\/\/www.europesays.com\/es\/wp-content\/uploads\/2025\/09\/sevilla-at.jpg\"\/>                     <\/p>\n<p style=\"text-align: left;\">Muchos fueron los jugadores que han disputado este s\u00e1bado su primer duelo de filiales. Chavales sin experiencia y ello ha pesado m\u00e1s en el bando verdiblanco. Tanto sobre el terreno de juego, como en el banco. Jes\u00fas Galv\u00e1n le ha dado al pleito la lectura correcta para superar a los de Javi Medina.<\/p>\n<p>Hasta la bandera&#8230;<br \/>\n<img decoding=\"async\" class=\"img-fluid w-100 rounded-bottom\" src=\"https:\/\/www.europesays.com\/es\/wp-content\/uploads\/2025\/09\/derbi-chico.1.jpg\"\/>                     <\/p>\n<p style=\"text-align: left;\">M\u00e1s de 5000 espectadores se dieron cita en la carretera de Utrera para presenciar el primer derbi chico del curso. La mayor\u00eda sevillistas, aunque tambi\u00e9n se vieron algunas casacas del cuadro de las trece barras en las gradas. En el palco, Jos\u00e9 Mar\u00eda del Nido Carrasco, ausente en los \u00faltimos duelos entre el Sevilla Atl\u00e9tico y el Betis Deportivo, Mat\u00edas Almeyda, Lamela, Caparr\u00f3s&#8230;<\/p>\n","protected":false},"excerpt":{"rendered":"Jos\u00e9 Antonio Jim\u00e9nez 13\/09\/2025 Un tanto de Lulo en la primera parte, tras una gran jugada de Oso,&hellip;\n","protected":false},"author":2,"featured_media":113464,"comment_status":"","ping_status":"","sticky":false,"template":"","format":"standard","meta":{"footnotes":""},"categories":[268],"tags":[168,25,24,280,282,12764,2993,281,23,167],"class_list":{"0":"post-113463","1":"post","2":"type-post","3":"status-publish","4":"format-standard","5":"has-post-thumbnail","7":"category-futbol","8":"tag-deportes","9":"tag-es","10":"tag-espana","11":"tag-football","12":"tag-futbol","13":"tag-sevilla-fc","14":"tag-sevilla-futbol-club","15":"tag-soccer","16":"tag-spain","17":"tag-sports"},"share_on_mastodon":{"url":"","error":""},"_links":{"self":[{"href":"https:\/\/www.europesays.com\/es\/wp-json\/wp\/v2\/posts\/113463","targetHints":{"allow":["GET"]}}],"collection":[{"href":"https:\/\/www.europesays.com\/es\/wp-json\/wp\/v2\/posts"}],"about":[{"href":"https:\/\/www.europesays.com\/es\/wp-json\/wp\/v2\/types\/post"}],"author":[{"embeddable":true,"href":"https:\/\/www.europesays.com\/es\/wp-json\/wp\/v2\/users\/2"}],"replies":[{"embeddable":true,"href":"https:\/\/www.europesays.com\/es\/wp-json\/wp\/v2\/comments?post=113463"}],"version-history":[{"count":0,"href":"https:\/\/www.europesays.com\/es\/wp-json\/wp\/v2\/posts\/113463\/revisions"}],"wp:featuredmedia":[{"embeddable":true,"href":"https:\/\/www.europesays.com\/es\/wp-json\/wp\/v2\/media\/113464"}],"wp:attachment":[{"href":"https:\/\/www.europesays.com\/es\/wp-json\/wp\/v2\/media?parent=113463"}],"wp:term":[{"taxonomy":"category","embeddable":true,"href":"https:\/\/www.europesays.com\/es\/wp-json\/wp\/v2\/categories?post=113463"},{"taxonomy":"post_tag","embeddable":true,"href":"https:\/\/www.europesays.com\/es\/wp-json\/wp\/v2\/tags?post=113463"}],"curies":[{"name":"wp","href":"https:\/\/api.w.org\/{rel}","templated":true}]}}