{"id":113467,"date":"2025-09-14T02:22:22","date_gmt":"2025-09-14T02:22:22","guid":{"rendered":"https:\/\/www.europesays.com\/es\/113467\/"},"modified":"2025-09-14T02:22:22","modified_gmt":"2025-09-14T02:22:22","slug":"geisy-marielys-pena-turbi-publica-mujer-en-victoria","status":"publish","type":"post","link":"https:\/\/www.europesays.com\/es\/113467\/","title":{"rendered":"Geisy Marielys Pe\u00f1a Turb\u00ed publica \u201cMujer en Victoria\u201d"},"content":{"rendered":"<p>(Informaci\u00f3n remitida por la entidad que la firma:)<\/p>\n<p><b>C\u00cdRCULO ROJO.<\/b> \u2013 La escritora dominicana Geisy Marielys Pe\u00f1a Turb\u00ed presenta su primera obra con car\u00e1cter profesional, Mujer en Victoria, un libro que nace<b> del anhelo<\/b> de compartir esperanza, sanar heridas y ofrecer a las mujeres un mensaje de fortaleza y prop\u00f3sito.<\/p>\n<p>Aunque<b> su pasi\u00f3n<\/b> por las letras la acompa\u00f1a desde la infancia, la autora reconoce que este proyecto llevaba m\u00e1s de una d\u00e9cada gest\u00e1ndose. No fue hasta 2024 cuando decidi\u00f3 materializarlo y, en apenas un a\u00f1o, transform\u00f3 en p\u00e1ginas lo que durante a\u00f1os hab\u00eda sido una semilla en su interior.<\/p>\n<p>\u00a0 \u00a0 Una declaraci\u00f3n de intenciones<\/p>\n<p>En sus p\u00e1ginas, Mujer en Victoria se convierte en una invitaci\u00f3n directa a superar miedos, a derribar creencias limitantes y a tomar las riendas del destino. Con una voz <b>honesta y aut\u00e9ntica,<\/b> Pe\u00f1a Turb\u00ed relata sus momentos m\u00e1s vulnerables y los convierte en faro para otras mujeres que se sienten atrapadas en la rutina, el autosabotaje o el estancamiento personal.<\/p>\n<p>\u201cMi objetivo es encender esa chispa que <b>impulse<\/b> a cada lectora a alcanzar lo que se proponga\u201d, afirma la autora. El libro combina su experiencia personal con testimonios <b>cercanos<\/b>, y propone herramientas pr\u00e1cticas para fomentar <b>nuevos h\u00e1bitos y decisiones<\/b> que conduzcan a una vida plena.<\/p>\n<p>\u00a0 \u00a0 Un mensaje universal<\/p>\n<p><b>El p\u00fablico destinatario es amplio:<\/b> desde mujeres j\u00f3venes en busca de identidad hasta adultas que cargan con miedos, frustraciones o heridas no resueltas. Todas tienen cabida en esta obra, cuyo eje central es la fe y la convicci\u00f3n de que cada persona ha venido al mundo con un prop\u00f3sito que debe descubrir y cumplir.<\/p>\n<p>\u00a0 \u00a0 El valor de la victoria interior<\/p>\n<p>El t\u00edtulo no es casual. Para Pe\u00f1a Turb\u00ed, la victoria no se mide en logros externos, sino en la capacidad de transformar la adversidad en aprendizaje y esperanza. \u201cM\u00e1s all\u00e1 de las batallas internas o externas, tenemos <b>el poder de decidir<\/b> c\u00f3mo reaccionar y hacia d\u00f3nde dirigir nuestra vida\u201d, subraya.<\/p>\n<p>En un panorama literario en el que cada vez cobran m\u00e1s fuerza las voces que reivindican el <b>empoderamiento femenino<\/b>, Mujer en Victoria se suma como una propuesta inspiradora, \u00edntima y profundamente humana. Un recordatorio de que, con fe y determinaci\u00f3n, toda mujer puede proclamarse vencedora de su propia historia.<\/p>\n<p>\u00a0 \u00a0 SINOPSIS<\/p>\n<p><b>Mujer en victoria<\/b><\/p>\n<p>Supera tus l\u00edmites y conquista la vida que mereces.<\/p>\n<p>Dentro de ti vive una mujer destinada<b> a vencer, a so\u00f1ar en grande, a sanar heridas profundas<\/b> y a construir una vida de prop\u00f3sito y pasi\u00f3n.<\/p>\n<p><b>Mujer en victoria no es solo un libro<\/b>: es un despertar. Un llamado urgente a dejar atr\u00e1s el miedo y los arrepentimientos, a abrazar tu grandeza y convertir cada ca\u00edda en impulso hacia tu mejor versi\u00f3n.<\/p>\n<p>Geisy Pe\u00f1a Turb\u00ed, con la fuerza de quien ha vivido y conquistado sus propias batallas, te gu\u00eda en <b>este viaje<\/b> de transformaci\u00f3n, disciplina y conquista personal.<\/p>\n<p>Aqu\u00ed encontrar\u00e1s<b> inspiraci\u00f3n, herramientas y estrategias<\/b> para recordar lo que siempre has sido: una guerrera imparable.<\/p>\n<p>Hoy no solo empieza un nuevo cap\u00edtulo.<b> Hoy<\/b> empieza tu reinado.<\/p>\n<p>\u00a0 \u00a0 AUTORA<\/p>\n<p><b>Geisy Marielys Pe\u00f1a Turb\u00ed<\/b> (Rep\u00fablica Dominicana, 1988) es licenciada en Derecho y una apasionada de la escritura. Residente en Madrid desde hace m\u00e1s de una d\u00e9cada, ha sabido integrar su formaci\u00f3n jur\u00eddica con una profunda sensibilidad por el bienestar integral y el empoderamiento femenino.<\/p>\n<p>Madre y mujer resiliente, comparte su <b>visi\u00f3n optimista<\/b> de la vida a trav\u00e9s de palabras que inspiran transformaci\u00f3n y equilibrio.<\/p>\n<p>Contacto: <a href=\"https:\/\/efecomunica.efe.com\/geisy-marielys-pena-turbi-publica-mujer-en-victoria-un-canto-a-la-fe-la-resiliencia-y-el-poder-femenino\/mailto:prensa@editorialcirculorojo.com\" rel=\"nofollow noopener\" target=\"_blank\">prensa@editorialcirculorojo.com<\/a><\/p>\n<p>AGENCIA EFE S.A.U.,S.M.E. no se hace responsable de la informaci\u00f3n que contiene este mensaje y no asume responsabilidad alguna frente a terceros sobre su \u00edntegro contenido, quedando igualmente exonerada de la responsabilidad de la entidad autora de este. Agencia EFE se reserva el derecho a distribuir el comunicado de prensa dentro de la l\u00ednea informativa, o bien a publicarlo en EFE Comunica.<\/p>\n","protected":false},"excerpt":{"rendered":"(Informaci\u00f3n remitida por la entidad que la firma:) C\u00cdRCULO ROJO. \u2013 La escritora dominicana Geisy Marielys Pe\u00f1a Turb\u00ed&hellip;\n","protected":false},"author":2,"featured_media":113468,"comment_status":"","ping_status":"","sticky":false,"template":"","format":"standard","meta":{"footnotes":""},"categories":[172],"tags":[224,146,147,25,24,225,23],"class_list":{"0":"post-113467","1":"post","2":"type-post","3":"status-publish","4":"format-standard","5":"has-post-thumbnail","7":"category-libros","8":"tag-books","9":"tag-entertainment","10":"tag-entretenimiento","11":"tag-es","12":"tag-espana","13":"tag-libros","14":"tag-spain"},"share_on_mastodon":{"url":"","error":""},"_links":{"self":[{"href":"https:\/\/www.europesays.com\/es\/wp-json\/wp\/v2\/posts\/113467","targetHints":{"allow":["GET"]}}],"collection":[{"href":"https:\/\/www.europesays.com\/es\/wp-json\/wp\/v2\/posts"}],"about":[{"href":"https:\/\/www.europesays.com\/es\/wp-json\/wp\/v2\/types\/post"}],"author":[{"embeddable":true,"href":"https:\/\/www.europesays.com\/es\/wp-json\/wp\/v2\/users\/2"}],"replies":[{"embeddable":true,"href":"https:\/\/www.europesays.com\/es\/wp-json\/wp\/v2\/comments?post=113467"}],"version-history":[{"count":0,"href":"https:\/\/www.europesays.com\/es\/wp-json\/wp\/v2\/posts\/113467\/revisions"}],"wp:featuredmedia":[{"embeddable":true,"href":"https:\/\/www.europesays.com\/es\/wp-json\/wp\/v2\/media\/113468"}],"wp:attachment":[{"href":"https:\/\/www.europesays.com\/es\/wp-json\/wp\/v2\/media?parent=113467"}],"wp:term":[{"taxonomy":"category","embeddable":true,"href":"https:\/\/www.europesays.com\/es\/wp-json\/wp\/v2\/categories?post=113467"},{"taxonomy":"post_tag","embeddable":true,"href":"https:\/\/www.europesays.com\/es\/wp-json\/wp\/v2\/tags?post=113467"}],"curies":[{"name":"wp","href":"https:\/\/api.w.org\/{rel}","templated":true}]}}