{"id":113475,"date":"2025-09-14T02:27:07","date_gmt":"2025-09-14T02:27:07","guid":{"rendered":"https:\/\/www.europesays.com\/es\/113475\/"},"modified":"2025-09-14T02:27:07","modified_gmt":"2025-09-14T02:27:07","slug":"espana-lidera-las-infecciones-en-ue-por-candida-auris-un-hongo-resistente-que-se-contagia-en-hospitales","status":"publish","type":"post","link":"https:\/\/www.europesays.com\/es\/113475\/","title":{"rendered":"Espa\u00f1a lidera las infecciones en UE por c\u00e1ndida auris, un hongo resistente que se contagia en hospitales"},"content":{"rendered":"<p class=\"ft-text ft-helper-closenews\">El Centro Europeo para la Prevenci\u00f3n y el Control de Enfermedades (ECDC, por sus siglas en ingl\u00e9s) ha advertido de que el hongo resistente a los f\u00e1rmacos &#8216;Candidozyma auris&#8217;, antes conocido como &#8216;<strong>c\u00e1ndida auris&#8217;,<\/strong> se est\u00e1 propagando r\u00e1pidamente por los hospitales de varios pa\u00edses europeos, especialmente en <strong>Espa\u00f1a<\/strong>, que concentra el 45% de los contagios en la \u00faltima d\u00e9cada. As\u00ed, entre el 2013 y el 2023 los pa\u00edses europeos notificaron un total de 4.012 casos, con Espa\u00f1a a la cabeza, con 1.807 contagios, seguido de lejos por Grecia, con 852 infecciones, e Italia, con 712.<\/p>\n<p class=\"ft-text\">Adem\u00e1s, se trata de una infecci\u00f3n en aumento, porque solo en 2023 se registraron 1.346 casos en 18 pa\u00edses de la UE, la mayor cifra desde que existen registros en Europa, en 2014. Tres pa\u00edses reportan nuevos casos (Francia, Alemania y Chipre) y en otros pa\u00edses ya no es posible diferenciar un brote espec\u00edfico de una situaci\u00f3n ya <strong>end\u00e9mica <\/strong>(entre ellos Espa\u00f1a, Italia, Ruman\u00eda y Grecia). Por ello, el Centro Europeo para la Prevenci\u00f3n y Control de Enfermedades ha mostrado su preocupaci\u00f3n<strong> <\/strong>y ha instado a los pa\u00edses a tomar <strong>medidas urgentes.<\/strong><\/p>\n<p class=\"ft-text\">\u00ab&#8216;C.auris&#8217; se ha propagado en tan solo unos a\u00f1os, desde casos aislados, hasta una <strong>propagaci\u00f3n generalizada <\/strong>en algunos pa\u00edses. Esto demuestra la rapidez con la que puede establecerse en los hospitales\u00bb, ha advertido el jefe de la secci\u00f3n de resistencia a los antimicrobianos e infecciones asociadas a la atenci\u00f3n m\u00e9dica del ECDC, Diamantis Plachouras. Pero, en su opini\u00f3n, la situaci\u00f3n \u00abno es inevitable\u00bb. \u00abLa detecci\u00f3n temprana y el <strong>control r\u00e1pido y coordinado<\/strong> de infecciones a\u00fan pueden prevenir la transmisi\u00f3n adicional\u00bb, ha reclamado.<\/p>\n<p>Equipos m\u00e9dicos<\/p>\n<p class=\"ft-text\">La &#8216;Candidozyma auris&#8217; es un <strong>hongo <\/strong>que suele contagiarse en los hospitales y que causa infecciones graves porque es resistente a los medicamentos antif\u00fangicos (que combaten los hongos). Supone una <strong>amenaza <\/strong>para la salud mundial no s\u00f3lo porque es resistente a los f\u00e1rmacos, sino tambi\u00e9n porque es dif\u00edcil identificarlo en el laboratorio y se trasmite con facilidad entre pacientes ingresados, especialmente en las <strong>ucis<\/strong>, donde puede causar estragos. No se trasmite por el aire pero s\u00ed a trav\u00e9s de superficies y <strong>equipos m\u00e9dicos contaminados<\/strong>, o por el contacto directo entre personas infectadas a trav\u00e9s de fluidos corporales.<\/p>\n<p class=\"ft-text\">En Espa\u00f1a, \u00abla mayor\u00eda de los casos proceden de un par de hospitales de la <strong>Comunidad Valenciana,<\/strong> donde se detectaron los primeros casos de &#8216;C.auris&#8217; en 2016. \u00a0Esos brotes [en hospitales] siguen produciendo casos, si bien con <strong>menor incidencia<\/strong> que hace unos a\u00f1os. En otros hospitales, tras la detecci\u00f3n inicial se logr\u00f3 controlar la diseminaci\u00f3n del hongo y es ah\u00ed donde se debe realizar el mayor esfuerzo: <strong>detecci\u00f3n temprana<\/strong> de los posibles casos y aplicaci\u00f3n de las medidas de prevenci\u00f3n y control que impidan, o al menos limiten, la diseminaci\u00f3n del pat\u00f3geno\u00bb, apunta Fernando Gonz\u00e1lez Candelas, catedr\u00e1tico de Gen\u00e9tica e investigador en la Unidad Mixta Infecci\u00f3n y Salud P\u00fablica FISABIO\/Universitat de Valencia en declaraciones a Sciencie Media Centre Espa\u00f1a.<\/p>\n<p data-close=\"closedContent\" class=\"subscribeHideForDisplay\">Suscr\u00edbete para seguir leyendo<\/p>\n","protected":false},"excerpt":{"rendered":"El Centro Europeo para la Prevenci\u00f3n y el Control de Enfermedades (ECDC, por sus siglas en ingl\u00e9s) ha&hellip;\n","protected":false},"author":2,"featured_media":113476,"comment_status":"","ping_status":"","sticky":false,"template":"","format":"standard","meta":{"footnotes":""},"categories":[92],"tags":[38412,38411,25,24,165,6138,2218,5564,166,23],"class_list":{"0":"post-113475","1":"post","2":"type-post","3":"status-publish","4":"format-standard","5":"has-post-thumbnail","7":"category-salud","8":"tag-auris","9":"tag-candida","10":"tag-es","11":"tag-espana","12":"tag-health","13":"tag-hospitales","14":"tag-infecciones","15":"tag-lider","16":"tag-salud","17":"tag-spain"},"share_on_mastodon":{"url":"","error":""},"_links":{"self":[{"href":"https:\/\/www.europesays.com\/es\/wp-json\/wp\/v2\/posts\/113475","targetHints":{"allow":["GET"]}}],"collection":[{"href":"https:\/\/www.europesays.com\/es\/wp-json\/wp\/v2\/posts"}],"about":[{"href":"https:\/\/www.europesays.com\/es\/wp-json\/wp\/v2\/types\/post"}],"author":[{"embeddable":true,"href":"https:\/\/www.europesays.com\/es\/wp-json\/wp\/v2\/users\/2"}],"replies":[{"embeddable":true,"href":"https:\/\/www.europesays.com\/es\/wp-json\/wp\/v2\/comments?post=113475"}],"version-history":[{"count":0,"href":"https:\/\/www.europesays.com\/es\/wp-json\/wp\/v2\/posts\/113475\/revisions"}],"wp:featuredmedia":[{"embeddable":true,"href":"https:\/\/www.europesays.com\/es\/wp-json\/wp\/v2\/media\/113476"}],"wp:attachment":[{"href":"https:\/\/www.europesays.com\/es\/wp-json\/wp\/v2\/media?parent=113475"}],"wp:term":[{"taxonomy":"category","embeddable":true,"href":"https:\/\/www.europesays.com\/es\/wp-json\/wp\/v2\/categories?post=113475"},{"taxonomy":"post_tag","embeddable":true,"href":"https:\/\/www.europesays.com\/es\/wp-json\/wp\/v2\/tags?post=113475"}],"curies":[{"name":"wp","href":"https:\/\/api.w.org\/{rel}","templated":true}]}}