{"id":113477,"date":"2025-09-14T02:30:11","date_gmt":"2025-09-14T02:30:11","guid":{"rendered":"https:\/\/www.europesays.com\/es\/113477\/"},"modified":"2025-09-14T02:30:11","modified_gmt":"2025-09-14T02:30:11","slug":"la-primitiva-deja-mas-de-medio-millon-de-euros-en-burgos","status":"publish","type":"post","link":"https:\/\/www.europesays.com\/es\/113477\/","title":{"rendered":"La Primitiva deja m\u00e1s de medio mill\u00f3n de euros en Burgos"},"content":{"rendered":"<p>Pocos d\u00edas despu\u00e9s de que el sorteo de La Primitiva regara de millones a un grupo de <a href=\"https:\/\/www.diariodeburgos.es\/noticia\/z9f4bad66-966b-472d-9a3309aa167b1f25\/202508\/millonarios-y-responsables\" rel=\"nofollow noopener\" target=\"_blank\">trabajadores de Bridgestone<\/a>, la capital de la provincia ha vuelto a ser tocada por la buena suerte. En este caso ha sido La Primitiva de este s\u00e1bado. Uno de los dos boletos agraciados con el premio de Primera Categor\u00eda, dotado con m\u00e1s de 553.000 euros, ha sido sellado en la Administraci\u00f3n de Loter\u00edas n\u00famero 11, situada en la calle Vitoria, 184, es decir en la popular Loter\u00eda Don Pepe, en el barrio de Gamonal.\u00a0<\/p>\n<p>La suerte tambi\u00e9n ha viajado hasta Madrid, en concreto hasta la localidad de Rivas-Vaciamadrid, donde se ha sellado el otro boleto agraciado con el premio de Primera Categor\u00eda.\u00a0\u00a0<\/p>\n","protected":false},"excerpt":{"rendered":"Pocos d\u00edas despu\u00e9s de que el sorteo de La Primitiva regara de millones a un grupo de trabajadores&hellip;\n","protected":false},"author":2,"featured_media":113478,"comment_status":"","ping_status":"","sticky":false,"template":"","format":"standard","meta":{"footnotes":""},"categories":[80],"tags":[30823,623,82,38414,95,94,25,24,38413,21836,23],"class_list":{"0":"post-113477","1":"post","2":"type-post","3":"status-publish","4":"format-standard","5":"has-post-thumbnail","7":"category-economia","8":"tag-bridgestone","9":"tag-burgos","10":"tag-business","11":"tag-calle-vitoria","12":"tag-economia","13":"tag-economy","14":"tag-es","15":"tag-espana","16":"tag-gamonal","17":"tag-la-primitiva","18":"tag-spain"},"share_on_mastodon":{"url":"","error":""},"_links":{"self":[{"href":"https:\/\/www.europesays.com\/es\/wp-json\/wp\/v2\/posts\/113477","targetHints":{"allow":["GET"]}}],"collection":[{"href":"https:\/\/www.europesays.com\/es\/wp-json\/wp\/v2\/posts"}],"about":[{"href":"https:\/\/www.europesays.com\/es\/wp-json\/wp\/v2\/types\/post"}],"author":[{"embeddable":true,"href":"https:\/\/www.europesays.com\/es\/wp-json\/wp\/v2\/users\/2"}],"replies":[{"embeddable":true,"href":"https:\/\/www.europesays.com\/es\/wp-json\/wp\/v2\/comments?post=113477"}],"version-history":[{"count":0,"href":"https:\/\/www.europesays.com\/es\/wp-json\/wp\/v2\/posts\/113477\/revisions"}],"wp:featuredmedia":[{"embeddable":true,"href":"https:\/\/www.europesays.com\/es\/wp-json\/wp\/v2\/media\/113478"}],"wp:attachment":[{"href":"https:\/\/www.europesays.com\/es\/wp-json\/wp\/v2\/media?parent=113477"}],"wp:term":[{"taxonomy":"category","embeddable":true,"href":"https:\/\/www.europesays.com\/es\/wp-json\/wp\/v2\/categories?post=113477"},{"taxonomy":"post_tag","embeddable":true,"href":"https:\/\/www.europesays.com\/es\/wp-json\/wp\/v2\/tags?post=113477"}],"curies":[{"name":"wp","href":"https:\/\/api.w.org\/{rel}","templated":true}]}}