{"id":113479,"date":"2025-09-14T02:31:08","date_gmt":"2025-09-14T02:31:08","guid":{"rendered":"https:\/\/www.europesays.com\/es\/113479\/"},"modified":"2025-09-14T02:31:08","modified_gmt":"2025-09-14T02:31:08","slug":"charlie-kirk-el-coronel-kurtz-y-el-corazon-de-las-tinieblas-de-donald-trump","status":"publish","type":"post","link":"https:\/\/www.europesays.com\/es\/113479\/","title":{"rendered":"Charlie Kirk, el coronel Kurtz y el coraz\u00f3n de las tinieblas de Donald Trump"},"content":{"rendered":"<p>El presidente de los EE.UU., Donald Trump, con el activista Charlie Kirk, asesinado el 10 de septiembre de 2025. BBC MUNDO<\/p>\n<p>El asesinato del activista conservador <strong>Charlie Kirk, <\/strong>perpetrado el mi\u00e9rcoles en el estado de Utah, conmocion\u00f3 a Estados Unidos y al mundo entero, no solo por la violencia descarnada del acto \u2014en el que un francotirador efectu\u00f3 un \u00fanico y mortal disparo\u2014, sino tambi\u00e9n como un s\u00edmbolo del agravamiento de las divisiones pol\u00edticas que est\u00e1n fracturando al pa\u00eds. El presidente Donald Trump podr\u00eda y deber\u00eda usar su gran plataforma de comunicaci\u00f3n para apaciguar los \u00e1nimos. En cambio, inmediatamente culp\u00f3, sin pruebas, a la \u201cizquierda radical\u201d por el asesinato de Kirk. Esto sucedi\u00f3 pocos d\u00edas despu\u00e9s de que <strong>Trump amenazara a la ciudad de Chicago con un <a href=\"https:\/\/www.lamarea.com\/2025\/08\/24\/ciudades-militarizadas-trump\/\" rel=\"nofollow noopener\" target=\"_blank\">escenario de guerra <\/a><\/strong>y mientras est\u00e1 montando una<strong> fuerza paramilitar <\/strong>para desplegarla en diversas ciudades del pa\u00eds contra ciudadanos, inmigrantes y cualquier otro objetivo a perseguir.<\/p>\n<p>Trump ha estado amenazando durante semanas con enviar efectivos de la Guardia Nacional a Chicago. Asimismo, el 5 de septiembre, el mandatario estadounidense renombr\u00f3 al Departamento de Defensa como \u201cDepartamento de Guerra\u201d. Dado que el presidente del pa\u00eds no tiene autoridad para modificar el nombre de una agencia del Gobierno \u2014solo el Congreso puede hacerlo\u2014, la orden de Trump establece que \u201cDepartamento de Guerra\u201d funcione como \u201cnombre secundario\u201d e instruye al Poder Ejecutivo a emplear ese nombre. Haciendo alarde de su nuevo t\u00edtulo de \u201csecretario de Guerra\u201d, Pete Hegseth anunci\u00f3 en el Despacho Oval de la Casa Blanca: \u201cVamos a pasar a la ofensiva, no s\u00f3lo a la defensa. <strong>M\u00e1xima letalidad, no tibia legalidad. Efecto violento, no pol\u00edticamente correcto<\/strong>\u201d.<\/p>\n<p>Poco despu\u00e9s, Trump public\u00f3 un inquietante mensaje en su red social, Truth Social, que dec\u00eda: \u201cChicago est\u00e1 a punto de descubrir por qu\u00e9 se llama Departamento de\u00a0GUERRA\u201d, junto con la frase: \u201cMe encanta el olor de las deportaciones por las ma\u00f1anas\u2026\u201d.<\/p>\n<p>La publicaci\u00f3n incluye una imagen de Trump sentado en cuclillas, con un uniforme de oficial de caballer\u00eda del Ej\u00e9rcito de Estados Unidos, superpuesta sobre el fondo de una Chicago envuelta en humo y llamas y acompa\u00f1ada de la frase \u201cChipocalypse Now\u201d. La imagen est\u00e1 basada en una escena de la pel\u00edcula de 1979 <strong>Apocalipsis Now<\/strong>, sobre la guerra de Vietnam, en la que el teniente coronel Kilgore \u2014interpretado por Robert Duvall\u2014 masacra una aldea vietnamita para que \u00e9l y sus soldados puedan practicar surf con seguridad en una playa cercana. En la pel\u00edcula, Kilgore dice: \u201cMe encanta el olor a napalm por las ma\u00f1anas\u201d.<\/p>\n<p>Trump ya hab\u00eda desplegado recientemente efectivos militares en otra ciudad del pa\u00eds, Los \u00c1ngeles, sin motivo alguno, sin que ninguna autoridad estatal o local se lo haya solicitado y <strong><a href=\"https:\/\/www.lamarea.com\/2025\/07\/22\/trump-autocrata-sin-principios\/\" rel=\"nofollow noopener\" target=\"_blank\">sin ninguna justificaci\u00f3n legal.<\/a><\/strong> Esto, por parte de un presidente \u00e1vido de obtener un Premio Nobel de la Paz. Un juez federal del estado de California ya ha dictaminado que el despliegue de personal militar en Los \u00c1ngeles infringi\u00f3 la <strong>Ley Posse Comitatus<\/strong>, una legislaci\u00f3n promulgada en 1878 que proh\u00edbe la participaci\u00f3n de personal militar en tareas de orden p\u00fablico y seguridad interior, salvo en casos excepcionales, como una insurrecci\u00f3n.<\/p>\n<p>Radley Balko es un periodista de investigaci\u00f3n que escribi\u00f3 el libro Rice of the Warrior Cop: The Militarization of America\u2019s Police Forces (\u00abEl auge del polic\u00eda guerrero: la militarizaci\u00f3n de las fuerzas policiales estadounidenses\u00bb). En conversaci\u00f3n con Democracy Now!, Balko expres\u00f3: \u201cTrump siempre ha querido tener su propia polic\u00eda militar.<strong> Siempre ha expresado envidia por los dictadores y reg\u00edmenes autoritarios de otros pa\u00edses<\/strong>, que tienen fuerzas armadas que pueden desplegar para hacer cumplir sus \u00f3rdenes, ya sea para reprimir protestas o perseguir a oponentes pol\u00edticos\u201d.<\/p>\n<p>Trump tambi\u00e9n orden\u00f3 recientemente el lanzamiento de un sitio web destinado a reclutar a \u201cestadounidenses con experiencia en el \u00e1mbito policial u otros campos relevantes de la seguridad para postularse como miembros de las fuerzas federales de seguridad\u201d que operan en Washington D.C. En otras palabras, el presidente quiere reclutar a ciudadanos comunes para conformar una fuerza parapolicial.<\/p>\n<p>En la entrevista con Democracy Now!, Balko agreg\u00f3: \u201cEl presupuesto ilimitado que el Congreso le ha otorgado a Trump para contratar agentes del Servicio de Inmigraci\u00f3n y de la Patrulla Fronteriza les permitir\u00e1 desarrollar realmente esas fuerzas. Si el Servicio de Inmigraci\u00f3n fuera un ej\u00e9rcito, ser\u00eda uno de los m\u00e1s grandes del mundo. Se proveer\u00e1 a esta fuerza de personas que, ante todo, sean leales a Trump y no cuestionen \u00f3rdenes inconstitucionales. [Trump] est\u00e1 intentando materializar, de diversas maneras, esta idea de una fuerza paramilitar a su servicio\u201d.<\/p>\n<p>Esto nos remite nuevamente a la inquietante alusi\u00f3n de Trump a la pel\u00edcula Apocalipsis Now. Si bien la comparaci\u00f3n con el despiadado y violento teniente coronel Kilgore podr\u00eda ser v\u00e1lida, una comparaci\u00f3n m\u00e1s apropiada ser\u00eda con el principal antagonista de la pel\u00edcula, el coronel Kurtz, interpretado por Marlon Brando. En la pel\u00edcula, Kurtz abandona su puesto y se adentra en lo profundo de la selva para controlar su propio territorio y una fuerza militar compuesta por personas nativas vietnamitas, que parecen venerarlo como a un semidi\u00f3s. Kurtz parece estar convencido de su propia infalibilidad y rechaza cualquier autoridad o l\u00edmite a su poder.<\/p>\n<p>La obra cinematogr\u00e1fica est\u00e1 inspirada en <strong>El coraz\u00f3n de las tinieblas<\/strong>, una novela de Joseph Conrad publicada en 1899, que transcurre en el Congo Belga. En la novela, otro Kurtz se desv\u00eda del rumbo y asume el poder local en medio de la brutalidad sin l\u00edmites del r\u00e9gimen colonial y la extracci\u00f3n de recursos.<\/p>\n<p>La violencia pol\u00edtica no tiene cabida en una sociedad y todos los actores, de cualquier bando, deben repudiarla. Esto incluye los asesinatos selectivos de adversarios pol\u00edticos, como el perpetrado en junio contra la expresidenta dem\u00f3crata de la C\u00e1mara de Representantes del estado de Minesota Melissa Hortman y su esposo; as\u00ed como el asesinato, esta semana, de Charlie Kirk.<\/p>\n<p>Del mismo modo, las constantes amenazas de Trump de ejercer violencia contra ciudades enteras, contra comunidades marginadas o contra quienes considera sus enemigos pol\u00edticos tambi\u00e9n deben ser rechazadas y resistidas sin tregua.<\/p>\n<p>\u00a9 2025 Amy Goodman<\/p>\n<p>Traducci\u00f3n al espa\u00f1ol de la\u00a0<a href=\"https:\/\/www.democracynow.org\/2025\/9\/11\/charlie_kirk_col_kurtz_and_donald\" rel=\"nofollow noopener\" target=\"_blank\">columna original en ingl\u00e9s<\/a>. Edici\u00f3n:\u00a0<a href=\"https:\/\/www.democracynow.org\/es\" rel=\"nofollow noopener\" target=\"_blank\">Democracy Now! en espa\u00f1ol<\/a>, spanish@democracynow.org<\/p>\n<p>Amy Goodman es la conductora de Democracy Now!, un noticiero internacional que se emite diariamente en m\u00e1s de 800 emisoras de radio y televisi\u00f3n en ingl\u00e9s y en m\u00e1s de 450 en espa\u00f1ol. Es co-autora del libro \u201cLos que luchan contra el sistema: H\u00e9roes ordinarios en tiempos extraordinarios en Estados Unidos\u201d, editado por Le Monde Diplomatique Cono Sur.<\/p>\n","protected":false},"excerpt":{"rendered":"El presidente de los EE.UU., Donald Trump, con el activista Charlie Kirk, asesinado el 10 de septiembre de&hellip;\n","protected":false},"author":2,"featured_media":113480,"comment_status":"","ping_status":"","sticky":false,"template":"","format":"standard","meta":{"footnotes":""},"categories":[42],"tags":[38415,17,18,4329,37536,13,14,38416,11,61,62,63,64,19,20,9,10,15,16,12,21,22,65,66,67],"class_list":{"0":"post-113479","1":"post","2":"type-post","3":"status-publish","4":"format-standard","5":"has-post-thumbnail","7":"category-internacional","8":"tag-autcrata","9":"tag-breaking-news","10":"tag-breakingnews","11":"tag-casa-blanca","12":"tag-charlie-kirk","13":"tag-featured-news","14":"tag-featurednews","15":"tag-fuerzas-paramilitares","16":"tag-headlines","17":"tag-internacional","18":"tag-international","19":"tag-international-news","20":"tag-internationalnews","21":"tag-latest-news","22":"tag-latestnews","23":"tag-news","24":"tag-noticias","25":"tag-noticias-destacadas","26":"tag-noticiasdestacadas","27":"tag-titulares","28":"tag-ultimas-noticias","29":"tag-ultimasnoticias","30":"tag-world","31":"tag-world-news","32":"tag-worldnews"},"share_on_mastodon":{"url":"","error":""},"_links":{"self":[{"href":"https:\/\/www.europesays.com\/es\/wp-json\/wp\/v2\/posts\/113479","targetHints":{"allow":["GET"]}}],"collection":[{"href":"https:\/\/www.europesays.com\/es\/wp-json\/wp\/v2\/posts"}],"about":[{"href":"https:\/\/www.europesays.com\/es\/wp-json\/wp\/v2\/types\/post"}],"author":[{"embeddable":true,"href":"https:\/\/www.europesays.com\/es\/wp-json\/wp\/v2\/users\/2"}],"replies":[{"embeddable":true,"href":"https:\/\/www.europesays.com\/es\/wp-json\/wp\/v2\/comments?post=113479"}],"version-history":[{"count":0,"href":"https:\/\/www.europesays.com\/es\/wp-json\/wp\/v2\/posts\/113479\/revisions"}],"wp:featuredmedia":[{"embeddable":true,"href":"https:\/\/www.europesays.com\/es\/wp-json\/wp\/v2\/media\/113480"}],"wp:attachment":[{"href":"https:\/\/www.europesays.com\/es\/wp-json\/wp\/v2\/media?parent=113479"}],"wp:term":[{"taxonomy":"category","embeddable":true,"href":"https:\/\/www.europesays.com\/es\/wp-json\/wp\/v2\/categories?post=113479"},{"taxonomy":"post_tag","embeddable":true,"href":"https:\/\/www.europesays.com\/es\/wp-json\/wp\/v2\/tags?post=113479"}],"curies":[{"name":"wp","href":"https:\/\/api.w.org\/{rel}","templated":true}]}}