{"id":113483,"date":"2025-09-14T02:35:21","date_gmt":"2025-09-14T02:35:21","guid":{"rendered":"https:\/\/www.europesays.com\/es\/113483\/"},"modified":"2025-09-14T02:35:21","modified_gmt":"2025-09-14T02:35:21","slug":"madrugada-taurina-y-de-tradicion-en-iznatoraf","status":"publish","type":"post","link":"https:\/\/www.europesays.com\/es\/113483\/","title":{"rendered":"Madrugada taurina y de tradici\u00f3n en Iznatoraf"},"content":{"rendered":"\n<p>La madrugada en Iznatoraf tuvo sabor a tradici\u00f3n y adrenalina con la celebraci\u00f3n de los encierros de las fiestas patronales, que comenz\u00f3 puntual a la una, cuando las campanas marcaron el inicio de la suelta. Desde el arco de la Virgen del Postigo, epicentro de la expectaci\u00f3n, partieron los astados de la ganader\u00eda Jos\u00e9 Mart\u00ednez Vivo, ante la mirada de cientos de vecinos y visitantes que aguardaban con nerviosismo el estampido de los cohetes anunciadores. El recorrido, breve pero intenso, puso a prueba la valent\u00eda de los corredores, que se lanzaron entre v\u00edtores y aplausos a la carrera, mientras los animales avanzaban con fuerza por las calles empedradas. Sin embargo, la llegada de cada toro se produjo de manera lenta, con pausas que se dilataron m\u00e1s de lo previsto, lo que gener\u00f3 cierta impaciencia entre los aficionados.<\/p>\n<p>La emoci\u00f3n se traslad\u00f3 hasta la plaza San Fernando, donde el Ayuntamiento hab\u00eda habilitado un albero improvisado para que, tras la llegada de los toros, se desarrollara un toreo popular. All\u00ed, los cuatro animales permanecieron poco tiempo en el ruedo, obligando a los asistentes a esforzarse en provocarlos con capotes y carreras para animar una jornada que, pese a los parones, no perdi\u00f3 su car\u00e1cter festivo. Los m\u00e1s j\u00f3venes aprovecharon para mostrar su arrojo, recortando a las reses y probando su suerte en quiebros y carreras, siempre con la tensi\u00f3n propia de la cercan\u00eda del animal. Entre el bullicio se escuchaban los consejos de los m\u00e1s mayores, que recordaban a viva voz que el respeto al toro es la primera norma de cualquier festejo taurino.<\/p>\n<p>La noche templada acompa\u00f1\u00f3 el desarrollo de la cita, que se vivi\u00f3 sin incidentes de gravedad. Solo alg\u00fan revolc\u00f3n aislado encendi\u00f3 las alarmas entre los presentes, aunque pronto se resolvi\u00f3 con m\u00e1s susto que da\u00f1o, arrancando aplausos de alivio entre los asistentes. El encierro, adem\u00e1s de su vertiente l\u00fadica, reforz\u00f3 el esp\u00edritu de hermandad que caracteriza las fiestas de la villa. Vecinos, familiares y visitantes compartieron risas, emociones y an\u00e9cdotas, prolongando la velada hasta bien entrada la madrugada, con la m\u00fasica de la verbena a\u00fan resonando de fondo.<\/p>\n<p>Con esta cita, Iznatoraf inaugur\u00f3 uno de los cap\u00edtulos m\u00e1s vibrantes de sus fiestas patronales. Tras la devoci\u00f3n vivida en la procesi\u00f3n del Sant\u00edsimo Cristo de la Vera Cruz y la verbena, los encierros confirmaron, una vez m\u00e1s que tradici\u00f3n, emoci\u00f3n y convivencia forman el alma de unas celebraciones que cada a\u00f1o reafirman la identidad de esta noble villa jiennense.<\/p>\n","protected":false},"excerpt":{"rendered":"La madrugada en Iznatoraf tuvo sabor a tradici\u00f3n y adrenalina con la celebraci\u00f3n de los encierros de las&hellip;\n","protected":false},"author":2,"featured_media":113484,"comment_status":"","ping_status":"","sticky":false,"template":"","format":"standard","meta":{"footnotes":""},"categories":[277],"tags":[5886,373,168,25,24,23,167,374],"class_list":{"0":"post-113483","1":"post","2":"type-post","3":"status-publish","4":"format-standard","5":"has-post-thumbnail","7":"category-toreo","8":"tag-alvaro-guzguti","9":"tag-bullfighting","10":"tag-deportes","11":"tag-es","12":"tag-espana","13":"tag-spain","14":"tag-sports","15":"tag-toreo"},"share_on_mastodon":{"url":"","error":""},"_links":{"self":[{"href":"https:\/\/www.europesays.com\/es\/wp-json\/wp\/v2\/posts\/113483","targetHints":{"allow":["GET"]}}],"collection":[{"href":"https:\/\/www.europesays.com\/es\/wp-json\/wp\/v2\/posts"}],"about":[{"href":"https:\/\/www.europesays.com\/es\/wp-json\/wp\/v2\/types\/post"}],"author":[{"embeddable":true,"href":"https:\/\/www.europesays.com\/es\/wp-json\/wp\/v2\/users\/2"}],"replies":[{"embeddable":true,"href":"https:\/\/www.europesays.com\/es\/wp-json\/wp\/v2\/comments?post=113483"}],"version-history":[{"count":0,"href":"https:\/\/www.europesays.com\/es\/wp-json\/wp\/v2\/posts\/113483\/revisions"}],"wp:featuredmedia":[{"embeddable":true,"href":"https:\/\/www.europesays.com\/es\/wp-json\/wp\/v2\/media\/113484"}],"wp:attachment":[{"href":"https:\/\/www.europesays.com\/es\/wp-json\/wp\/v2\/media?parent=113483"}],"wp:term":[{"taxonomy":"category","embeddable":true,"href":"https:\/\/www.europesays.com\/es\/wp-json\/wp\/v2\/categories?post=113483"},{"taxonomy":"post_tag","embeddable":true,"href":"https:\/\/www.europesays.com\/es\/wp-json\/wp\/v2\/tags?post=113483"}],"curies":[{"name":"wp","href":"https:\/\/api.w.org\/{rel}","templated":true}]}}