{"id":113485,"date":"2025-09-14T02:36:11","date_gmt":"2025-09-14T02:36:11","guid":{"rendered":"https:\/\/www.europesays.com\/es\/113485\/"},"modified":"2025-09-14T02:36:11","modified_gmt":"2025-09-14T02:36:11","slug":"el-mexicano-santiago-luna-gana-por-nocaut-en-su-debut-en-ufc-y-lanza-emotivo-mensaje","status":"publish","type":"post","link":"https:\/\/www.europesays.com\/es\/113485\/","title":{"rendered":"El mexicano Santiago Luna gana por nocaut en su debut en UFC y lanza emotivo mensaje"},"content":{"rendered":"<p data-start=\"172\" data-end=\"568\">El joven peleador mexicano <strong>Santiago Luna \u2018Borderboy\u2019<\/strong>, de apenas <strong>21 a\u00f1os<\/strong>,<strong> <\/strong>vivi\u00f3 una noche inolvidable al debutar en la <a href=\"https:\/\/www.record.com.mx\/extremo\" rel=\"nofollow noopener\" target=\"_blank\"><strong>UFC<\/strong><\/a><strong> <\/strong>con un contundente triunfo por nocaut en el <strong>primer round<\/strong>. Tras la victoria, no pudo contener las l\u00e1grimas y lanz\u00f3 un mensaje que conmovi\u00f3 a la <a href=\"https:\/\/www.record.com.mx\/extremo\/ufc-mexico-no-defraudo-brandon-moreno-consigue-su-primera-victoria-en-el-pais\" rel=\"nofollow noopener\" target=\"_blank\"><strong>afici\u00f3n<\/strong><\/a>.<\/p>\n<p> <img loading=\"lazy\" decoding=\"async\" data-entity-uuid=\"d8383a85-1bdc-4857-b373-4647f12adb42\" data-entity-type=\"file\" src=\"https:\/\/www.europesays.com\/es\/wp-content\/uploads\/2025\/09\/image - 2025-09-13T180000.174.jpg\" width=\"1200\" height=\"661\" data-caption=\"Luna sorprendi\u00f3 dando la entrevista posterior en ingl\u00e9s y espa\u00f1ol | Captura\"\/><\/p>\n<p>Luna sorprendi\u00f3 dando la entrevista posterior en ingl\u00e9s y espa\u00f1ol | Captura<\/p>\n<p><strong>Un debut explosivo en la Noche UFC<\/strong><\/p>\n<p data-start=\"616\" data-end=\"1024\"><strong>Santiago Luna no necesit\u00f3 m\u00e1s de un round <\/strong>para dejar su huella en el <a href=\"https:\/\/www.record.com.mx\/tags\/ufc?_wrapper_format=html&amp;page=1\" rel=\"nofollow noopener\" target=\"_blank\"><strong>oct\u00e1gono<\/strong><\/a>. Desde el inicio mostr\u00f3 <strong>agresividad, precisi\u00f3n en sus golpes y una determinaci\u00f3n<\/strong> que r\u00e1pidamente inclinaron la balanza a su favor. Su rival <strong>no resisti\u00f3 la potencia del mexicano<\/strong>, lo que convirti\u00f3 la velada en un <strong>debut so\u00f1ado <\/strong>y en una demostraci\u00f3n de que el futuro de la UFC en M\u00e9xico tiene <strong>nuevos nombres<\/strong> que dar\u00e1n de qu\u00e9 hablar.<\/p>\n<p data-start=\"1026\" data-end=\"1344\">La emoci\u00f3n fue tanta que, apenas terminado el combate, <strong>Luna rompi\u00f3 en llanto frente a los aficionados<\/strong>. Ese desahogo mostr\u00f3 no solo la presi\u00f3n que significa debutar en una cartelera de tal magnitud, sino tambi\u00e9n <strong>el orgullo de representar a su pa\u00eds.<\/strong><\/p>\n<blockquote class=\"twitter-tweet\">\n<p lang=\"en\" dir=\"ltr\">Santiago Luna destroys Quang Le in round 1!! <a href=\"https:\/\/twitter.com\/hashtag\/NocheUFC?src=hash&amp;ref_src=twsrc%5Etfw\" rel=\"nofollow noopener\" target=\"_blank\">#NocheUFC<\/a> <a href=\"https:\/\/t.co\/qLFDCZv7CE\" rel=\"nofollow\">pic.twitter.com\/qLFDCZv7CE<\/a><\/p>\n<p>\u2014 TakeruCigarra (@TakeruCigarra) <a href=\"https:\/\/twitter.com\/TakeruCigarra\/status\/1966990245368381878?ref_src=twsrc%5Etfw\" rel=\"nofollow noopener\" target=\"_blank\">September 13, 2025<\/a><\/p>\n<\/blockquote>\n<p><strong>El mensaje de orgullo de Santiago Luna a M\u00e9xico<\/strong><\/p>\n<p data-start=\"1405\" data-end=\"1787\">Tras la pelea, el joven originario de la frontera reafirm\u00f3 el<strong> compromiso que siente con su carrera y con el pa\u00eds<\/strong>. Su declaraci\u00f3n resalt\u00f3 la<strong> valent\u00eda y el esp\u00edritu<\/strong> combativo de los atletas mexicanos:<strong> \u00abNo solo me toc\u00f3 debutar, sino tambi\u00e9n demostrar la calidad que tenemos en M\u00e9xico y que no nos rajamos\u00bb<\/strong>. Palabras que r\u00e1pidamente se viralizaron y encendieron el orgullo nacional.<\/p>\n<p data-start=\"1789\" data-end=\"2122\">Con apenas 21 a\u00f1os, Santiago Luna se perfila como <strong>una de las nuevas promesas de las artes marciales mixtas<\/strong>. Su debut con victoria por nocaut no solo lo coloca en el radar de la UFC, sino que tambi\u00e9n lo convierte en un referente de la<strong> nueva generaci\u00f3n de peleadores mexicanos<\/strong> que buscan dejar huella en la m\u00e1xima vitrina de las <strong>MMA<\/strong>.<\/p>\n<blockquote class=\"twitter-tweet\">\n<p lang=\"en\" dir=\"ltr\">LUNA ENDS HIS DEBUT EARLY \ud83e\udd29<\/p>\n<p>It doesn&#8217;t get any better for Santiago Luna on a night like this!\u00a0<\/p>\n<p>[ <a href=\"https:\/\/twitter.com\/hashtag\/NocheUFC?src=hash&amp;ref_src=twsrc%5Etfw\" rel=\"nofollow noopener\" target=\"_blank\">#NocheUFC<\/a> | LIVE NOW on the <a href=\"https:\/\/twitter.com\/espn?ref_src=twsrc%5Etfw\" rel=\"nofollow noopener\" target=\"_blank\">@ESPN<\/a> app ] <a href=\"https:\/\/t.co\/ejsOPM4qiW\" rel=\"nofollow\">pic.twitter.com\/ejsOPM4qiW<\/a><\/p>\n<p>\u2014 UFC (@ufc) <a href=\"https:\/\/twitter.com\/ufc\/status\/1966990568199741452?ref_src=twsrc%5Etfw\" rel=\"nofollow noopener\" target=\"_blank\">September 13, 2025<\/a><\/p>\n<\/blockquote>\n<p><script async src=\"https:\/\/platform.twitter.com\/widgets.js\" charset=\"utf-8\"><\/script><\/p>\n","protected":false},"excerpt":{"rendered":"El joven peleador mexicano Santiago Luna \u2018Borderboy\u2019, de apenas 21 a\u00f1os, vivi\u00f3 una noche inolvidable al debutar en&hellip;\n","protected":false},"author":2,"featured_media":113486,"comment_status":"","ping_status":"","sticky":false,"template":"","format":"standard","meta":{"footnotes":""},"categories":[276],"tags":[168,25,24,8868,23,167,343],"class_list":{"0":"post-113485","1":"post","2":"type-post","3":"status-publish","4":"format-standard","5":"has-post-thumbnail","7":"category-ufc","8":"tag-deportes","9":"tag-es","10":"tag-espana","11":"tag-extremo","12":"tag-spain","13":"tag-sports","14":"tag-ufc"},"share_on_mastodon":{"url":"","error":""},"_links":{"self":[{"href":"https:\/\/www.europesays.com\/es\/wp-json\/wp\/v2\/posts\/113485","targetHints":{"allow":["GET"]}}],"collection":[{"href":"https:\/\/www.europesays.com\/es\/wp-json\/wp\/v2\/posts"}],"about":[{"href":"https:\/\/www.europesays.com\/es\/wp-json\/wp\/v2\/types\/post"}],"author":[{"embeddable":true,"href":"https:\/\/www.europesays.com\/es\/wp-json\/wp\/v2\/users\/2"}],"replies":[{"embeddable":true,"href":"https:\/\/www.europesays.com\/es\/wp-json\/wp\/v2\/comments?post=113485"}],"version-history":[{"count":0,"href":"https:\/\/www.europesays.com\/es\/wp-json\/wp\/v2\/posts\/113485\/revisions"}],"wp:featuredmedia":[{"embeddable":true,"href":"https:\/\/www.europesays.com\/es\/wp-json\/wp\/v2\/media\/113486"}],"wp:attachment":[{"href":"https:\/\/www.europesays.com\/es\/wp-json\/wp\/v2\/media?parent=113485"}],"wp:term":[{"taxonomy":"category","embeddable":true,"href":"https:\/\/www.europesays.com\/es\/wp-json\/wp\/v2\/categories?post=113485"},{"taxonomy":"post_tag","embeddable":true,"href":"https:\/\/www.europesays.com\/es\/wp-json\/wp\/v2\/tags?post=113485"}],"curies":[{"name":"wp","href":"https:\/\/api.w.org\/{rel}","templated":true}]}}