{"id":113491,"date":"2025-09-14T02:39:08","date_gmt":"2025-09-14T02:39:08","guid":{"rendered":"https:\/\/www.europesays.com\/es\/113491\/"},"modified":"2025-09-14T02:39:08","modified_gmt":"2025-09-14T02:39:08","slug":"vingegaard-muestra-su-orgullo-de-campeon-a-los-activistas-insolidarios","status":"publish","type":"post","link":"https:\/\/www.europesays.com\/es\/113491\/","title":{"rendered":"Vingegaard muestra su orgullo de campe\u00f3n a los activistas insolidarios"},"content":{"rendered":"<p style=\"\">El ciclismo sortea obst\u00e1culos como f\u00f3rmula de vida, en modo equilibrista, siempre al l\u00edmite del precipicio. La Vuelta llega a su pen\u00faltima parada pese al intento de los activistas contra el equipo Israel y a favor de Palestina de reventar la prueba antes de la  &#8230; subida a Navacerrada. <a href=\"https:\/\/www.abc.es\/deportes\/ciclismo\/etapa-19-vuelta-ganador-resultado-clasificacion-general-20250812111807-nt.html\" target=\"_blank\" data-voc-vtm-id=\"in-text-traffic\" title=\"Un asalto a la carretera\" rel=\"nofollow noopener\">Un asalto a la carretera<\/a> que los ciclistas, los coches, la caravana esquivan con la habilidad que emplean para rehuir otros problemas en este maravilloso deporte. Los insolidarios que alentaban protestas pac\u00edficas no detuvieron la Vuelta, que vivi\u00f3 una exhibici\u00f3n de campe\u00f3n de Jonas Vingegaard, un doble vencedor del Tour que gan\u00f3 en la monta\u00f1a salvaje y se adjudica la carrera con toda justicia.<\/p>\n<p class=\"voc-p\" style=\"\">Dos personas con el pelo te\u00f1ido de rosa y verde, atuendo punki y enormes gafas de sol portan una <a href=\"https:\/\/www.abc.es\/deportes\/ciclismo\/despues-protestas-montana-philipsen-vive-20250912180202-nt.html\" target=\"_blank\" data-voc-vtm-id=\"in-text-traffic\" title=\"gigantesca bandera de Palestina\" rel=\"nofollow noopener\">gigantesca bandera de Palestina<\/a> a eso de las once de la ma\u00f1ana en el control de firmas de la pen\u00faltima etapa de la Vuelta a Espa\u00f1a. Las futuras manifestantes se mezclan con el p\u00fablico ciclista, globeros que llegan desde las localidades cercanas, que han cruzado el puerto de la Cruz Verde o provienen de la provincia de \u00c1vila y su enorme tradici\u00f3n en este deporte.<\/p>\n<p class=\"voc-p\" style=\"\">Conviven los dos mundos en <strong>Robledo de Chavela,<\/strong> los que quieren disfrutar del ciclismo y los que aspiran a manifestar pac\u00edficamente su oposici\u00f3n al gobierno de Israel y la masacre en Gaza. Dos ni\u00f1as de corta edad agitan una mini ense\u00f1a con los colores del territorio \u00e1rabe, mientras sus padres se ajustan el casco y saludan a los ciclistas profesionales.<\/p>\n<p class=\"voc-p\" style=\"\">Cunde una tensi\u00f3n sin precedentes, incluida la organizaci\u00f3n de la carrera. Lanza un comunicado antes del mediod\u00eda seg\u00fan el cual la \u00faltima etapa en Madrid tendr\u00e1 <strong>cinco kil\u00f3metros menos.<\/strong> Se disparan las alarmas, vuelan las especulaciones, se masca la tragedia porque el personal est\u00e1 a la que salta. Pero un portavoz de la Vuelta asegura que se trata de un asunto publicitario sin ninguna incidencia en el tema \u00fanico de la ronda, Israel y Palestina.<\/p>\n<p class=\"voc-p\" style=\"\">Y lo mismo sucede con el ligero retraso del comienzo de la etapa. Escasos diez minutos que se convierten en foco de especulaci\u00f3n, an\u00e1lisis de situaci\u00f3n y dem\u00e1s. La realidad es que la zona de salida en Robledo de Chavela eraa un <strong>peque\u00f1o caos por las estrecheces<\/strong> de las calles y, sobre todo, por la ubicaci\u00f3n del parking para los autobuses de los equipos, un calle con escasa amplitud en la que conflu\u00edan los que iban y los que ven\u00edan, veh\u00edculos privados del p\u00fablico que aparecieron por all\u00ed y el consiguiente atasco en la zona, que retras\u00f3 la firma de los ciclistas y el horario previsto.<\/p>\n<p class=\"voc-p\" style=\"\">El efecto llamada de las protestas contra el equipo Israel se ha propagado a otras carreras ciclistas. <strong>En el Gran Premio de Quebec,<\/strong> que gan\u00f3 el franc\u00e9s Alaphilippe y en el que corr\u00eda Tadej Pogacar, hubo numerosas banderas de Palestina en la meta.<\/p>\n<p class=\"voc-p\" style=\"\">Como estaba previsto, los activistas se lanzaron a cortar la Vuelta. Un grupo de treinta o cuarenta personas se sent\u00f3 en el curso de la carrera. Pasaron los corredores escapados<strong>, con Landa en cabeza,<\/strong> y salieron los manifestantes a reventar el recorrido en el cruce de Becerril de la Sierra.<\/p>\n<p class=\"voc-p\" style=\"\"> El grupo de los l\u00edderes se hizo hueco por los laterales de la calzada, <strong>esquivando personas y veh\u00edculos<\/strong>, saltando obst\u00e1culos como siempre en el ciclismo, mientras los coches y los manifestantes pro Palestina bloqueaban la carrera. La polic\u00eda retuvo a los manifestantes y evit\u00f3 que destrozasen la Vuelta por completo. Tienen orden de no golpear a los que protestan.<\/p>\n<p class=\"voc-p\" style=\"\">En la Bola del Mundo <strong>no hubo vallas en los \u00faltimos kil\u00f3metros<\/strong> de la subida final. Por motivos ecol\u00f3gicos al ser la zona parque nacional, no est\u00e1n permitidas las vallas. La organizaci\u00f3n coloc\u00f3 cuerdas con palos de sujeci\u00f3n desde el desv\u00edo en la estaci\u00f3n de Navacerrada. La estrechez y las condiciones especiales del ascenso provocaron que solo pudieran subir 15 motos: diez para los diez primeros equipos clasificados, dos para jueces internacionales y una para el director deportivo, un m\u00e9dico m\u00e1s una de repuesto. Los diez primeros de la general dispusieron de un mec\u00e1nico, algunos con bici de repuesto. El resto situaron auxiliares en la carretera de hormig\u00f3n de la Bola.<\/p>\n<p class=\"voc-p\" style=\"\">La escalada final fue magn\u00edfica, con el bloque del UAE metiendo velocidad a la carrera para desgastar a Vingegaard. Pero en el hormig\u00f3n de la Bola del Mundo, donde los ciclistas se retorc\u00edan por el esfuerzo y los desniveles de la cuesta atravesaban sus pulmones,<strong> el dan\u00e9s se exhibi\u00f3<\/strong> con dinamita en los gemelos. <\/p>\n<p class=\"voc-p\" style=\"\">Ofreci\u00f3 un recital en modo campe\u00f3n al atacar a 1,5 kil\u00f3metros de la meta, saltando para ganar la etapa y sentenciar la Vuelta. Fue hermoso el gesto del n\u00f3rdico, sin escatimar y aportando valor a su victoria.<\/p>\n","protected":false},"excerpt":{"rendered":"El ciclismo sortea obst\u00e1culos como f\u00f3rmula de vida, en modo equilibrista, siempre al l\u00edmite del precipicio. La Vuelta&hellip;\n","protected":false},"author":2,"featured_media":113492,"comment_status":"","ping_status":"","sticky":false,"template":"","format":"standard","meta":{"footnotes":""},"categories":[273],"tags":[27843,5773,313,312,168,25,24,38419,1156,5602,23,167,325],"class_list":{"0":"post-113491","1":"post","2":"type-post","3":"status-publish","4":"format-standard","5":"has-post-thumbnail","7":"category-ciclismo","8":"tag-activistas","9":"tag-campeon","10":"tag-ciclismo","11":"tag-cycling","12":"tag-deportes","13":"tag-es","14":"tag-espana","15":"tag-insolidarios","16":"tag-muestra","17":"tag-orgullo","18":"tag-spain","19":"tag-sports","20":"tag-vingegaard"},"share_on_mastodon":{"url":"","error":""},"_links":{"self":[{"href":"https:\/\/www.europesays.com\/es\/wp-json\/wp\/v2\/posts\/113491","targetHints":{"allow":["GET"]}}],"collection":[{"href":"https:\/\/www.europesays.com\/es\/wp-json\/wp\/v2\/posts"}],"about":[{"href":"https:\/\/www.europesays.com\/es\/wp-json\/wp\/v2\/types\/post"}],"author":[{"embeddable":true,"href":"https:\/\/www.europesays.com\/es\/wp-json\/wp\/v2\/users\/2"}],"replies":[{"embeddable":true,"href":"https:\/\/www.europesays.com\/es\/wp-json\/wp\/v2\/comments?post=113491"}],"version-history":[{"count":0,"href":"https:\/\/www.europesays.com\/es\/wp-json\/wp\/v2\/posts\/113491\/revisions"}],"wp:featuredmedia":[{"embeddable":true,"href":"https:\/\/www.europesays.com\/es\/wp-json\/wp\/v2\/media\/113492"}],"wp:attachment":[{"href":"https:\/\/www.europesays.com\/es\/wp-json\/wp\/v2\/media?parent=113491"}],"wp:term":[{"taxonomy":"category","embeddable":true,"href":"https:\/\/www.europesays.com\/es\/wp-json\/wp\/v2\/categories?post=113491"},{"taxonomy":"post_tag","embeddable":true,"href":"https:\/\/www.europesays.com\/es\/wp-json\/wp\/v2\/tags?post=113491"}],"curies":[{"name":"wp","href":"https:\/\/api.w.org\/{rel}","templated":true}]}}