{"id":113499,"date":"2025-09-14T02:45:09","date_gmt":"2025-09-14T02:45:09","guid":{"rendered":"https:\/\/www.europesays.com\/es\/113499\/"},"modified":"2025-09-14T02:45:09","modified_gmt":"2025-09-14T02:45:09","slug":"una-gran-novela-para-la-rentree-sobre-la-busqueda-de-identidad","status":"publish","type":"post","link":"https:\/\/www.europesays.com\/es\/113499\/","title":{"rendered":"una gran novela para la &#8216;rentr\u00e9e&#8217; sobre la b\u00fasqueda de identidad"},"content":{"rendered":"<p id=\"paragraph_1\">La temporada empieza fuerte, al menos si miramos al nuevo trabajo de Sara Jaramillo Klinkert (Medell\u00edn, Colombia, 1979).<\/p>\n<p><img loading=\"lazy\" decoding=\"async\" alt=\"\" height=\"2583\" src=\"https:\/\/www.europesays.com\/es\/wp-content\/uploads\/2025\/09\/1003743916089_258535251_1706x2583.jpg\" width=\"1706\" data-lazy-status=\"processed\" data-lazy-info=\"remove loading item 1\"\/><\/p>\n<p>El cielo est\u00e1 vac\u00edo<\/p>\n<p><strong>Sara Jaramillo Klinkert<\/strong><\/p>\n<p>Lumen, 2025. 330 p\u00e1ginas. 22,90 \u20ac<\/p>\n<p class=\"paragraph\" id=\"paragraph_2\">La autora, que tambi\u00e9n es periodista, hab\u00eda conseguido notoriedad tras la publicaci\u00f3n de su primera novela \u2013C\u00f3mo mat\u00e9 a mi padre (2020)\u2013, una narraci\u00f3n avalada por <a href=\"https:\/\/www.elespanol.com\/el-cultural\/letras\/20250528\/hector-abad-faciolince-guerra-momentos-modorra-tiempo-enamorarse\/1003743777201_0.html?utm_cmp_rs=linksinline\" rel=\"nofollow noopener\" target=\"_blank\">H\u00e9ctor Abad Faciolince.<\/a><\/p>\n<p>En ella, Jaramillo Klinkert se adentraba en un tema que hasta entonces hab\u00eda considerado tab\u00fa: <strong>el asesinato de su padre<\/strong> a manos de un sicario cuando ten\u00eda once a\u00f1os.<\/p>\n<p class=\"paragraph\" id=\"paragraph_3\">De marcado car\u00e1cter autobiogr\u00e1fico, la obra mostraba c\u00f3mo se desmoronaba el universo familiar tras la muerte del patriarca y c\u00f3mo, pasado el tiempo, la protagonista lograba reconstruir su mundo y recuperar su vida.<\/p>\n<p><img decoding=\"async\" alt=\"Retrato de Mercerdes Deambrosis. Foto: Tangi Bert\u00edn.\" height=\"180\" loading=\"lazy\" width=\"320\" data-lazy-status=\"processed\" id=\"e493f39cdc\" src=\"https:\/\/www.elespanol.com\/el-cultural\/letras\/novela\/20250914\/cielo-vacio-sara-jaramillo-klinkert-gran-novela-rentree-busqueda-identidad\/[\" https:=\"\" data-lazy-info=\"changed src\"\/><\/p>\n<p class=\"paragraph\" id=\"paragraph_4\">Despu\u00e9s de este trabajo emblem\u00e1tico, la narradora colombiana public\u00f3 otros dos \u2013Donde cantan las ballenas (2021) y Escrito en la piel del jaguar (2023)\u2013 que igualmente fueron bien acogidos.<\/p>\n<p>En El cielo est\u00e1 vac\u00edo Sara Jaramillo Klinkert explora<strong> el desarrollo vital de una joven y su crecimiento personal.<\/strong> <\/p>\n<p>La novela empieza en el presente, cuando aquella muchacha es una mujer madura y est\u00e1 casada (el dato no es balad\u00ed porque antes hab\u00eda rechazado la sumisi\u00f3n que supone el matrimonio).<\/p>\n<p class=\"paragraph\" id=\"paragraph_5\">En esta circunstancia, recibe un aviso de un antiguo amante \u2013el ingl\u00e9s\u2013, que la cita en su propia ciudad, a la que \u00e9l se ha desplazado desde Inglaterra.<\/p>\n<p><img decoding=\"async\" alt=\"Vanesa Lemm. Foto: University of Greenwich\" height=\"180\" loading=\"lazy\" width=\"320\" data-lazy-status=\"processed\" id=\"9113403988\" src=\"https:\/\/www.elespanol.com\/el-cultural\/letras\/novela\/20250914\/cielo-vacio-sara-jaramillo-klinkert-gran-novela-rentree-busqueda-identidad\/[\" https:=\"\" data-lazy-info=\"changed src\"\/><\/p>\n<p class=\"paragraph\" id=\"paragraph_6\">El mensaje la hace regresar al pasado y la obliga a recordar lo que sucedi\u00f3 durante los meses en los que mantuvieron una relaci\u00f3n. <\/p>\n<p>La mujer hab\u00eda dejado atr\u00e1s su Medell\u00edn natal y hu\u00eda del entorno familiar y del espacio conocido para instalarse en Londres. Ten\u00eda veintitr\u00e9s a\u00f1os, un juicio precario sobre s\u00ed misma y toda la vida por delante.<\/p>\n<p class=\"paragraph\" id=\"paragraph_7\">El texto est\u00e1 formado por una especie de prefacio, un ep\u00edlogo y cuatro partes cuyos t\u00edtulos responden a las estaciones del a\u00f1o, empezando por el \u201cInvierno\u201d, siguiendo por la \u201cPrimavera\u201d y el \u201cVerano\u201d, y terminando en el \u201cOto\u00f1o\u201d.<\/p>\n<blockquote class=\"content__blockquote\">\n<p class=\"blockquote__quote\">Gran novela para la rentr\u00e9e. Llena de atractivo, muestra el crecimiento personal de la protagonista<\/p>\n<\/blockquote>\n<p class=\"paragraph\" id=\"paragraph_8\">Las distintas etapas est\u00e1n marcadas por el tiempo londinense, poco clemente para alguien acostumbrado a un clima c\u00e1lido, sobre todo cuando la historia se inicia en la \u00e9poca m\u00e1s fr\u00eda.<\/p>\n<p class=\"paragraph\" id=\"paragraph_9\">La intenci\u00f3n de la joven es <strong>huir de la casa familiar para intentar descubrirse,<\/strong> aunque lo que dice oficialmente es que quiere darse un tiempo con Antonio \u2013su novio\u2013, aprender ingl\u00e9s y ver la nieve.<\/p>\n<p class=\"paragraph\" id=\"paragraph_10\">Tambi\u00e9n la acompa\u00f1a un prop\u00f3sito secreto y vergonzoso que solo se confiesa para sus adentros y que justifica los excursos metaliterarios: escribir una novela.<\/p>\n<p class=\"paragraph\" id=\"paragraph_11\">En su destino londinense, la protagonista tiene que aceptar cualquier trabajo porque necesita dinero para vivir, y este hecho la pondr\u00e1 en relaci\u00f3n con diferentes individuos que marcar\u00e1n su estancia: desde un muchacho ensimismado y melanc\u00f3lico con el que hab\u00eda contactado por internet \u2013Alister\u2013, hasta un compatriota que habita el submundo \u2013Milton\u2013, pasando por un anciano al que cuidar\u00e1 en las \u00faltimas semanas \u2013Mr. Barnato\u2013 o un profesor de Universidad que le dobla la edad y que se convierte en su amante.<\/p>\n<p><img decoding=\"async\" alt=\"La escritora Pilar Tena. Foto: \u00d3scar Chamorro\" height=\"180\" loading=\"lazy\" width=\"320\" data-lazy-status=\"processed\" id=\"c407f2e725\" src=\"https:\/\/www.elespanol.com\/el-cultural\/letras\/novela\/20250914\/cielo-vacio-sara-jaramillo-klinkert-gran-novela-rentree-busqueda-identidad\/[\" https:=\"\" data-lazy-info=\"changed src\"\/><\/p>\n<p class=\"paragraph\" id=\"paragraph_12\">La obra, <strong>llena de matices y de atractivo<\/strong>, muestra el crecimiento personal de la protagonista y en ello revela su universalidad, aunque no solo.<\/p>\n<p class=\"paragraph\" id=\"paragraph_13\">Tambi\u00e9n coadyuvan los temas que aborda desde la sensibilidad: la soledad, la extra\u00f1eza de encontrar a alguien, los miedos y las dudas, las decisiones que tomamos en la vida, las convicciones que abandonamos, lo perdidos que estamos en un mundo sin amigos y sin referentes,<strong> lo dif\u00edcil que es vivir en otro pa\u00eds y sentirse extranjero<\/strong>\u2026 <\/p>\n<p>Y se detiene en algunos motivos suficientemente enfatizados: el apoyo de la familia y la necesidad de sentirse acogido, la complejidad de una relaci\u00f3n amorosa y la debilidad del ser humano. Gran novela para la rentr\u00e9e. <\/p>\n","protected":false},"excerpt":{"rendered":"La temporada empieza fuerte, al menos si miramos al nuevo trabajo de Sara Jaramillo Klinkert (Medell\u00edn, Colombia, 1979).&hellip;\n","protected":false},"author":2,"featured_media":113500,"comment_status":"","ping_status":"","sticky":false,"template":"","format":"standard","meta":{"footnotes":""},"categories":[172],"tags":[224,146,147,25,24,225,1645,2879,23],"class_list":{"0":"post-113499","1":"post","2":"type-post","3":"status-publish","4":"format-standard","5":"has-post-thumbnail","7":"category-libros","8":"tag-books","9":"tag-entertainment","10":"tag-entretenimiento","11":"tag-es","12":"tag-espana","13":"tag-libros","14":"tag-novela","15":"tag-novelas","16":"tag-spain"},"share_on_mastodon":{"url":"","error":""},"_links":{"self":[{"href":"https:\/\/www.europesays.com\/es\/wp-json\/wp\/v2\/posts\/113499","targetHints":{"allow":["GET"]}}],"collection":[{"href":"https:\/\/www.europesays.com\/es\/wp-json\/wp\/v2\/posts"}],"about":[{"href":"https:\/\/www.europesays.com\/es\/wp-json\/wp\/v2\/types\/post"}],"author":[{"embeddable":true,"href":"https:\/\/www.europesays.com\/es\/wp-json\/wp\/v2\/users\/2"}],"replies":[{"embeddable":true,"href":"https:\/\/www.europesays.com\/es\/wp-json\/wp\/v2\/comments?post=113499"}],"version-history":[{"count":0,"href":"https:\/\/www.europesays.com\/es\/wp-json\/wp\/v2\/posts\/113499\/revisions"}],"wp:featuredmedia":[{"embeddable":true,"href":"https:\/\/www.europesays.com\/es\/wp-json\/wp\/v2\/media\/113500"}],"wp:attachment":[{"href":"https:\/\/www.europesays.com\/es\/wp-json\/wp\/v2\/media?parent=113499"}],"wp:term":[{"taxonomy":"category","embeddable":true,"href":"https:\/\/www.europesays.com\/es\/wp-json\/wp\/v2\/categories?post=113499"},{"taxonomy":"post_tag","embeddable":true,"href":"https:\/\/www.europesays.com\/es\/wp-json\/wp\/v2\/tags?post=113499"}],"curies":[{"name":"wp","href":"https:\/\/api.w.org\/{rel}","templated":true}]}}