{"id":113511,"date":"2025-09-14T02:55:09","date_gmt":"2025-09-14T02:55:09","guid":{"rendered":"https:\/\/www.europesays.com\/es\/113511\/"},"modified":"2025-09-14T02:55:09","modified_gmt":"2025-09-14T02:55:09","slug":"estas-son-las-provincias-en-alerta","status":"publish","type":"post","link":"https:\/\/www.europesays.com\/es\/113511\/","title":{"rendered":"estas son las provincias en alerta"},"content":{"rendered":"<p class=\"c-paragraph\">La Pen\u00ednsula atravesar\u00e1 este domingo una jornada marcada por la estabilidad y temperaturas en ascenso, si bien Catalu\u00f1a y la Comunidad Valenciana activar\u00e1n <b>alertas <\/b>en la madrugada por <b>lluvias<\/b>, seg\u00fan la previsi\u00f3n de la Agencia Estatal de Meteorolog\u00eda (<a href=\"https:\/\/www.20minutos.es\/tags\/instituciones-empresas\/agencia-estatal-de-meteorologia-aemet.html\" title=\"Agencia Estatal de Meteorolog\u00eda (AEMET)\" rel=\"nofollow noopener\" target=\"_blank\">Aemet<\/a>).<\/p>\n<p class=\"c-paragraph\">En concreto, los <b>avisos por lluvia y tormenta<\/b> afectar\u00e1n en la madrugada a las provincias de Tarragona y Castell\u00f3n por la entrada de una masa h\u00fameda mediterr\u00e1nea que dejar\u00e1 abundante nubosidad y precipitaciones de consideraci\u00f3n.<\/p>\n<p class=\"c-paragraph\">Asimismo, las islas <b>Canarias <\/b>pondr\u00e1n en estado de riesgo a Gran Canaria, La Palma, La Gomera, El Hierro y Tenerife por la previsi\u00f3n de <b>fuertes vientos y oleaje<\/b>, mientras que las andaluzas C\u00e1diz, C\u00f3rdoba y Granada activar\u00e1n la alerta amarilla por altas temperaturas.<\/p>\n<p class=\"c-paragraph\">En un plano m\u00e1s amplio sobre la evoluci\u00f3n meteorol\u00f3gica de la jornada, Aemet ha previsto una situaci\u00f3n de estabilidad con <b>cielos poco nubosos o despejados<\/b> en la mayor parte del pa\u00eds.<\/p>\n<p class=\"c-paragraph\">Con todo, al igual que en el flanco oriental de la Pen\u00ednsula, la fachada occidental recibir\u00e1 la <b>entrada de una masa h\u00fameda atl\u00e1ntica<\/b>, si bien en esta regi\u00f3n el impacto se limitar\u00e1 a cielos nubosos o cubiertos con precipitaciones d\u00e9biles y dispersas en el oeste de Galicia.<\/p>\n<p class=\"c-paragraph\">Tambi\u00e9n se espera <b>nubosidad baja en el norte de las Islas Canarias<\/b> de mayor relieve, mientras que por la tarde habr\u00e1 intervalos de nubosidad de evoluci\u00f3n en interiores del tercio este peninsular.<\/p>\n<p class=\"c-paragraph\">De su lado, Aemet ha apuntado a la posible presencia de <b>bancos de niebla matinales<\/b> en interiores de los tercios norte y este peninsular y puntos de Baleares, con posibles brumas costeras en Albor\u00e1n y litoral atl\u00e1ntico gallego.<\/p>\n<p class=\"c-paragraph\">En lo referente a las <b>temperaturas<\/b>, se ha pronosticado que las <b>m\u00e1ximas <\/b>perder\u00e1n fuerza en la Comunidad Valenciana, Murcia, Almer\u00eda y zonas aleda\u00f1as, as\u00ed como localmente en otros puntos de la costa mediterr\u00e1nea, mientras que coger\u00e1n tracci\u00f3n en Canarias, Ceuta, Melilla y mitad norte peninsular, de forma localmente notable en el Cant\u00e1brico oriental interior y alto Ebro.<\/p>\n<p class=\"c-paragraph\">Cabe destacar que en la zona del Guadalquivir el mercurio llegar\u00e1 hasta los <b>36-38\u00baC<\/b>.<\/p>\n<p class=\"c-paragraph\">En cuanto a las <b>temperaturas m\u00ednimas<\/b>, la previsi\u00f3n es que aumenten en el tercio noroeste peninsular, con descensos en el Ebro y otras depresiones del nordeste y con pocos cambios en el resto, en tanto que no bajar\u00e1n de los 20\u00ba grados en litorales mediterr\u00e1neos y Guadalquivir.<\/p>\n<p class=\"c-paragraph\">Sobre los <b>vientos<\/b>, se ha vaticinado que en Canarias soplar\u00e1 alisio con <b>intervalos de fuerte y rachas muy fuertes<\/b>, mientras que en la Pen\u00ednsula y Baleares soplar\u00e1n flojos en general, con intervalos moderados en litorales, especialmente en los del norte de Galicia con posibles intervalos fuertes.<\/p>\n<p class=\"c-paragraph\">El viento predominar\u00e1 de <b>componente este en el Levante<\/b> y cuadrante sureste peninsular, con poniente en el Estrecho y Albor\u00e1n rolando a levante, y predominio de componentes oeste y norte en el resto.<\/p>\n<p>Predicci\u00f3n por comunidades aut\u00f3nomas<\/p>\n<p class=\"c-paragraph\"><b>&#8211; GALICIA<\/b>: brumas matinales y vespertinas en zonas altas de interior y R\u00edas Baixas con probables nieblas asociadas. Nuboso o cubierto, disminuyendo a poco nuboso y aumentan a nuboso o cubierto de nuevo y probables precipitaciones d\u00e9biles dispersas en las R\u00edas. Temperaturas en ascenso. Viento flojo o flojo de direcci\u00f3n variable.<\/p>\n<p class=\"c-paragraph\"><b>&#8211; ASTURIAS<\/b>: poco nuboso, con alg\u00fan intervalo de nubes bajas. Temperaturas en ascenso, localmente notable en el caso de las m\u00e1ximas. Viento flojo.<\/p>\n<p class=\"c-paragraph\"><b>&#8211; CANTABRIA<\/b>: poco nuboso, tendiendo a nuboso. Temperaturas m\u00ednimas con pocos cambios y m\u00e1ximas en ascenso que podr\u00eda ser localmente notable. Viento flojo o flojo variable.<\/p>\n<p class=\"c-paragraph\"><b>&#8211; PA\u00cdS VASCO<\/b>: probables brumas y bancos de niebla aislados. Poco nuboso o despejado, tendiendo a nuboso \u00c1lava. Temperaturas m\u00ednimas sin cambios significativos y m\u00e1ximas en ascenso, que podr\u00eda ser localmente notable en amplias zonas de \u00c1lava. Viento flojo, \u00a0tendiendo a quedar variable.<\/p>\n<p class=\"c-paragraph\"><b>&#8211; CASTILLA Y LE\u00d3N<\/b>: probables bancos de niebla matinales en valles del norte. Poco nuboso o despejado. Temperaturas m\u00ednimas en ligero ascenso o ligero descenso; m\u00e1ximas en ascenso moderado, m\u00e1s acusado en zonas de monta\u00f1a del norte. Viento flojo en general.<\/p>\n<p class=\"c-paragraph\"><b>&#8211; NAVARRA<\/b>: intervalos matinales de nubes medias y altas en el Pirineo y el noroeste, y poco nuboso o despejado en el resto. Temperaturas m\u00ednimas sin cambios o con descensos locales, y m\u00e1ximas en ascenso que podr\u00eda ser localmente notable. Viento flojo variable.<\/p>\n<p class=\"c-paragraph\"><b>&#8211; LA RIOJA<\/b>: poco nuboso o despejado. Temperaturas m\u00ednimas en ligero descenso, y m\u00e1ximas en ascenso. Viento variable, flojo.<\/p>\n<p class=\"c-paragraph\"><b>&#8211; ARAG\u00d3N<\/b>: Cielo despejado, excepto intervalos de nubosidad en el sureste de Teruel y en la divisoria del Pirineo. Temperaturas m\u00ednimas en descenso y m\u00e1ximas en ascenso. Viento flojo de direcci\u00f3n variable, con tendencia a r\u00e9gimen de brisas de valle.<\/p>\n<p class=\"c-paragraph\"><b>&#8211; CATALU\u00d1A<\/b>: nuboso, con nubes baja en la Depresi\u00f3n Central y Tarragona y poco nuboso en el resto, con tendencia a quedar despejado al mediod\u00eda, excepto en el litoral de Tarragona, donde hay probabilidad de chubascos localmente fuertes, y en el Pirineo oriental. Temperaturas m\u00ednimas en descenso o sin cambios; m\u00e1ximas en ascenso. Viento flojo y variable.<\/p>\n<p class=\"c-paragraph\"><b>&#8211; EXTREMADURA<\/b>: poco nuboso, con alg\u00fan intervalo de nubes altas. Temperaturas m\u00ednimas sin cambios, y m\u00e1ximas en ligero ascenso. Viento variable y flojo.<\/p>\n<p class=\"c-paragraph\"><b>&#8211; COMUNIDAD DE MADRID<\/b>: poco nuboso o despejado. Temperaturas m\u00ednimas con cambios ligeros; m\u00e1ximas con pocos cambios, salvo en la Sierra, donde se esperan ascensos ligeros. Viento flojo variable.<\/p>\n<p class=\"c-paragraph\"><b>&#8211; CASTILLA-LA MANCHA<\/b>: poco nuboso, con nubosidad baja en el cuadrante sureste, acompa\u00f1ada de brumas y bancos de niebla y algo de nubosidad de evoluci\u00f3n. Temperaturas m\u00ednimas con cambios ligeros; m\u00e1ximas con ligeros ascensos o descensos moderados. Viento flojo variable.<\/p>\n<p class=\"c-paragraph\"><b>&#8211; COMUNIDAD VALENCIANA<\/b>: nuboso en Castell\u00f3n e intervalos nubosos en Valencia y Alicante, con tendencia a disminuir. Probabilidad de chubascos en los litorales de Castell\u00f3n, Valencia y tercio norte de Alicante, sin descartar que sean localmente fuertes en el litoral norte de Castell\u00f3n. Temperaturas m\u00ednimas en ascenso o sin cambios; m\u00e1ximas en descenso. Viento flojo con intervalos de moderado.<\/p>\n<p class=\"c-paragraph\"><b>&#8211; REGI\u00d3N DE MURCIA<\/b>: poco nuboso, con intervalos de nubes bajas matinales. Nubosidad de evoluci\u00f3n diurna en las sierras del norte de la regi\u00f3n, donde hay una peque\u00f1a probabilidad de chubascos aislados. Temperaturas m\u00ednimas sin cambios o en ligero ascenso; m\u00e1ximas en descenso. Vientos flojos variables, con intervalos moderados.<\/p>\n<p class=\"c-paragraph\"><b>&#8211; BALEARES<\/b>: intervalos nubosos tendiendo a poco nuboso, con nubes de evoluci\u00f3n en Mallorca, donde no se descarta alg\u00fan chubasco ocasional y brumas matinales. Temperaturas con pocos cambios, o en descenso. Viento entre flojo y moderado con brisas costeras.<\/p>\n<p class=\"c-paragraph\"><b>&#8211; ANDALUC\u00cdA<\/b>: poco nuboso o despejado, con intervalos de nubes bajas y brumas matinales en el litoral mediterr\u00e1neo y el Estrecho, sin descartar bancos de niebla. Nubosidad de evoluci\u00f3n diurna en las sierras, con peque\u00f1a probabilidad de chubascos aislados. Temperaturas con pocos cambios. Vientos flojos a moderados o flojos variables.<\/p>\n<p class=\"c-paragraph\"><b>&#8211; CANARIAS<\/b>: poco nuboso o despejado en general, salvo en el norte de las islas monta\u00f1osas. Temperaturas con pocos cambios o en ligero ascenso. Se podr\u00e1n alcanzar los 30 &#8211; 32 \u00b0C en el sur de las islas orientales. En las vertientes orientadas al sur de Tenerife y en el oeste de La Palma, no se descarta que se alcancen los 30 \u00b0C. Viento moderado con intervalos de fuerte, sin descartar rachas muy fuertes.<\/p>\n","protected":false},"excerpt":{"rendered":"La Pen\u00ednsula atravesar\u00e1 este domingo una jornada marcada por la estabilidad y temperaturas en ascenso, si bien Catalu\u00f1a&hellip;\n","protected":false},"author":2,"featured_media":113512,"comment_status":"","ping_status":"","sticky":false,"template":"","format":"standard","meta":{"footnotes":""},"categories":[8],"tags":[17,18,13643,25,24,13,14,11,38423,19,20,1179,23620,9,10,15,16,4191,23,12,21,22],"class_list":{"0":"post-113511","1":"post","2":"type-post","3":"status-publish","4":"format-standard","5":"has-post-thumbnail","7":"category-espana","8":"tag-breaking-news","9":"tag-breakingnews","10":"tag-dejara","11":"tag-es","12":"tag-espana","13":"tag-featured-news","14":"tag-featurednews","15":"tag-headlines","16":"tag-humedas","17":"tag-latest-news","18":"tag-latestnews","19":"tag-mas","20":"tag-masas","21":"tag-news","22":"tag-noticias","23":"tag-noticias-destacadas","24":"tag-noticiasdestacadas","25":"tag-paso","26":"tag-spain","27":"tag-titulares","28":"tag-ultimas-noticias","29":"tag-ultimasnoticias"},"share_on_mastodon":{"url":"","error":""},"_links":{"self":[{"href":"https:\/\/www.europesays.com\/es\/wp-json\/wp\/v2\/posts\/113511","targetHints":{"allow":["GET"]}}],"collection":[{"href":"https:\/\/www.europesays.com\/es\/wp-json\/wp\/v2\/posts"}],"about":[{"href":"https:\/\/www.europesays.com\/es\/wp-json\/wp\/v2\/types\/post"}],"author":[{"embeddable":true,"href":"https:\/\/www.europesays.com\/es\/wp-json\/wp\/v2\/users\/2"}],"replies":[{"embeddable":true,"href":"https:\/\/www.europesays.com\/es\/wp-json\/wp\/v2\/comments?post=113511"}],"version-history":[{"count":0,"href":"https:\/\/www.europesays.com\/es\/wp-json\/wp\/v2\/posts\/113511\/revisions"}],"wp:featuredmedia":[{"embeddable":true,"href":"https:\/\/www.europesays.com\/es\/wp-json\/wp\/v2\/media\/113512"}],"wp:attachment":[{"href":"https:\/\/www.europesays.com\/es\/wp-json\/wp\/v2\/media?parent=113511"}],"wp:term":[{"taxonomy":"category","embeddable":true,"href":"https:\/\/www.europesays.com\/es\/wp-json\/wp\/v2\/categories?post=113511"},{"taxonomy":"post_tag","embeddable":true,"href":"https:\/\/www.europesays.com\/es\/wp-json\/wp\/v2\/tags?post=113511"}],"curies":[{"name":"wp","href":"https:\/\/api.w.org\/{rel}","templated":true}]}}