{"id":113517,"date":"2025-09-14T02:59:08","date_gmt":"2025-09-14T02:59:08","guid":{"rendered":"https:\/\/www.europesays.com\/es\/113517\/"},"modified":"2025-09-14T02:59:08","modified_gmt":"2025-09-14T02:59:08","slug":"chicho-medina-se-despide-de-la-ufc-sin-conocer-la-victoria","status":"publish","type":"post","link":"https:\/\/www.europesays.com\/es\/113517\/","title":{"rendered":"&#8216;Chicho&#8217; Medina se despide de la UFC sin conocer la victoria"},"content":{"rendered":"<p>Jos\u00e9 Daniel &#8216;<strong>Chicho&#8217; Medina <\/strong>no pudo prolongar su camino en la m\u00e1xima vitrina de las artes marciales mixtas. El boliviano cay\u00f3 este s\u00e1bado por sumisi\u00f3n en el primer asalto frente al serbio Du\u0161ko Todorovi\u0107, en la cartelera de Noche UFC, disputada en San Antonio, Texas.<\/p>\n<p><strong>La derrota, que lleg\u00f3 a los 4:21 minutos con un rear-naked choke, <\/strong>signific\u00f3 la tercera consecutiva para el peleador cruce\u00f1o y sell\u00f3 su salida de la organizaci\u00f3n. Con este resultado, Medina cierra un ciclo breve, pero significativo: fue el primer boliviano en lograr un contrato activo con la UFC, un hito que abri\u00f3 las puertas a que el pa\u00eds figure en el mapa de la disciplina.<\/p>\n<p>M\u00e1s all\u00e1 de los resultados deportivos, su paso por el oct\u00e1gono represent\u00f3 un aprendizaje y un impulso para las nuevas generaciones de peleadores bolivianos que sue\u00f1an con competir a nivel internacional. Medina, que inici\u00f3 su carrera en circuitos regionales y escal\u00f3 hasta la \u00e9lite, deja una huella como pionero y referente para el MMA en Bolivia.<\/p>\n<p>Ahora, el futuro de &#8216;Chicho&#8217; se abre a nuevos caminos, con la experiencia de haber competido en la liga m\u00e1s exigente del mundo y la motivaci\u00f3n de seguir ligado a un deporte en el que a\u00fan tiene mucho por aportar, ya sea arriba o fuera del oct\u00e1gono.<\/p>\n<p>Oriente Petrolero debut\u00f3 con triunfo en el estadio Real Santa Cruz y logr\u00f3 su primera victoria bajo el mando de \u00c1lvaro Pe\u00f1a. Con goles de \u00c1lvarez, Salvatierra y Abastoflor, el refinero suma 22 puntos y sue\u00f1a con un torneo internacional.<\/p>\n","protected":false},"excerpt":{"rendered":"Jos\u00e9 Daniel &#8216;Chicho&#8217; Medina no pudo prolongar su camino en la m\u00e1xima vitrina de las artes marciales mixtas.&hellip;\n","protected":false},"author":2,"featured_media":113518,"comment_status":"","ping_status":"","sticky":false,"template":"","format":"standard","meta":{"footnotes":""},"categories":[276],"tags":[965,168,25,24,23,167,343],"class_list":{"0":"post-113517","1":"post","2":"type-post","3":"status-publish","4":"format-standard","5":"has-post-thumbnail","7":"category-ufc","8":"tag-chicho-medina","9":"tag-deportes","10":"tag-es","11":"tag-espana","12":"tag-spain","13":"tag-sports","14":"tag-ufc"},"share_on_mastodon":{"url":"","error":""},"_links":{"self":[{"href":"https:\/\/www.europesays.com\/es\/wp-json\/wp\/v2\/posts\/113517","targetHints":{"allow":["GET"]}}],"collection":[{"href":"https:\/\/www.europesays.com\/es\/wp-json\/wp\/v2\/posts"}],"about":[{"href":"https:\/\/www.europesays.com\/es\/wp-json\/wp\/v2\/types\/post"}],"author":[{"embeddable":true,"href":"https:\/\/www.europesays.com\/es\/wp-json\/wp\/v2\/users\/2"}],"replies":[{"embeddable":true,"href":"https:\/\/www.europesays.com\/es\/wp-json\/wp\/v2\/comments?post=113517"}],"version-history":[{"count":0,"href":"https:\/\/www.europesays.com\/es\/wp-json\/wp\/v2\/posts\/113517\/revisions"}],"wp:featuredmedia":[{"embeddable":true,"href":"https:\/\/www.europesays.com\/es\/wp-json\/wp\/v2\/media\/113518"}],"wp:attachment":[{"href":"https:\/\/www.europesays.com\/es\/wp-json\/wp\/v2\/media?parent=113517"}],"wp:term":[{"taxonomy":"category","embeddable":true,"href":"https:\/\/www.europesays.com\/es\/wp-json\/wp\/v2\/categories?post=113517"},{"taxonomy":"post_tag","embeddable":true,"href":"https:\/\/www.europesays.com\/es\/wp-json\/wp\/v2\/tags?post=113517"}],"curies":[{"name":"wp","href":"https:\/\/api.w.org\/{rel}","templated":true}]}}