{"id":113519,"date":"2025-09-14T03:00:06","date_gmt":"2025-09-14T03:00:06","guid":{"rendered":"https:\/\/www.europesays.com\/es\/113519\/"},"modified":"2025-09-14T03:00:06","modified_gmt":"2025-09-14T03:00:06","slug":"joaquin-niemann-cumple-una-impecable-ronda-que-lo-ilusiona-con-los-primeros-puestos-del-bmw-pga-championship","status":"publish","type":"post","link":"https:\/\/www.europesays.com\/es\/113519\/","title":{"rendered":"Joaqu\u00edn Niemann cumple una impecable ronda que lo ilusiona con los primeros puestos del BMW PGA Championship"},"content":{"rendered":"<p class=\"article-body__paragraph\"><b>Joaqu\u00edn Niemann <\/b>tuvo una gran jornada este s\u00e1bado en el BMW PGA Championship. El chileno que disputa este torneo para no seguir cayendo en el escalaf\u00f3n de golfistas, en el que est\u00e1 109\u00b0, firm\u00f3 su mejor ronda del fin de semana.<\/p>\n<p class=\"article-body__paragraph\">En el torneo que se disputa en el Wentworth GC (Surrey, Inglaterra), no solo entrega unidades para la clasificaci\u00f3n, sino que tambi\u00e9n reparte nueve millones de d\u00f3lares en premios.<\/p>\n<p class=\"article-body__paragraph\">As\u00ed, despu\u00e9s de haber pasado con dificultades el corte de la competencia el viernes, este 13 de septiembre se repuso y logr\u00f3 destacar en el campo de juego, <b>registrando una tarjeta de 65 golpes (-7), que lo dej\u00f3 igualado en el puesto T12\u00b0 con -9 acumulado y a seis palos de los l\u00edderes Adrien Saddier y Alex Noren (-15)<\/b>.<\/p>\n<p class=\"article-body__paragraph\">En una tarde cargada de birdies, el chileno consigui\u00f3 el primero en la cuarta bandera, un complicado par 5 de 497 yardas. En el sexto hoyo consigui\u00f3 el segundo y en el octavo dej\u00f3 atr\u00e1s el doble bogey de la jornada inaugural para completarlo en tres palos, lo que le signific\u00f3 terminar la primera mitad del recorrido con tres golpes bajo el par.<\/p>\n<p class=\"article-body__paragraph\">En la segunda parte, marc\u00f3 nuevos birdies en las banderas 12, 14, 15 y 16. <b>Entre ellas destac\u00f3 lo hecho en la 14, pues en los d\u00edas previos hab\u00eda conseguido meter la pelota en el agujero con un golpe extra<\/b>. <\/p>\n<p class=\"article-body__paragraph\">Por cierto, en el 17, par 5 de 602 yardas, consigui\u00f3 dejar atr\u00e1s lo hecho el viernes cuando acab\u00f3 con dos golpes dem\u00e1s.<\/p>\n<p class=\"article-body__paragraph\">Este domingo Niemann saldr\u00e1 a competir a partir de las 06.40 horas de Chile y estar\u00e1 acompa\u00f1ado en el tee por el sueco Ludvig Aberg y el ingl\u00e9s Aaron Rai.<\/p>\n","protected":false},"excerpt":{"rendered":"Joaqu\u00edn Niemann tuvo una gran jornada este s\u00e1bado en el BMW PGA Championship. El chileno que disputa este&hellip;\n","protected":false},"author":2,"featured_media":113520,"comment_status":"","ping_status":"","sticky":false,"template":"","format":"standard","meta":{"footnotes":""},"categories":[275],"tags":[168,25,24,329,4544,744,23,167],"class_list":{"0":"post-113519","1":"post","2":"type-post","3":"status-publish","4":"format-standard","5":"has-post-thumbnail","7":"category-golf","8":"tag-deportes","9":"tag-es","10":"tag-espana","11":"tag-golf","12":"tag-joaquin-niemann","13":"tag-polideportivo","14":"tag-spain","15":"tag-sports"},"share_on_mastodon":{"url":"","error":""},"_links":{"self":[{"href":"https:\/\/www.europesays.com\/es\/wp-json\/wp\/v2\/posts\/113519","targetHints":{"allow":["GET"]}}],"collection":[{"href":"https:\/\/www.europesays.com\/es\/wp-json\/wp\/v2\/posts"}],"about":[{"href":"https:\/\/www.europesays.com\/es\/wp-json\/wp\/v2\/types\/post"}],"author":[{"embeddable":true,"href":"https:\/\/www.europesays.com\/es\/wp-json\/wp\/v2\/users\/2"}],"replies":[{"embeddable":true,"href":"https:\/\/www.europesays.com\/es\/wp-json\/wp\/v2\/comments?post=113519"}],"version-history":[{"count":0,"href":"https:\/\/www.europesays.com\/es\/wp-json\/wp\/v2\/posts\/113519\/revisions"}],"wp:featuredmedia":[{"embeddable":true,"href":"https:\/\/www.europesays.com\/es\/wp-json\/wp\/v2\/media\/113520"}],"wp:attachment":[{"href":"https:\/\/www.europesays.com\/es\/wp-json\/wp\/v2\/media?parent=113519"}],"wp:term":[{"taxonomy":"category","embeddable":true,"href":"https:\/\/www.europesays.com\/es\/wp-json\/wp\/v2\/categories?post=113519"},{"taxonomy":"post_tag","embeddable":true,"href":"https:\/\/www.europesays.com\/es\/wp-json\/wp\/v2\/tags?post=113519"}],"curies":[{"name":"wp","href":"https:\/\/api.w.org\/{rel}","templated":true}]}}