{"id":113523,"date":"2025-09-14T03:02:07","date_gmt":"2025-09-14T03:02:07","guid":{"rendered":"https:\/\/www.europesays.com\/es\/113523\/"},"modified":"2025-09-14T03:02:07","modified_gmt":"2025-09-14T03:02:07","slug":"el-increible-museo-que-honra-la-historia-de-lavuelta-marca","status":"publish","type":"post","link":"https:\/\/www.europesays.com\/es\/113523\/","title":{"rendered":"El incre\u00edble &#039;museo&#039; que honra la historia de LaVuelta &#8211; MARCA"},"content":{"rendered":"<ol>\n<li><a href=\"https:\/\/news.google.com\/rss\/articles\/CBMiogFBVV95cUxNZC1HMEcwQzNpUnVRckYtX19OdGlCaXlOX3FOMDY5dTFUYXV5VkRnaVY4Y01vbkNpOG9aRkJBcFdadzBJYXBNV2UyTEFhQXRvN1dXbFdWUDkwX0dkQy1YbWh5S3NYTFB4N2xvRHN1U0s5b3c5UmpiS3FlNHJYbDE1QmphUzUxTFdUSVFLTWxfZGY1S1IxVi1kS3AwQ3hOMjRKbUHSAaIBQVVfeXFMUDNrQlExcUVXeGdMRjctdzBwYUlpQjFyUU5sUEFteEtSUU40UUZkeFJoVWwzMy1vc0ttbkR0aGQxNThvQ2ZfWnRZVUhLSEIwTlM5cnBOVl9ubzN6OExyODF6dGdCN1Q2SGNCVHpMV2NhSmxsdklpOEJVMlVGaGp0bGV0a3NIT0MyZndCRXVxOTdzRXRNcjRpQzhrVHN2YVEyUFZ3?oc=5\" target=\"_blank\" rel=\"nofollow noopener\">El incre\u00edble &#8216;museo&#8217; que honra la historia de LaVuelta<\/a>&nbsp;&nbsp;MARCA<\/li>\n<li><a href=\"https:\/\/news.google.com\/rss\/articles\/CBMixAFBVV95cUxPTk1IeU12Snczc3g1R0NhQUx6bDVpNkNQVmtwY2RLY2hOcExCQU5aN216N2EzYmNVSmZzc1ZHbHdIWmthTWFScmFySmo0YklPamZYNms5SUJaMnJteWU5VFQtbDJWUG1QaWJrcEVlTnJoNVlsbTEtUE5WRmdaOW1kaEZQLVBPa1pBSDE0S0FRMWh1RVh0eTZXNXhnUkl1amxIR1RTUU0xTDY3aWhCYjlPakgxTVo5MnpEd2thLUxrVG1XZTNJ0gHEAUFVX3lxTE5HV211Q3J5MTl1T0dUTUFxUVNPd2pZVVVaZGJ2a1V3bUxDR3l5Mk5STjMyNnB0ZF93MF8wc0dMcTYyYnRiTDBxYzdRSjV3aXZxcmN2VkhsajN2OS1TLTJ0Q2dKdUttY1d2REJRa1g3S0dETUxJdWQ5UnVaaHhLS1pCUi1CYnBlMlBnOE55YVVIT0U5dXdIa0FkTWNMYW9pZUFBX1JVcWpINmZXbFhGS1VxakdPSHpfT2JrSUhKLVNJZzd0Zm8?oc=5\" target=\"_blank\" rel=\"nofollow noopener\">Una vuelta a la vuelta de la Vuelta<\/a>&nbsp;&nbsp;Onda Cero<\/li>\n<li><a href=\"https:\/\/news.google.com\/rss\/articles\/CBMi3gFBVV95cUxPYkJsZnowM3R3aURFU0R1RGdMaC1vclFYTWdtNV9WWnJTRGFoNkxNa0Z5d21NX1ZldXVYak5zODZ1ckxyWVlidFhJYW1aNTNVWUhkSTlZajQ4bDhTMC1GYm5STFVFY2VPSks2SF8zck8zLW9JRXRqWGNzSVZsZU81X1pDaDVMdWREWDhRZUFnWXhmS2IxZ2xieTZ4aEcyUnpmczE2SE9abDRMRnM2NVBKRmZBdWQtNzFsajI1NXlDb2ZyMWFfbjRhNHBGcVpybkU5Nl9MLUVnU0phWkJaRFHSAeMBQVVfeXFMTng2ZF9iS1pxd2dLcW5YcVhjTnNtY2RUVDRzLUhqSTdwcGtXTDEtSlhuR05EdEdJMUJvZGtOSE8weE9FY191M3lYamtQZWxrR3hxX01rdmtUbTJZRDNCbUM0dV85ZkF6OXhQaDdmazJETUFTSnIwVFI3WXFNRHM2VlpDOUVTRXlYMmVQOHhJcVFiWDFQQ1N3V01VZHJuVEpzXzdVMF9sYjI2WU5UdHQ0MVQ0bkQ3UjdqSUx4Z0pZWHlJTTNSdUZQeWJVZy02NHZOZ0hOV0RHXzRoelUyVFZsckoyQUk?oc=5\" target=\"_blank\" rel=\"nofollow noopener\">V\u00cdDEO | Guijuelo se vuelca con La Vuelta: fiesta y emoci\u00f3n 35 a\u00f1os despu\u00e9s<\/a>&nbsp;&nbsp;El Espa\u00f1ol<\/li>\n<li><a href=\"https:\/\/news.google.com\/rss\/articles\/CBMikgFBVV95cUxQb3MtMm5aZzdmZ29xcWdjVDVBMzNHMEdaWXlYOUplT1BPbVpWNVlDdkJoYWZnZ2R1eXc0cmcwMW1Da3V0SGlWenJwTnhocWRFaDFITWhwMlEzZkFhMFZ6TEkyU3pHYU1KUkVrcHNQanhXVXZPUWpZNUVGN2oxb2E4dk9MUl9zUjhyb1VQeGxUbFlNdw?oc=5\" target=\"_blank\" rel=\"nofollow noopener\">Agotadas las camisetas conmemorativas de La Vuelta<\/a>&nbsp;&nbsp;Radio Guijuelo<\/li>\n<li><a href=\"https:\/\/news.google.com\/rss\/articles\/CBMimgFBVV95cUxOZGV1ZmJXU0FEOHJqdm9vcWlsV1RkR0oyeW1PcVZyWkY0V2lvd3VKNWN0T3A1M1lobE50WE8tbVl3YnpBX0JzMFgyRGl5RE8tNDVxb3hKb0tfdE9od3dLZE80SVBPQnVkV0hKLWRjVW9odldzZGZVM29SWFVYRDhVZUVNM1FiYnNQTTB3R3c3WFVma3h1YTVuNXp3?oc=5\" target=\"_blank\" rel=\"nofollow noopener\">PODCAST: Guijuelo al D\u00eda viernes, 12 de septiembre de 2025<\/a>&nbsp;&nbsp;Radio Guijuelo<\/li>\n<\/ol>\n","protected":false},"excerpt":{"rendered":"El incre\u00edble &#8216;museo&#8217; que honra la historia de LaVuelta&nbsp;&nbsp;MARCA Una vuelta a la vuelta de la Vuelta&nbsp;&nbsp;Onda Cero&hellip;\n","protected":false},"author":2,"featured_media":113524,"comment_status":"","ping_status":"","sticky":false,"template":"","format":"standard","meta":{"footnotes":""},"categories":[273],"tags":[313,312,168,25,24,23,167],"class_list":{"0":"post-113523","1":"post","2":"type-post","3":"status-publish","4":"format-standard","5":"has-post-thumbnail","7":"category-ciclismo","8":"tag-ciclismo","9":"tag-cycling","10":"tag-deportes","11":"tag-es","12":"tag-espana","13":"tag-spain","14":"tag-sports"},"share_on_mastodon":{"url":"","error":""},"_links":{"self":[{"href":"https:\/\/www.europesays.com\/es\/wp-json\/wp\/v2\/posts\/113523","targetHints":{"allow":["GET"]}}],"collection":[{"href":"https:\/\/www.europesays.com\/es\/wp-json\/wp\/v2\/posts"}],"about":[{"href":"https:\/\/www.europesays.com\/es\/wp-json\/wp\/v2\/types\/post"}],"author":[{"embeddable":true,"href":"https:\/\/www.europesays.com\/es\/wp-json\/wp\/v2\/users\/2"}],"replies":[{"embeddable":true,"href":"https:\/\/www.europesays.com\/es\/wp-json\/wp\/v2\/comments?post=113523"}],"version-history":[{"count":0,"href":"https:\/\/www.europesays.com\/es\/wp-json\/wp\/v2\/posts\/113523\/revisions"}],"wp:featuredmedia":[{"embeddable":true,"href":"https:\/\/www.europesays.com\/es\/wp-json\/wp\/v2\/media\/113524"}],"wp:attachment":[{"href":"https:\/\/www.europesays.com\/es\/wp-json\/wp\/v2\/media?parent=113523"}],"wp:term":[{"taxonomy":"category","embeddable":true,"href":"https:\/\/www.europesays.com\/es\/wp-json\/wp\/v2\/categories?post=113523"},{"taxonomy":"post_tag","embeddable":true,"href":"https:\/\/www.europesays.com\/es\/wp-json\/wp\/v2\/tags?post=113523"}],"curies":[{"name":"wp","href":"https:\/\/api.w.org\/{rel}","templated":true}]}}