{"id":113527,"date":"2025-09-14T03:04:15","date_gmt":"2025-09-14T03:04:15","guid":{"rendered":"https:\/\/www.europesays.com\/es\/113527\/"},"modified":"2025-09-14T03:04:15","modified_gmt":"2025-09-14T03:04:15","slug":"el-albacete-basket-apenas-tuvo-rival-en-el-ceb-lliria","status":"publish","type":"post","link":"https:\/\/www.europesays.com\/es\/113527\/","title":{"rendered":"El Albacete Basket apenas tuvo rival en el CEB Ll\u00edria"},"content":{"rendered":"<p>El Bueno Arenas Albacete Basket confirm\u00f3 las buenas sensaciones del Trofeo de Feria con una victoria clara en el Pabell\u00f3n del Parque sobre el CEB Ll\u00edria en la primera jornada de la fase de grupos de la Copa de Espa\u00f1a.<\/p>\n<p>El conjunto verdinegro dej\u00f3 el encuentro muy encarrilado ya en el primer cuarto en el que super\u00f3 a su adversario con buenos porcentajes de tiro.<\/p>\n<p>El equipo albacetense administr\u00f3 bien la distancia y se lleg\u00f3 al descanso con un 57-40 cuya diferencia se mantuvo hasta el final para lograr el primer triunfo oficial de la temporada.<\/p>\n<p>El estadounidense Nick Reid, con 21 puntos, fue el m\u00e1ximo anotador del partido con 18 de valoraci\u00f3n, la misma que alcanzaron su compa\u00f1ero Amiel y el visitante Clement.<\/p>\n<p>Por el Albacete Basket jugaron\u00a0Amiel (14), V\u00edctor Aguilar (3), Reid (21), Chuso Gonz\u00e1lez (18), Bramble (17) -quinteto inicial-, Merlo (4), Conti (0), V\u00edctor Mu\u00f1oz (16), Alan Garc\u00eda (6), Jos\u00e9 Mar\u00eda Luj\u00e1n (3).<\/p>\n<p>\u00a0<\/p>\n","protected":false},"excerpt":{"rendered":"El Bueno Arenas Albacete Basket confirm\u00f3 las buenas sensaciones del Trofeo de Feria con una victoria clara en&hellip;\n","protected":false},"author":2,"featured_media":113528,"comment_status":"","ping_status":"","sticky":false,"template":"","format":"standard","meta":{"footnotes":""},"categories":[269],"tags":[36854,299,298,36995,168,25,24,36996,23,167,36997],"class_list":{"0":"post-113527","1":"post","2":"type-post","3":"status-publish","4":"format-standard","5":"has-post-thumbnail","7":"category-baloncesto","8":"tag-albacete-basket","9":"tag-baloncesto","10":"tag-basketball","11":"tag-david-varela","12":"tag-deportes","13":"tag-es","14":"tag-espana","15":"tag-pabellon-del-parque","16":"tag-spain","17":"tag-sports","18":"tag-victor-aguilar"},"share_on_mastodon":{"url":"","error":""},"_links":{"self":[{"href":"https:\/\/www.europesays.com\/es\/wp-json\/wp\/v2\/posts\/113527","targetHints":{"allow":["GET"]}}],"collection":[{"href":"https:\/\/www.europesays.com\/es\/wp-json\/wp\/v2\/posts"}],"about":[{"href":"https:\/\/www.europesays.com\/es\/wp-json\/wp\/v2\/types\/post"}],"author":[{"embeddable":true,"href":"https:\/\/www.europesays.com\/es\/wp-json\/wp\/v2\/users\/2"}],"replies":[{"embeddable":true,"href":"https:\/\/www.europesays.com\/es\/wp-json\/wp\/v2\/comments?post=113527"}],"version-history":[{"count":0,"href":"https:\/\/www.europesays.com\/es\/wp-json\/wp\/v2\/posts\/113527\/revisions"}],"wp:featuredmedia":[{"embeddable":true,"href":"https:\/\/www.europesays.com\/es\/wp-json\/wp\/v2\/media\/113528"}],"wp:attachment":[{"href":"https:\/\/www.europesays.com\/es\/wp-json\/wp\/v2\/media?parent=113527"}],"wp:term":[{"taxonomy":"category","embeddable":true,"href":"https:\/\/www.europesays.com\/es\/wp-json\/wp\/v2\/categories?post=113527"},{"taxonomy":"post_tag","embeddable":true,"href":"https:\/\/www.europesays.com\/es\/wp-json\/wp\/v2\/tags?post=113527"}],"curies":[{"name":"wp","href":"https:\/\/api.w.org\/{rel}","templated":true}]}}