{"id":113539,"date":"2025-09-14T03:15:15","date_gmt":"2025-09-14T03:15:15","guid":{"rendered":"https:\/\/www.europesays.com\/es\/113539\/"},"modified":"2025-09-14T03:15:15","modified_gmt":"2025-09-14T03:15:15","slug":"ios-26-estas-son-todas-las-novedades-que-trae-y-los-modelos-de-iphone-compatibles","status":"publish","type":"post","link":"https:\/\/www.europesays.com\/es\/113539\/","title":{"rendered":"iOS 26: estas son todas las novedades que trae y los modelos de iPhone compatibles"},"content":{"rendered":"<p><img alt=\"Una de las principales novedades\" class=\"global-image\" decoding=\"async\" fetchpriority=\"high\" height=\"3264\" loading=\"eager\" src=\"https:\/\/www.europesays.com\/es\/wp-content\/uploads\/2025\/09\/YTBYGVWNLBCYPJ5TLQ2KZJGIR4.JPG\" width=\"4896\"\/>Una de las principales novedades de iOS 26 es su nuevo redise\u00f1o visual, conocido como Liquid Glass. REUTERS\/Manuel Orbegozo\/File Photo<\/p>\n<p class=\"paragraph\"><b>El nuevo sistema operativo de <\/b><a href=\"https:\/\/www.infobae.com\/tag\/apple\/\" target=\"_blank\" rel=\"noreferrer nofollow noopener\" title=\"https:\/\/www.infobae.com\/tag\/apple\/\"><b>Apple <\/b><\/a><b>para <\/b><a href=\"https:\/\/www.infobae.com\/tag\/iphone\/\" target=\"_blank\" rel=\"noreferrer nofollow noopener\" title=\"https:\/\/www.infobae.com\/tag\/iphone\/\"><b>iPhone<\/b><\/a><b>, iOS 26, est\u00e1 a punto de lanzarse de manera p\u00fablica en todo el mundo.<\/b> Una de sus principales novedades es el redise\u00f1o visual llamado Liquid Glass.<\/p>\n<p class=\"paragraph\">Este efecto, seg\u00fan explic\u00f3 la compa\u00f1\u00eda, imita las propiedades del vidrio: refleja y refracta el entorno en tiempo real para resaltar el contenido en pantalla de forma m\u00e1s inmersiva.<\/p>\n<p class=\"paragraph\">Por primera vez, este estilo se aplicar\u00e1 de manera transversal en todos los sistemas operativos de Apple: iOS 26, iPadOS 26, macOS Tahoe 26, watchOS 26 y tvOS 26.<\/p>\n<p class=\"paragraph\">La empresa tambi\u00e9n se\u00f1al\u00f3 que los elementos de navegaci\u00f3n \u2014como controles, barras de herramientas y pesta\u00f1as\u2014 fueron redise\u00f1ados por completo. Antes ten\u00edan un aspecto plano y r\u00edgido; ahora adoptan formas que armonizan con el hardware actual, como las esquinas redondeadas del iPhone y otros dispositivos.<\/p>\n<p><img alt=\"Este redise\u00f1o tambi\u00e9n ajusta la\" class=\"global-image\" decoding=\"async\" fetchpriority=\"low\" height=\"700\" loading=\"lazy\" src=\"https:\/\/www.europesays.com\/es\/wp-content\/uploads\/2025\/09\/VQPQNYMYXNETRBAMP6GKIRMDRY.png\" width=\"1200\"\/>Este redise\u00f1o tambi\u00e9n ajusta la apariencia de los botones. (Apple)<\/p>\n<p class=\"paragraph\">Estas son algunas de las novedades que llegan con <b>iOS 26<\/b>:<\/p>\n<p class=\"paragraph\"><b>Funciones impulsadas por Apple Intelligence<\/b><\/p>\n<ul data-icon=\"\u2b24\" class=\"list\">\n<li data-icon=\"\u2b24\">Traducci\u00f3n en tiempo real de llamadas y mensajes.<\/li>\n<li data-icon=\"\u2b24\">Creaci\u00f3n de emojis personalizados con Genmoji.<\/li>\n<li data-icon=\"\u2b24\">Res\u00famenes autom\u00e1ticos de textos y generaci\u00f3n de recordatorios a partir de correos electr\u00f3nicos. <\/li>\n<\/ul>\n<p class=\"paragraph\"><b>Mejoras en aplicaciones nativas<\/b><\/p>\n<ul data-icon=\"\u2b24\" class=\"list\">\n<li data-icon=\"\u2b24\"><b>Mensajes<\/b>: incorpora encuestas en los chats y la opci\u00f3n de personalizar fondos de conversaci\u00f3n.<\/li>\n<li data-icon=\"\u2b24\"><b>Tel\u00e9fono<\/b>: unifica contactos favoritos, llamadas recientes y buz\u00f3n de voz en una sola vista.<\/li>\n<li data-icon=\"\u2b24\"><b>Safari<\/b>: adopta el dise\u00f1o Liquid Glass con una barra de direcciones m\u00e1s transparente.<\/li>\n<\/ul>\n<p><img alt=\"Este nuevo dise\u00f1o de la\" class=\"global-image\" decoding=\"async\" fetchpriority=\"low\" height=\"700\" loading=\"lazy\" src=\"https:\/\/www.europesays.com\/es\/wp-content\/uploads\/2025\/09\/XYE7RNQTIVHZVMHKJICDIXUVVM.png\" width=\"1200\"\/>Este nuevo dise\u00f1o de la interfaz se adapta a las aplicaciones que est\u00e9n en uso. (Apple)<\/p>\n<p class=\"paragraph\"><b>Integraciones adicionales<\/b><\/p>\n<ul data-icon=\"\u2b24\" class=\"list\">\n<li data-icon=\"\u2b24\"><b>CarPlay<\/b> a\u00f1ade la posibilidad de enviar contenido multimedia v\u00eda AirPlay desde el iPhone al veh\u00edculo, siempre que est\u00e9 detenido.<\/li>\n<\/ul>\n<p class=\"paragraph\">Estos son los iPhones compatibles con iOS 26:<\/p>\n<ul data-icon=\"\u2b24\" class=\"list\">\n<li data-icon=\"\u2b24\">iPhone 11, 11 Pro y 11 Pro Max<\/li>\n<li data-icon=\"\u2b24\">iPhone SE (2\u00aa generaci\u00f3n)<\/li>\n<li data-icon=\"\u2b24\">iPhone 12, 12 mini, 12 Pro y 12 Pro Max<\/li>\n<li data-icon=\"\u2b24\">iPhone 13, 13 mini, 13 Pro y 13 Pro Max<\/li>\n<li data-icon=\"\u2b24\">iPhone SE (3\u00aa generaci\u00f3n)<\/li>\n<li data-icon=\"\u2b24\">iPhone 14, 14 Plus, 14 Pro y 14 Pro Max<\/li>\n<li data-icon=\"\u2b24\">iPhone 15, 15 Plus, 15 Pro y 15 Pro Max<\/li>\n<li data-icon=\"\u2b24\">iPhone 16, 16 Plus, 16 Pro, 16 Pro Max y 16e<\/li>\n<li data-icon=\"\u2b24\">iPhone 17, iPhone Air, iPhone 17 Pro y 17 Pro Max<\/li>\n<\/ul>\n<p class=\"paragraph\">La compa\u00f1\u00eda subraya que, pese a la amplia cobertura, no todas las funciones estar\u00e1n disponibles en todos los modelos. Por ejemplo, las funciones de Apple Intelligence solo son compatibles a partir del iPhone 15 Pro. <\/p>\n<p><img alt=\"Las funciones de Apple Intelligence\" class=\"global-image\" decoding=\"async\" fetchpriority=\"low\" height=\"533\" loading=\"lazy\" src=\"https:\/\/www.europesays.com\/es\/wp-content\/uploads\/2025\/09\/E2JAGL6QWMIY5JIXQMKC67RJRA.jpg\" width=\"800\"\/>Las funciones de Apple Intelligence son compatibles a partir del iPhone 15 Pro. REUTERS\/Aly Song\/<\/p>\n<p class=\"paragraph\">La serie iPhone 17 debuta con el chip A19 de 3 nan\u00f3metros, que ofrece un rendimiento superior y mayor eficiencia energ\u00e9tica, seg\u00fan Apple, ya que extiende la bater\u00eda hasta 8 horas m\u00e1s frente a la generaci\u00f3n previa. <\/p>\n<p class=\"paragraph\"><b>Su pantalla de 6,3 pulgadas con refresco de 120 Hz asegura una experiencia m\u00e1s fluida y n\u00edtida. <\/b>En fotograf\u00eda, el modelo base integra una c\u00e1mara principal de 48 MP, un telefoto de 12 MP y una c\u00e1mara frontal con IA capaz de reconocer m\u00e1s rostros, ajustar el encuadre y tomar fotos horizontales sin girar el dispositivo.<\/p>\n<p class=\"paragraph\">En software, suma funciones como la traducci\u00f3n en tiempo real y la b\u00fasqueda visual con IA.<\/p>\n<p class=\"paragraph\">El iPhone 17 Air se distingue por su dise\u00f1o ultradelgado de 5,6 mm, disponible en negro, blanco, dorado y azul. Incluye una c\u00e1mara trasera de 48 MP con zoom \u00f3ptico 2x, una frontal de 18 MP y se limita al uso de eSIM, ya que no cuenta con bandeja f\u00edsica.<\/p>\n<p><img alt=\"El nuevo iPhone viene en\" class=\"global-image\" decoding=\"async\" fetchpriority=\"low\" height=\"700\" loading=\"lazy\" src=\"https:\/\/www.europesays.com\/es\/wp-content\/uploads\/2025\/09\/M3PD3J3BLRCG5G6DTRJPGUO7SQ.png\" width=\"1200\"\/>El nuevo iPhone viene en cinco colores: blanco, negro, violeta, azul claro y verde pastel. (Apple)<\/p>\n<p class=\"paragraph\"><b>El iPhone 17 Pro eleva la potencia con el chip A19 Pro, que ofrece un 40% m\u00e1s rendimiento. <\/b><\/p>\n<p class=\"paragraph\">A\u00f1ade un sistema de c\u00e1mara de vapor para evitar el sobrecalentamiento y un m\u00f3dulo trasero de forma rectangular con tres lentes de 48 MP, zoom digital de 40x y mejoras en la captura de luz para obtener colores m\u00e1s reales.<\/p>\n","protected":false},"excerpt":{"rendered":"Una de las principales novedades de iOS 26 es su nuevo redise\u00f1o visual, conocido como Liquid Glass. REUTERS\/Manuel&hellip;\n","protected":false},"author":2,"featured_media":113540,"comment_status":"","ping_status":"","sticky":false,"template":"","format":"standard","meta":{"footnotes":""},"categories":[81],"tags":[119,123,124,38429,25,24,3119,117,121,122,23,118,120],"class_list":{"0":"post-113539","1":"post","2":"type-post","3":"status-publish","4":"format-standard","5":"has-post-thumbnail","7":"category-ciencia-y-tecnologia","8":"tag-ciencia","9":"tag-ciencia-y-tecnologia","10":"tag-cienciaytecnologia","11":"tag-cupertino","12":"tag-es","13":"tag-espana","14":"tag-north-america","15":"tag-science","16":"tag-science-and-technology","17":"tag-scienceandtechnology","18":"tag-spain","19":"tag-technology","20":"tag-tecnologia"},"share_on_mastodon":{"url":"","error":""},"_links":{"self":[{"href":"https:\/\/www.europesays.com\/es\/wp-json\/wp\/v2\/posts\/113539","targetHints":{"allow":["GET"]}}],"collection":[{"href":"https:\/\/www.europesays.com\/es\/wp-json\/wp\/v2\/posts"}],"about":[{"href":"https:\/\/www.europesays.com\/es\/wp-json\/wp\/v2\/types\/post"}],"author":[{"embeddable":true,"href":"https:\/\/www.europesays.com\/es\/wp-json\/wp\/v2\/users\/2"}],"replies":[{"embeddable":true,"href":"https:\/\/www.europesays.com\/es\/wp-json\/wp\/v2\/comments?post=113539"}],"version-history":[{"count":0,"href":"https:\/\/www.europesays.com\/es\/wp-json\/wp\/v2\/posts\/113539\/revisions"}],"wp:featuredmedia":[{"embeddable":true,"href":"https:\/\/www.europesays.com\/es\/wp-json\/wp\/v2\/media\/113540"}],"wp:attachment":[{"href":"https:\/\/www.europesays.com\/es\/wp-json\/wp\/v2\/media?parent=113539"}],"wp:term":[{"taxonomy":"category","embeddable":true,"href":"https:\/\/www.europesays.com\/es\/wp-json\/wp\/v2\/categories?post=113539"},{"taxonomy":"post_tag","embeddable":true,"href":"https:\/\/www.europesays.com\/es\/wp-json\/wp\/v2\/tags?post=113539"}],"curies":[{"name":"wp","href":"https:\/\/api.w.org\/{rel}","templated":true}]}}