{"id":113541,"date":"2025-09-14T03:17:06","date_gmt":"2025-09-14T03:17:06","guid":{"rendered":"https:\/\/www.europesays.com\/es\/113541\/"},"modified":"2025-09-14T03:17:06","modified_gmt":"2025-09-14T03:17:06","slug":"detenido-el-jefe-de-un-cartel-mexicano-que-fue-secretario-de-seguridad-del-estado-del-expresidente-lopez-obrador","status":"publish","type":"post","link":"https:\/\/www.europesays.com\/es\/113541\/","title":{"rendered":"Detenido el jefe de un c\u00e1rtel mexicano que fue secretario de Seguridad del estado del expresidente L\u00f3pez Obrador"},"content":{"rendered":"<p style=\"\">Un arresto realizado en mitad de la noche en Paraguay sacude a la pol\u00edtica mexicana. El detenido es <strong>Hern\u00e1n Berm\u00fadez Requena<\/strong>, supuesto jefe del c\u00e1rtel de &#8216;La Barredora&#8217;, grupo criminal con base de operaciones en Tabasco, en el sureste mexicano, y cuna pol\u00edtica del  &#8230; movimiento fundado por<strong> Andr\u00e9s Manuel L\u00f3pez Obrador<\/strong> y que, hoy por hoy, <a href=\"https:\/\/www.abc.es\/internacional\/presidenta-mexico-rinde-primer-informe-gobierno-ante-20250902091629-nt.html\" title=\"www.abc.es\" data-voc-vtm-id=\"in-text-traffic\" data-mrf-link=\"www.abc.es\" rel=\"nofollow noopener\" target=\"_blank\">gobierna M\u00e9xico<\/a>.<\/p>\n<p class=\"voc-p\" style=\"\">Berm\u00fadez Requena fue secretario de Seguridad de Tabasco cuando all\u00ed gobernaba <strong>Ad\u00e1n Augusto L\u00f3pez Hern\u00e1ndez<\/strong>, amigo personal de L\u00f3pez Obrador y de quien fuera su secretario de Gobernaci\u00f3n \u2013el encargado de la pol\u00edtica dom\u00e9stica\u2013, durante la segunda mitad de su mandato. Antes de dejar el poder el a\u00f1o pasado, entre los tantos acuerdos de L\u00f3pez Obrador con <a href=\"https:\/\/www.abc.es\/internacional\/marco-rubio-elogia-colaboracion-historica-gobierno-sheinbaum-20250903212435-nt.html\" title=\"www.abc.es\" data-voc-vtm-id=\"in-text-traffic\" data-mrf-link=\"www.abc.es\" rel=\"nofollow noopener\" target=\"_blank\">la actual presidenta <\/a><a href=\"https:\/\/www.abc.es\/internacional\/marco-rubio-elogia-colaboracion-historica-gobierno-sheinbaum-20250903212435-nt.html\" title=\"www.abc.es\" data-voc-vtm-id=\"in-text-traffic\" data-mrf-link=\"www.abc.es\" rel=\"nofollow noopener\" target=\"_blank\">Claudia Sheinbaum<\/a>, se estipul\u00f3 que L\u00f3pez Hern\u00e1ndez asumiera como coordinador de los senadores del oficialismo.<\/p>\n<p class=\"voc-p\" style=\"\">Un periplo de influencia, cargos y poder que fue puesto en jaque cuando, meses atr\u00e1s, las autoridades estatales de Tabasco acusaron a Berm\u00fadez Requena de ser el jefe de &#8216;La Barredora&#8217; en el mismo periodo en el cual fung\u00eda como secretario de Seguridad.<\/p>\n<p class=\"voc-p\" style=\"\">&#8216;La Barredora&#8217; es un grupo criminal asociado inicialmente al c\u00e1rtel de Jalisco Nueva Generaci\u00f3n (CJNG) para realizar labores de robo de hidrocarburos en Tabasco, que desde siempre ha sido uno de los grandes enclaves petroleros de M\u00e9xico.<\/p>\n<p class=\"voc-p\" style=\"\">Hasta diciembre de 2023, &#8216;La Barredora&#8217; mantuvo su sociedad con el CJNG, pero una ruptura interna desat\u00f3 una ola de violencia en Tabasco, en el tramo final del sexenio de L\u00f3pez Obrador.<\/p>\n<p class=\"voc-p\" style=\"\">En noviembre de 2024, el actual gobernador de Tabasco, <strong>Javier May<\/strong>, se\u00f1al\u00f3 a Berm\u00fadez Requena de encabezar a &#8216;La Barredora&#8217;. May es un hist\u00f3rico rival del senador L\u00f3pez Hern\u00e1ndez en los avatares de la pol\u00edtica tabasque\u00f1a. Uno de los enigmas que sobrevuela el caso tiene que ver directamente con L\u00f3pez Obrador: \u00bfSab\u00eda el expresidente que May iba a destapar un esc\u00e1ndalo que golpear\u00eda de lleno a uno de sus principales colaboradores?<\/p>\n<p class=\"voc-p\" style=\"\">\u00abTodos saben, aqu\u00ed era vox populi qui\u00e9n comandaba &#8216;La Barredora&#8217;. \u00bfO no sabemos?\u00bb, dijo May antes de emprender la persecuci\u00f3n de Berm\u00fadez Requena. May forma parte del mismo movimiento que L\u00f3pez Obrador y que el exsenador L\u00f3pez Hern\u00e1ndez.<\/p>\n<p class=\"voc-p\" style=\"\">Con el paso del tiempo, y sobre todo durante el sexenio de L\u00f3pez Obrador en el poder, &#8216;La Barredora&#8217; extendi\u00f3 sus actividades criminales a otros rubros como los secuestros, el tr\u00e1fico de migrantes y la extorsi\u00f3n. <\/p>\n<p class=\"voc-p\" style=\"\">La ca\u00edda de Berm\u00fadez Requena es un desaf\u00edo a la autonom\u00eda de <a href=\"https:\/\/www.abc.es\/internacional\/sheinbaum-sobre-pagos-mayo-zambada-politicos-solo-20250826215124-nt.html\" title=\"www.abc.es\" data-voc-vtm-id=\"in-text-traffic\" data-mrf-link=\"www.abc.es\" rel=\"nofollow noopener\" target=\"_blank\">Sheinbaum <\/a>porque tomar cualquier tipo de medida contra L\u00f3pez Hern\u00e1ndez, como separarlo de la coordinaci\u00f3n de los senadores, implicar\u00eda violentar los acuerdos realizados con L\u00f3pez Obrador, quien sigue gravitando en la vida pol\u00edtica del pa\u00eds.<\/p>\n<p class=\"voc-p\" style=\"\">Para colmo, el senador L\u00f3pez Hern\u00e1ndez nunca pudo ofrecer una explicaci\u00f3n contundente sobre su relaci\u00f3n con el ahora detenido Berm\u00fadez Requena. Simplemente dijo, en una entrevista radiof\u00f3nica, que desconoc\u00eda la doble vida de su subordinado, a quien ve\u00eda cada ma\u00f1ana en reuniones de seguridad.<\/p>\n<p class=\"voc-p\" style=\"\">Berm\u00fadez Requena escap\u00f3 de M\u00e9xico en el mes de febrero. Perseguido por la Interpol, estuvo en Panam\u00e1, Espa\u00f1a, Brasil y finalmente recal\u00f3 en Paraguay, donde llevaba una vida c\u00f3moda: fue detenido, seg\u00fan la autoridad mexicana, es un domicilio con jard\u00edn, piscina, una camioneta de alta gama, joyas y dinero en efectivo. Cuando se lo llevaron, entrada la noche, hab\u00eda una botella de vino espumoso sin abrir sobre la mesa de la estancia principal de la casa.<\/p>\n<p class=\"voc-p\" style=\"\">Su caso es de inter\u00e9s tambi\u00e9n para Estados Unidos por los presuntos nexos de &#8216;La Barredora&#8217; con el c\u00e1rtel de Sinaloa y con el c\u00e1rtel de &#8216;Los Soles&#8217;, grupos a los cuales Washington ha declarado organizaciones terroristas.<\/p>\n<p class=\"voc-p\" style=\"\">Todav\u00eda la Canciller\u00eda mexicana no ha procesado la solicitud de extradici\u00f3n y, seg\u00fan se\u00f1alan a ABC en el gabinete de Sheinbaum, no ser\u00eda descabellado que Washington le pida a Paraguay que Berm\u00fadez Requena sea extraditado a EE.UU., lo cual ser\u00eda todav\u00eda m\u00e1s complejo para los pol\u00edticos mexicanos involucrados. El presidente paraguayo, <strong>Santiago Pe\u00f1a<\/strong>, es un aliado de la Casa Blanca en la regi\u00f3n.<\/p>\n<p class=\"voc-p\" style=\"\">Este s\u00e1bado, Sheinbaum agradeci\u00f3 a Pe\u00f1a, por la colaboraci\u00f3n que deriv\u00f3 en el arresto de Berm\u00fadez Requena y se\u00f1al\u00f3 que forma parte de la estrategia de \u00abcero impunidad\u00bb.<\/p>\n<p class=\"voc-p\" style=\"\">\u00abAgradezco al presidente de Paraguay, <strong>Santiago Pe\u00f1a Palacios<\/strong>, su colaboraci\u00f3n en la detenci\u00f3n de Hern\u00e1n &#8216;N&#8217;, vinculado por delincuencia organizada. Nuestra estrategia de atenci\u00f3n a las causas y cero impunidad disminuye la violencia en nuestro pa\u00eds\u00ab, escribi\u00f3 la mandataria en la red X.<\/p>\n<p class=\"voc-p\" style=\"\">Medios del pa\u00eds sudamericano reportaron que la detenci\u00f3n del exmando policial se realiz\u00f3 en el barrio privado de Mariano Roque Alonso, en el Departamento Central.<\/p>\n","protected":false},"excerpt":{"rendered":"Un arresto realizado en mitad de la noche en Paraguay sacude a la pol\u00edtica mexicana. El detenido es&hellip;\n","protected":false},"author":2,"featured_media":113542,"comment_status":"","ping_status":"","sticky":false,"template":"","format":"standard","meta":{"footnotes":""},"categories":[42],"tags":[17,18,4357,7359,13,14,11,61,62,63,64,19,20,38430,25983,9,10,15,16,18249,952,13261,12,21,22,65,66,67],"class_list":{"0":"post-113541","1":"post","2":"type-post","3":"status-publish","4":"format-standard","5":"has-post-thumbnail","7":"category-internacional","8":"tag-breaking-news","9":"tag-breakingnews","10":"tag-caida","11":"tag-capo","12":"tag-featured-news","13":"tag-featurednews","14":"tag-headlines","15":"tag-internacional","16":"tag-international","17":"tag-international-news","18":"tag-internationalnews","19":"tag-latest-news","20":"tag-latestnews","21":"tag-mexicana","22":"tag-narco","23":"tag-news","24":"tag-noticias","25":"tag-noticias-destacadas","26":"tag-noticiasdestacadas","27":"tag-paraguay","28":"tag-politica","29":"tag-sacude","30":"tag-titulares","31":"tag-ultimas-noticias","32":"tag-ultimasnoticias","33":"tag-world","34":"tag-world-news","35":"tag-worldnews"},"share_on_mastodon":{"url":"","error":""},"_links":{"self":[{"href":"https:\/\/www.europesays.com\/es\/wp-json\/wp\/v2\/posts\/113541","targetHints":{"allow":["GET"]}}],"collection":[{"href":"https:\/\/www.europesays.com\/es\/wp-json\/wp\/v2\/posts"}],"about":[{"href":"https:\/\/www.europesays.com\/es\/wp-json\/wp\/v2\/types\/post"}],"author":[{"embeddable":true,"href":"https:\/\/www.europesays.com\/es\/wp-json\/wp\/v2\/users\/2"}],"replies":[{"embeddable":true,"href":"https:\/\/www.europesays.com\/es\/wp-json\/wp\/v2\/comments?post=113541"}],"version-history":[{"count":0,"href":"https:\/\/www.europesays.com\/es\/wp-json\/wp\/v2\/posts\/113541\/revisions"}],"wp:featuredmedia":[{"embeddable":true,"href":"https:\/\/www.europesays.com\/es\/wp-json\/wp\/v2\/media\/113542"}],"wp:attachment":[{"href":"https:\/\/www.europesays.com\/es\/wp-json\/wp\/v2\/media?parent=113541"}],"wp:term":[{"taxonomy":"category","embeddable":true,"href":"https:\/\/www.europesays.com\/es\/wp-json\/wp\/v2\/categories?post=113541"},{"taxonomy":"post_tag","embeddable":true,"href":"https:\/\/www.europesays.com\/es\/wp-json\/wp\/v2\/tags?post=113541"}],"curies":[{"name":"wp","href":"https:\/\/api.w.org\/{rel}","templated":true}]}}