{"id":113551,"date":"2025-09-14T03:24:09","date_gmt":"2025-09-14T03:24:09","guid":{"rendered":"https:\/\/www.europesays.com\/es\/113551\/"},"modified":"2025-09-14T03:24:09","modified_gmt":"2025-09-14T03:24:09","slug":"uno-de-los-mejores-sacadores-de-la-historia-se-rinde-al-servicio-de-alcaraz-su-primer-saque","status":"publish","type":"post","link":"https:\/\/www.europesays.com\/es\/113551\/","title":{"rendered":"Uno de los mejores sacadores de la historia se rinde al servicio de Alcaraz : \u00abSu primer saque&#8230;\u00bb"},"content":{"rendered":"<p class=\"L6-news-detail__text\">Andy Roddick, exn\u00famero 1 del ranking ATP, ha aprovechado su podcast, &#8216;Served&#8217;, para comentar la incre\u00edble evoluci\u00f3n de <b><a title=\"Carlos Alcaraz\" href=\"https:\/\/www.lasexta.com\/noticias\/deportes\/tenis\/asi-sintio-sinner-frente-carlos-alcaraz-open-percibio-que-era-mas-poderoso-que_2025091268c47ef50e72636c5e7eb4e9.html\" target=\"_blank\" rel=\"nofollow noopener\">Carlos Alcaraz<\/a><\/b> hasta conseguir su <b>sexto &#8216;Grand Slam&#8217; con apenas 22 a\u00f1os<\/b>.<\/p>\n<p class=\"L6-news-detail__text\">La incre\u00edble rivalidad que protagoniza junto a <b><a title=\"Jannik Sinner\" href=\"https:\/\/www.lasexta.com\/noticias\/deportes\/tenis\/dura-critica-leyenda-tenis-dominio-alcaraz-sinner-molesta-que-conforman_2025091268c4160dca99f73feeee5cf4.html\" target=\"_blank\" rel=\"nofollow noopener\">Jannik Sinner<\/a><\/b>como herederos del legado del &#8216;Big 3&#8217; retroalimenta el<b> desarrollo de un rendimiento que no para de crecer y mejorar<\/b>.<\/p>\n<p class=\"L6-news-detail__text\">\u00abLa realidad es que esta nueva rivalidad es<b> un verdadero regalo para nosotros y para el mundo del tenis en general<\/b>. Solo puedo tener palabras de respeto para estos dos chicos, somos unos afortunados por ver c\u00f3mo han cubierto de inmediato el vac\u00edo dejado por el Big 3 y Serena Williams. Son un regalo para el tenis\u00bb, se\u00f1alaba el extenista estadounidense.<\/p>\n<p class=\"L6-news-detail__text\">Adem\u00e1s, <b>Andy Roddick <\/b>se deshizo en elogios hacia el tenis de <b>El Palmar<\/b> despu\u00e9s de su actuaci\u00f3n en el <b><a title=\"US Open\" href=\"https:\/\/www.lasexta.com\/noticias\/deportes\/tenis\/videos-fiesta-carlos-alcaraz-nueva-york-ganar-open_2025090968c02b9ebf88027389748ab2.html\" target=\"_blank\" rel=\"nofollow noopener\">US Open<\/a><\/b>: \u00abVi a un Carlos desatado con cada pelota. Creo que estuvo mirando el partido de Dimitrov ante Sinner en Wimbledon, o al menos creo que ese encuentro tuvo un impacto en su t\u00e1ctica. Est\u00e1 claro que<b> su servicio ha mejorado considerablemente<\/b> si lo comparamos con el pasado.<b> Su primer saque se est\u00e1 volviendo cada vez m\u00e1s poderoso y efectivo<\/b>, algo que no resulta nada divertido para el resto de rivales\u00bb.<\/p>\n<p class=\"L6-support-news-video__title\">11 de septiembre de 2026, el gran d\u00eda<\/p>\n<p>            <a href=\"https:\/\/www.lasexta.com\/noticias\/deportes\/motor\/formula1\/ano-que-formula-1-llegue-madrid-como-estan-obras-madring_2025091168c2df16ca99f73feeeb7499.html\" class=\"L6-news__link\" rel=\"nofollow noopener\" target=\"_blank\"><br \/>\n                Un a\u00f1o para que la F\u00f3rmula 1 llegue a Madrid: \u00bfC\u00f3mo est\u00e1n las obras de Madring?<\/p>\n<p class=\"recirculation-video-desc\">&#8216;Jugones&#8217; ha estado este jueves en los alrededores de IFEMA para presenciar de primera mano en qu\u00e9 punto se encuentra la construcci\u00f3n del trazado madrile\u00f1o.<\/p>\n<p>            <\/a><\/p>\n","protected":false},"excerpt":{"rendered":"Andy Roddick, exn\u00famero 1 del ranking ATP, ha aprovechado su podcast, &#8216;Served&#8217;, para comentar la incre\u00edble evoluci\u00f3n de&hellip;\n","protected":false},"author":2,"featured_media":113552,"comment_status":"","ping_status":"","sticky":false,"template":"","format":"standard","meta":{"footnotes":""},"categories":[274],"tags":[168,25,24,23,167,327,326],"class_list":{"0":"post-113551","1":"post","2":"type-post","3":"status-publish","4":"format-standard","5":"has-post-thumbnail","7":"category-tenis","8":"tag-deportes","9":"tag-es","10":"tag-espana","11":"tag-spain","12":"tag-sports","13":"tag-tenis","14":"tag-tennis"},"share_on_mastodon":{"url":"","error":""},"_links":{"self":[{"href":"https:\/\/www.europesays.com\/es\/wp-json\/wp\/v2\/posts\/113551","targetHints":{"allow":["GET"]}}],"collection":[{"href":"https:\/\/www.europesays.com\/es\/wp-json\/wp\/v2\/posts"}],"about":[{"href":"https:\/\/www.europesays.com\/es\/wp-json\/wp\/v2\/types\/post"}],"author":[{"embeddable":true,"href":"https:\/\/www.europesays.com\/es\/wp-json\/wp\/v2\/users\/2"}],"replies":[{"embeddable":true,"href":"https:\/\/www.europesays.com\/es\/wp-json\/wp\/v2\/comments?post=113551"}],"version-history":[{"count":0,"href":"https:\/\/www.europesays.com\/es\/wp-json\/wp\/v2\/posts\/113551\/revisions"}],"wp:featuredmedia":[{"embeddable":true,"href":"https:\/\/www.europesays.com\/es\/wp-json\/wp\/v2\/media\/113552"}],"wp:attachment":[{"href":"https:\/\/www.europesays.com\/es\/wp-json\/wp\/v2\/media?parent=113551"}],"wp:term":[{"taxonomy":"category","embeddable":true,"href":"https:\/\/www.europesays.com\/es\/wp-json\/wp\/v2\/categories?post=113551"},{"taxonomy":"post_tag","embeddable":true,"href":"https:\/\/www.europesays.com\/es\/wp-json\/wp\/v2\/tags?post=113551"}],"curies":[{"name":"wp","href":"https:\/\/api.w.org\/{rel}","templated":true}]}}