{"id":113565,"date":"2025-09-14T03:32:19","date_gmt":"2025-09-14T03:32:19","guid":{"rendered":"https:\/\/www.europesays.com\/es\/113565\/"},"modified":"2025-09-14T03:32:19","modified_gmt":"2025-09-14T03:32:19","slug":"no-podemos-dejarlo-mas-en-alto","status":"publish","type":"post","link":"https:\/\/www.europesays.com\/es\/113565\/","title":{"rendered":"No podemos dejarlo m\u00e1s en alto"},"content":{"rendered":"<p>En una semana marcada por <a href=\"https:\/\/www.eleconomista.es\/informalia\/television\/noticias\/13538072\/09\/25\/historico-enganchon-ideologico-entre-broncano-y-marilo-montero-en-la-revuelta-has-puesto-a-jose-pablo-lopez-de-comisario-sovietico.html\" title=\"Hist\u00f3rico enganch\u00f3n ideol\u00f3gico entre Maril\u00f3 Montero y Broncano en TVE: &quot;El encargo de Pedro S\u00e1nchez&quot;\" rel=\"nofollow noopener\" target=\"_blank\">la entrevista de David Broncano a Maril\u00f3 Montero<\/a>, la que dio pie a un enganch\u00f3n por la pluralidad de TVE, hemos conocido cu\u00e1l es el primer invitado del nuevo programa que desembarca el pr\u00f3ximo lunes, 15 de septiembre, en Directo al grano. <b>Gonzalo Mir\u00f3 y Marta Flich entrevistan en La 1 al ministro de Transportes, \u00d3scar Puente<\/b>.<\/p>\n<p>Ha sido la propia Marta Flich (ex presentadora en Mediaset de Todo es mentira) la que lo ha anunciado en la ma\u00f1ana de este viernes en el programa matinal de Silvia Intxaurrondo:<b> \u00abEl lunes, el ministro \u00d3scar Puente, en Directo al grano\u00bb<\/b>. \u00abNo podemos dejarlo m\u00e1s en alto\u00bb, ha contestado expectante Intxaurrondo. \u00abMuch\u00edsimas gracias compa\u00f1eros y much\u00edsima suerte\u00bb.<\/p>\n<p>Gonzalo Mir\u00f3, presente tambi\u00e9n en el plat\u00f3 y <a href=\"https:\/\/www.eleconomista.es\/informalia\/television\/noticias\/13528625\/09\/25\/gonzalo-miro-dudo-mucho-que-con-santiago-abascal-en-el-gobierno-hubieran-recurrido-a-mi-para-presentar-las-tardes-de-tve.html\" title=\"Gonzalo Mir\u00f3: &quot;Dudo mucho que con Santiago Abascal en el Gobierno hubieran recurrido a m\u00ed para presentar las tardes de TVE&quot;\" rel=\"nofollow noopener\" target=\"_blank\">recientemente entrevistado por Informalia<\/a>, ha respondido: \u00abUn placer. Hay que venir aqu\u00ed para dar las exclusivas. <b>Es tremendo<\/b>\u00ab. El hijo de Pilar Mir\u00f3 ha dejado su puesto de colaborador en Espejo P\u00fablico para dar el salto a este programa de TVE, que se emitir\u00e1 diariamente 15:55 a 17:30 horas, en la franja que ocupaba Jes\u00fas Cintora con Malas lenguas.<\/p>\n<p>Este \u00faltimo, por tanto, ver\u00e1 modificado su horario, pues se emitir\u00e1 en dos tramos: primero en La 2 (de 17:30 a 19:30) y despu\u00e9s en La 1 (de 19:30 a 20:30). En cuanto al programa de Mir\u00f3 y Flich, ha fichado en su plantilla de colaboradores a <a href=\"https:\/\/www.eleconomista.es\/informalia\/television\/noticias\/13528239\/09\/25\/gonzalo-miro-y-marta-flich-fichan-a-rosa-villacastin-sarah-santaolalla-y-ada-colau-para-su-programa-en-tve.html\" title=\"Gonzalo Mir\u00f3 y Marta Flich fichan a Rosa Villacast\u00edn, Sarah Santaolalla y Ada Colau para su programa  en TVE\" rel=\"nofollow noopener\" target=\"_blank\">algunos rostros destacados como Rosa Villacast\u00edn, Sarah Santaolalla y Ada Colau<\/a>.<\/p>\n<p>Sobre la pol\u00e9mica que despert\u00f3 el fichaje de Mir\u00f3 por TVE, \u00e9l mismo nos dijo: \u00abSe admiten apuestas. \u00bfCu\u00e1nto va a tardar el Congreso en pedir mi cabeza? \u00bfAntes de Navidad?\u00bb. Maril\u00f3 Montero, su antigua compa\u00f1era en Antena 3, incluso lo nombr\u00f3 en La Revuelta: \u00abF\u00edjate si me he llevado disgusto que <b>me han quitado a Gonzalo Mir\u00f3 de compa\u00f1ero de debate en Espejo P\u00fablico y se lo han llevado a TVE<\/b>\u00ab, dijo ante Broncano, que al mismo tiempo sali\u00f3 en defensa de su propio formato y la programaci\u00f3n de TVE ante la cr\u00edtica de Maril\u00f3: \u00abCreo que nosotros aqu\u00ed hacemos una representaci\u00f3n amplia y variada de lo que es Espa\u00f1a independientemente de mi ideolog\u00eda\u00bb.<\/p>\n<p>WhatsApp<a href=\"https:\/\/api.whatsapp.com\/send?text=https:\/\/www.eleconomista.es\/informalia\/television\/noticias\/13543408\/09\/25\/oscar-puente-el-primer-invitado-de-gonzalo-miro-y-marta-flich-en-tve-no-podemos-dejarlo-mas-en-alto.html?utm_source%3Dwhatsapp%26utm_medium%3Dshare_button&amp;id=1648118629957_whatsapp\" target=\"_blank\" data-action=\"share\/whatsapp\/share\" aria-label=\"Compartir en Whatsapp\" rel=\"nofollow noopener\"><\/a>Facebook<a id=\"fb-share\" href=\"#\" target=\"_blank\" rel=\"noopener noreferrer\" aria-label=\"Compartir en Facebook\"><\/a>Twitter<a href=\"https:\/\/twitter.com\/share?text=%C3%93scar+Puente%2C+el+primer+invitado+de+Gonzalo+Mir%C3%B3+y+Marta+Flich+en+TVE%3A+%22No+podemos+dejarlo+m%C3%A1s+en+alto%22&amp;url=https:\/\/www.eleconomista.es\/informalia\/television\/noticias\/13543408\/09\/25\/oscar-puente-el-primer-invitado-de-gonzalo-miro-y-marta-flich-en-tve-no-podemos-dejarlo-mas-en-alto.html&amp;via=Informalia&amp;id=1648118839245_twitter\" target=\"_blank\" aria-label=\"Compartir en Twitter\" rel=\"nofollow noopener\"><\/a>Linkedin<a onclick=\"return abrirLinkedin();\" href=\"https:\/\/www.linkedin.com\/shareArticle?text=%C3%93scar+Puente%2C+el+primer+invitado+de+Gonzalo+Mir%C3%B3+y+Marta+Flich+en+TVE%3A+%22No+podemos+dejarlo+m%C3%A1s+en+alto%22&amp;url=https:\/\/www.eleconomista.es\/informalia\/television\/noticias\/13543408\/09\/25\/oscar-puente-el-primer-invitado-de-gonzalo-miro-y-marta-flich-en-tve-no-podemos-dejarlo-mas-en-alto.html&amp;mini=true\" target=\"_blank\" aria-label=\"Compartir en linkedin\" rel=\"nofollow noopener\"><\/a>Beloud<a href=\"https:\/\/beloud.com\/share?text=%C3%93scar+Puente%2C+el+primer+invitado+de+Gonzalo+Mir%C3%B3+y+Marta+Flich+en+TVE%3A+%22No+podemos+dejarlo+m%C3%A1s+en+alto%22&amp;url=https:\/\/www.eleconomista.es\/informalia\/television\/noticias\/13543408\/09\/25\/oscar-puente-el-primer-invitado-de-gonzalo-miro-y-marta-flich-en-tve-no-podemos-dejarlo-mas-en-alto.html&amp;via=Informalia&amp;id=1648118839245_beloud\" target=\"_blank\" aria-label=\"Compartir en beloud\" rel=\"nofollow noopener\"><\/a>Bluesky<a href=\"https:\/\/bsky.app\/intent\/compose?text=https:\/\/bsky.app\/intent\/compose?text=https:\/\/www.eleconomista.es\/informalia\/television\/noticias\/13543408\/09\/25\/oscar-puente-el-primer-invitado-de-gonzalo-miro-y-marta-flich-en-tve-no-podemos-dejarlo-mas-en-alto.html&amp;url=https:\/\/www.eleconomista.es\/informalia\/television\/noticias\/13543408\/09\/25\/oscar-puente-el-primer-invitado-de-gonzalo-miro-y-marta-flich-en-tve-no-podemos-dejarlo-mas-en-alto.html&amp;via=elEconomistaes&amp;id=1648118839245_bluesky\" target=\"_blank\" aria-label=\"Compartir en bluesky\" rel=\"nofollow noopener\"><\/a><\/p>\n<p><script async src=\"https:\/\/platform.twitter.com\/widgets.js\" charset=\"utf-8\"><\/script><\/p>\n","protected":false},"excerpt":{"rendered":"En una semana marcada por la entrevista de David Broncano a Maril\u00f3 Montero, la que dio pie a&hellip;\n","protected":false},"author":2,"featured_media":113566,"comment_status":"","ping_status":"","sticky":false,"template":"","format":"standard","meta":{"footnotes":""},"categories":[171],"tags":[146,147,25,24,23,807,214],"class_list":{"0":"post-113565","1":"post","2":"type-post","3":"status-publish","4":"format-standard","5":"has-post-thumbnail","7":"category-tv","8":"tag-entertainment","9":"tag-entretenimiento","10":"tag-es","11":"tag-espana","12":"tag-spain","13":"tag-television","14":"tag-tv"},"share_on_mastodon":{"url":"","error":""},"_links":{"self":[{"href":"https:\/\/www.europesays.com\/es\/wp-json\/wp\/v2\/posts\/113565","targetHints":{"allow":["GET"]}}],"collection":[{"href":"https:\/\/www.europesays.com\/es\/wp-json\/wp\/v2\/posts"}],"about":[{"href":"https:\/\/www.europesays.com\/es\/wp-json\/wp\/v2\/types\/post"}],"author":[{"embeddable":true,"href":"https:\/\/www.europesays.com\/es\/wp-json\/wp\/v2\/users\/2"}],"replies":[{"embeddable":true,"href":"https:\/\/www.europesays.com\/es\/wp-json\/wp\/v2\/comments?post=113565"}],"version-history":[{"count":0,"href":"https:\/\/www.europesays.com\/es\/wp-json\/wp\/v2\/posts\/113565\/revisions"}],"wp:featuredmedia":[{"embeddable":true,"href":"https:\/\/www.europesays.com\/es\/wp-json\/wp\/v2\/media\/113566"}],"wp:attachment":[{"href":"https:\/\/www.europesays.com\/es\/wp-json\/wp\/v2\/media?parent=113565"}],"wp:term":[{"taxonomy":"category","embeddable":true,"href":"https:\/\/www.europesays.com\/es\/wp-json\/wp\/v2\/categories?post=113565"},{"taxonomy":"post_tag","embeddable":true,"href":"https:\/\/www.europesays.com\/es\/wp-json\/wp\/v2\/tags?post=113565"}],"curies":[{"name":"wp","href":"https:\/\/api.w.org\/{rel}","templated":true}]}}