{"id":113569,"date":"2025-09-14T03:38:07","date_gmt":"2025-09-14T03:38:07","guid":{"rendered":"https:\/\/www.europesays.com\/es\/113569\/"},"modified":"2025-09-14T03:38:07","modified_gmt":"2025-09-14T03:38:07","slug":"los-nuevos-iphone-no-enganchan-a-los-analistas-que-siguen-a-apple-empresas","status":"publish","type":"post","link":"https:\/\/www.europesays.com\/es\/113569\/","title":{"rendered":"Los nuevos iPhone no enganchan a los analistas que siguen a Apple | Empresas"},"content":{"rendered":"<p class=\"\">Apple celebr\u00f3 el pasado martes su tradicional evento anual, en el que anuncia sus principales novedades tecnol\u00f3gicas para la nueva temporada. Entre otros, present\u00f3 el iPhone Air, <a href=\"https:\/\/elpais.com\/tecnologia\/2025-09-09\/presentacion-del-nuevo-iphone-17-air-en-el-evento-de-apple-keynote-principales-novedades.html\" target=\"_self\" rel=\"nofollow noopener\" title=\"https:\/\/elpais.com\/tecnologia\/2025-09-09\/presentacion-del-nuevo-iphone-17-air-en-el-evento-de-apple-keynote-principales-novedades.html\">el tel\u00e9fono de menor grosor de su historia<\/a>, junto con tres modelos actualizados de su smartphone; una amplia renovaci\u00f3n de su gama de Apple Watch, con un reloj con detector de hipertensi\u00f3n, <a href=\"https:\/\/elpais.com\/expres\/2025-09-10\/el-iphone-mas-delgado-auriculares-que-traducen-en-tiempo-real-y-otras-novedades-de-apple.html\" target=\"_self\" rel=\"nofollow noopener\" title=\"https:\/\/elpais.com\/expres\/2025-09-10\/el-iphone-mas-delgado-auriculares-que-traducen-en-tiempo-real-y-otras-novedades-de-apple.html\">as\u00ed como los nuevos AirPods Pro 3<\/a>, con traducci\u00f3n simult\u00e1nea. La presentaci\u00f3n fue amplia, pero la compa\u00f1\u00eda debe demostrar que puede atraer a los inversores. <\/p>\n<p class=\"\">De momento, hay cierta indiferencia entre los analistas sobre su posible \u00e9xito. Incluso, la compa\u00f1\u00eda de la manzana ha recibido, tras presentar sus novedades, dos rebajas en la recomendaci\u00f3n. El banco de inversi\u00f3n D.A. Davidson recort\u00f3 la recomendaci\u00f3n sobre la acci\u00f3n de Apple de compra a neutral, tras los anuncios de esta semana. En su opini\u00f3n, no lograron disipar las dudas sobre la posici\u00f3n de la compa\u00f1\u00eda en el \u00e1mbito de la inteligencia artificial (IA). La firma se\u00f1al\u00f3 que estaba inicialmente entusiasmada con las perspectivas del papel de Apple en el ecosistema de IA y su ciclo de actualizaciones, pero, posteriormente, en su opini\u00f3n, es probable que ninguna de estas dos cosas se materialice a corto plazo. <\/p>\n<p class=\"\">Tambi\u00e9n la firma Phillip Securities recort\u00f3 la recomendaci\u00f3n de neutral a reducir, se\u00f1alando que mantiene una perspectiva cautelosa, en parte por no contar con una innovaci\u00f3n significativa en IA, que ayude a afrontar la persistente debilidad de los productos y del mercado chino.<\/p>\n<p class=\"\">Con estas rebajas, el consenso de recomendaciones de Apple ha ca\u00eddo a 3,9 sobre 5, seg\u00fan datos recopilados por Bloomberg, su nivel m\u00e1s bajo desde principios de 2020. Solo el 55 % de los analistas que sigue Bloomberg recomienda comprar las acciones, un porcentaje muy bajo frente a otras compa\u00f1\u00edas de gran capitalizaci\u00f3n como Nvidia, Microsoft y Amazon, que tienen ratios superiores al 90%.<\/p>\n<p class=\"\">En este momento, el precio objetivo medio de la acci\u00f3n de Apple, seg\u00fan los analistas que siguen a la compa\u00f1\u00eda es de 240 d\u00f3lares, con un potencial de retorno de, 4,4%. Entre las entidades m\u00e1s optimistas figuran Argus Research, con 280 d\u00f3lares, y TD Cowen, con 275 d\u00f3lares. <\/p>\n<p class=\"\">La compa\u00f1\u00eda que dirige Tim Cook comenz\u00f3 el a\u00f1o con una fuerte correcci\u00f3n en Bolsa si bien, desde el precio m\u00ednimo anual de 169 d\u00f3lares, marcado a principios de abril, los t\u00edtulos han rebotado un 36%, gracias a la suavizaci\u00f3n de los riesgos del posible impacto en sus cuentas de los aranceles. La firma se comprometi\u00f3 a invertir cerca de 600.000 millones de d\u00f3lares en EE UU en los pr\u00f3ximos cuatro a\u00f1os, para reforzar la producci\u00f3n en sus centros locales; una demanda planteada por el presidente de EE UU, Donald Trump, al mundo empresarial. <\/p>\n<p class=\"\">Pese a todo, Apple se deja un 8% en Bolsa desde comienzos del a\u00f1o, mientras que el Nasdaq 100 sube un 14%, lo que ha alejado a la compa\u00f1\u00eda de la manzana del liderazgo por capitalizaci\u00f3n burs\u00e1til, <a href=\"https:\/\/elpais.com\/economia\/2025-09-07\/estan-en-riesgo-los-cuatro-billones-de-dolares-de-capitalizacion-bursatil-de-nvidia.html\" target=\"_self\" rel=\"nofollow noopener\" title=\"https:\/\/elpais.com\/economia\/2025-09-07\/estan-en-riesgo-los-cuatro-billones-de-dolares-de-capitalizacion-bursatil-de-nvidia.html\">puesto ahora ocupado por Nvidia<\/a>, por delante de Microsoft. <\/p>\n<p class=\"\">La pr\u00f3xima parada ser\u00e1 la presentaci\u00f3n de los resultados del cuarto trimestre fiscal, que concluye a final de septiembre. Para el periodo entre julio y septiembre, Apple prev\u00e9 que sus ingresos aumenten entre un d\u00edgito medio y un d\u00edgito alto interanual. Tambi\u00e9n prev\u00e9 un margen bruto de entre el 46% y el 47%, incluyendo un impacto derivado de los costes arancelarios de 1.100 millones de d\u00f3lares. <\/p>\n<p class=\"\">En el tercer trimestre, los ingresos de Apple subieron un 10%, hasta 94.000 millones, con un crecimiento del 13% del negocio del iPhone. <a href=\"https:\/\/elpais.com\/economia\/2025-09-09\/apple-afila-sus-novedades-en-el-iphone-para-cuidar-de-su-principal-negocio-y-volver-a-asaltar-el-trono-bursatil.html\" target=\"_self\" rel=\"nofollow noopener\" title=\"https:\/\/elpais.com\/economia\/2025-09-09\/apple-afila-sus-novedades-en-el-iphone-para-cuidar-de-su-principal-negocio-y-volver-a-asaltar-el-trono-bursatil.html\">La firma presumi\u00f3 de haber vendido<\/a> ya 3.000 millones de unidades de su popular smartphone, desde su lanzamiento en 2007.<\/p>\n","protected":false},"excerpt":{"rendered":"Apple celebr\u00f3 el pasado martes su tradicional evento anual, en el que anuncia sus principales novedades tecnol\u00f3gicas para&hellip;\n","protected":false},"author":2,"featured_media":113570,"comment_status":"","ping_status":"","sticky":false,"template":"","format":"standard","meta":{"footnotes":""},"categories":[81],"tags":[2823,4135,119,123,124,352,2308,25,24,11314,2822,10070,12223,117,121,122,23,118,120,11313],"class_list":{"0":"post-113569","1":"post","2":"type-post","3":"status-publish","4":"format-standard","5":"has-post-thumbnail","7":"category-ciencia-y-tecnologia","8":"tag-apple","9":"tag-aranceles","10":"tag-ciencia","11":"tag-ciencia-y-tecnologia","12":"tag-cienciaytecnologia","13":"tag-donald-trump","14":"tag-empresas","15":"tag-es","16":"tag-espana","17":"tag-grandes-tecnologicas","18":"tag-iphone","19":"tag-microsoft","20":"tag-nvidia-corporation","21":"tag-science","22":"tag-science-and-technology","23":"tag-scienceandtechnology","24":"tag-spain","25":"tag-technology","26":"tag-tecnologia","27":"tag-tim-cook"},"share_on_mastodon":{"url":"","error":""},"_links":{"self":[{"href":"https:\/\/www.europesays.com\/es\/wp-json\/wp\/v2\/posts\/113569","targetHints":{"allow":["GET"]}}],"collection":[{"href":"https:\/\/www.europesays.com\/es\/wp-json\/wp\/v2\/posts"}],"about":[{"href":"https:\/\/www.europesays.com\/es\/wp-json\/wp\/v2\/types\/post"}],"author":[{"embeddable":true,"href":"https:\/\/www.europesays.com\/es\/wp-json\/wp\/v2\/users\/2"}],"replies":[{"embeddable":true,"href":"https:\/\/www.europesays.com\/es\/wp-json\/wp\/v2\/comments?post=113569"}],"version-history":[{"count":0,"href":"https:\/\/www.europesays.com\/es\/wp-json\/wp\/v2\/posts\/113569\/revisions"}],"wp:featuredmedia":[{"embeddable":true,"href":"https:\/\/www.europesays.com\/es\/wp-json\/wp\/v2\/media\/113570"}],"wp:attachment":[{"href":"https:\/\/www.europesays.com\/es\/wp-json\/wp\/v2\/media?parent=113569"}],"wp:term":[{"taxonomy":"category","embeddable":true,"href":"https:\/\/www.europesays.com\/es\/wp-json\/wp\/v2\/categories?post=113569"},{"taxonomy":"post_tag","embeddable":true,"href":"https:\/\/www.europesays.com\/es\/wp-json\/wp\/v2\/tags?post=113569"}],"curies":[{"name":"wp","href":"https:\/\/api.w.org\/{rel}","templated":true}]}}