{"id":113578,"date":"2025-09-14T03:44:12","date_gmt":"2025-09-14T03:44:12","guid":{"rendered":"https:\/\/www.europesays.com\/es\/113578\/"},"modified":"2025-09-14T03:44:12","modified_gmt":"2025-09-14T03:44:12","slug":"el-toro-de-las-penas-viste-de-fiesta-paredes","status":"publish","type":"post","link":"https:\/\/www.europesays.com\/es\/113578\/","title":{"rendered":"El Toro de las Pe\u00f1as viste de fiesta Paredes"},"content":{"rendered":"<p>Paredes de Nava vivi\u00f3 ayer unas fiestas intensas con un programa cargado de actos religiosos, taurinos, gastron\u00f3micos y musicales que llenaron de ambiente las calles y plazas de la villa. La jornada comenz\u00f3 a las 11 horas con la santa misa y la procesi\u00f3n de la Exaltaci\u00f3n de la Santa Cruz en la ermita del Cristo, a la que acudi\u00f3 un buen n\u00famero de fieles. Media hora m\u00e1s tarde, los m\u00e1s peque\u00f1os disfrutaron del tradicional encierro infantil al estilo parede\u00f1o en el coso de San Juan. El mediod\u00eda estuvo animado con el Verm\u00fa Novillero, amenizado por el grupo Sinestesia, y a partir de las 16 horas lleg\u00f3 el tardeo flamenco con el grupo Sonike, que dio paso a la macarronada popular organizada por la pe\u00f1a Petit Suisse.<\/p>\n<p>Uno de los momentos m\u00e1s esperados lleg\u00f3 a las 18 horas con la suelta del Toro de las Pe\u00f1as, de la ganader\u00eda Los Millares, seguido de dos vacas, con la m\u00fasica de Dj Rulax como acompa\u00f1amiento. Se trata de un espect\u00e1culo \u00aben honor a las pe\u00f1as y al que cada a\u00f1o acude m\u00e1s gente\u00bb, apunt\u00f3 el concejal de Festejos, Jacob Nieto, en el que la pe\u00f1a encargada de abrir las fiestas -este a\u00f1o Kyonia- libera al astado encerrado en un caj\u00f3n en el coso de San Juan, recuperado hace a\u00f1os. \u00abEra el lugar donde en los a\u00f1os 60 se llevaban a cabo los festejos taurinos y le hemos puesto arena y grada para que est\u00e9 acondicionado\u00bb, explic\u00f3 Nieto. Desde all\u00ed, el toro recorre las calles y los pe\u00f1istas realizan cortes y toreo. El edil quiso insistir en la importancia de haber recuperado este hist\u00f3rico espacio, \u00abque cada a\u00f1o congrega a m\u00e1s p\u00fablico\u00bb y se ha convertido en uno de los s\u00edmbolos festivos de la localidad. Ya por la noche, a las 21 horas, actu\u00f3 La Keka en el Escenario Novillero, y el broche de oro lleg\u00f3 a las 23,30 con el Gran Concurso de Recortes, con toros de S\u00e1nchez Herrero y la participaci\u00f3n de recortadores de prestigio como Adri\u00e1n Lambas, Cristian Villegas Chiquit\u00edn o Dany Alonso.<\/p>\n<p>Por otra parte, la localidad se prepara para vivir hoy una de las citas m\u00e1s esperadas de sus fiestas: el gran Festival Mixto, que reunir\u00e1 en el coso de San Juan a figuras consolidadas y a j\u00f3venes promesas del toreo, entre ellas el palentino Pedro Caminero. El festejo contar\u00e1 con reses de la ganader\u00eda H. Exp\u00f3sito y un cartel de gran atractivo. Abrir\u00e1 plaza el rejoneador Ferran Mart\u00edn y, a pie, har\u00e1n el pase\u00edllo los matadores Uceda Leal, Javier Herrero y Ra\u00fal Rivera. La nota de frescura la pondr\u00e1 el novillero palentino Pedro Caminero, que actuar\u00e1 en casa y ante su p\u00fablico.<\/p>\n<p>Caminero, formado en la Escuela Taurina de Palencia y miembro de una familia ligada al campo bravo, afronta esta tarde como una oportunidad clave para consolidar su trayectoria. En sus \u00faltimas actuaciones ha dejado ver temple, colocaci\u00f3n y un concepto cl\u00e1sico que le han valido ovaciones y premios. El festejo dar\u00e1 comienzo a las 18 horas en el coso de San Juan, en una jornada que promete convertirse en uno de los grandes momentos taurinos de las fiestas de Paredes de Nava.<\/p>\n<p>La villa contar\u00e1 tambi\u00e9n con el Verm\u00fa Novillero a las 14 horas, acompa\u00f1ado del espect\u00e1culo musical Mandala Flamenco. A las 21 horas el protagonismo volver\u00e1 a la m\u00fasica con el concierto de Los Ibers en el Escenario Novillero. La jornada concluir\u00e1 a medianoche con los fuegos artificiales en San Juan y, como colof\u00f3n, el gran baile con la orquesta La F\u00f3rmula en la plaza.<\/p>\n<p>La jornada del lunes llegar\u00e1 cargada de actividades. La ma\u00f1ana comenzar\u00e1 a las 12,30 horas con la misa de difuntos y, de forma paralela, una original cata de cervezas. A esa misma hora, los m\u00e1s peque\u00f1os podr\u00e1n disfrutar de una fiesta infantil con hinchables y espuma. A las 13 horas se celebrar\u00e1 el esperado Concurso de Paellas, todo ello acompa\u00f1ado del Verm\u00fa Novillero animado por el DJ Danny Willy.<\/p>\n<p>Por la tarde, a las 18 horas, el coso de San Juan acoger\u00e1 una cita taurina con j\u00f3venes promesas y el encierro urbano con cuatro novillos y dos vaquillas. La jornada se cerrar\u00e1 por la noche con un nuevo espect\u00e1culo musical.<\/p>\n","protected":false},"excerpt":{"rendered":"Paredes de Nava vivi\u00f3 ayer unas fiestas intensas con un programa cargado de actos religiosos, taurinos, gastron\u00f3micos y&hellip;\n","protected":false},"author":2,"featured_media":113579,"comment_status":"","ping_status":"","sticky":false,"template":"","format":"standard","meta":{"footnotes":""},"categories":[277],"tags":[373,38433,168,1309,25,24,11925,1949,4475,185,6442,2949,7087,23,167,625,374,444],"class_list":{"0":"post-113578","1":"post","2":"type-post","3":"status-publish","4":"format-standard","5":"has-post-thumbnail","7":"category-toreo","8":"tag-bullfighting","9":"tag-calle-san-juan","10":"tag-deportes","11":"tag-encierro","12":"tag-es","13":"tag-espana","14":"tag-flamenco","15":"tag-ganaderia","16":"tag-gastronomia","17":"tag-musica","18":"tag-palencia","19":"tag-paredes-de-nava","20":"tag-semana-santa","21":"tag-spain","22":"tag-sports","23":"tag-tauromaquia","24":"tag-toreo","25":"tag-toros"},"share_on_mastodon":{"url":"","error":""},"_links":{"self":[{"href":"https:\/\/www.europesays.com\/es\/wp-json\/wp\/v2\/posts\/113578","targetHints":{"allow":["GET"]}}],"collection":[{"href":"https:\/\/www.europesays.com\/es\/wp-json\/wp\/v2\/posts"}],"about":[{"href":"https:\/\/www.europesays.com\/es\/wp-json\/wp\/v2\/types\/post"}],"author":[{"embeddable":true,"href":"https:\/\/www.europesays.com\/es\/wp-json\/wp\/v2\/users\/2"}],"replies":[{"embeddable":true,"href":"https:\/\/www.europesays.com\/es\/wp-json\/wp\/v2\/comments?post=113578"}],"version-history":[{"count":0,"href":"https:\/\/www.europesays.com\/es\/wp-json\/wp\/v2\/posts\/113578\/revisions"}],"wp:featuredmedia":[{"embeddable":true,"href":"https:\/\/www.europesays.com\/es\/wp-json\/wp\/v2\/media\/113579"}],"wp:attachment":[{"href":"https:\/\/www.europesays.com\/es\/wp-json\/wp\/v2\/media?parent=113578"}],"wp:term":[{"taxonomy":"category","embeddable":true,"href":"https:\/\/www.europesays.com\/es\/wp-json\/wp\/v2\/categories?post=113578"},{"taxonomy":"post_tag","embeddable":true,"href":"https:\/\/www.europesays.com\/es\/wp-json\/wp\/v2\/tags?post=113578"}],"curies":[{"name":"wp","href":"https:\/\/api.w.org\/{rel}","templated":true}]}}