{"id":113610,"date":"2025-09-14T04:08:09","date_gmt":"2025-09-14T04:08:09","guid":{"rendered":"https:\/\/www.europesays.com\/es\/113610\/"},"modified":"2025-09-14T04:08:09","modified_gmt":"2025-09-14T04:08:09","slug":"ex-estrella-de-ufc-comenzando-una-carrera-profesional-de-boxeo-con-tko-win-mas-cipolletti","status":"publish","type":"post","link":"https:\/\/www.europesays.com\/es\/113610\/","title":{"rendered":"ex estrella de UFC, comenzando una carrera profesional de boxeo con TKO Win. \u2013 M\u00e1s Cipolletti"},"content":{"rendered":"<p class=\"ssrcss-1q0x1qg-Paragraph e1jhz7w10\">McCann, quien agreg\u00f3 Radomska, deber\u00eda ser deducida por patear, diciendo que sent\u00eda que estaba aprendiendo sobre el trabajo despu\u00e9s de una larga carrera en diferentes peleas. <\/p>\n<p class=\"ssrcss-1q0x1qg-Paragraph e1jhz7w10\">\u201c\u00a1No duele tanto como los ensayos! <\/p>\n<p class=\"ssrcss-1q0x1qg-Paragraph e1jhz7w10\">\u201cLas chicas me golpean la cabeza m\u00e1s que eso, realmente aprendi\u00f3 sobre el trabajo. <\/p>\n<p class=\"ssrcss-1q0x1qg-Paragraph e1jhz7w10\">\u201cSabes cuando tienes una prueba de tu conducci\u00f3n y eres como\u201d ahhh \u201c, pero sabes c\u00f3mo conducirlo. Es uno de ellos. Estoy feliz\u201d.<\/p>\n<p class=\"ssrcss-1q0x1qg-Paragraph e1jhz7w10\">Su an\u00e1lisis de lucha en el ex campe\u00f3n de 5 campeones del mundo sin problemas, Josh Taylor predice la lucha del t\u00edtulo de McCann anteriormente durante demasiado tiempo. <\/p>\n<p class=\"ssrcss-1q0x1qg-Paragraph e1jhz7w10\">\u201cTe conozco desde hace un par de a\u00f1os. Estamos practicando en Liverpool\u201d, dijo Scot. <\/p>\n<p class=\"ssrcss-1q0x1qg-Paragraph e1jhz7w10\">\u201cElla mejor\u00f3 mucho infierno, incluso desde la \u00faltima vez que te vi. <\/p>\n<p class=\"ssrcss-1q0x1qg-Paragraph e1jhz7w10\">\u201cLo hizo muy bien. Dio una muy buena historia sobre s\u00ed misma y parec\u00eda poder luchar por un puesto despu\u00e9s de dos peleas m\u00e1s\u201d.<\/p>\n<p><a href=\"https:\/\/www.bbc.com\/sport\/boxing\/articles\/c62lx5j6y1jo?at_medium=RSS&amp;at_campaign=rss\" rel=\"nofollow noopener\" target=\"_blank\">Fuente<\/a><\/p>\n","protected":false},"excerpt":{"rendered":"McCann, quien agreg\u00f3 Radomska, deber\u00eda ser deducida por patear, diciendo que sent\u00eda que estaba aprendiendo sobre el trabajo&hellip;\n","protected":false},"author":2,"featured_media":113611,"comment_status":"","ping_status":"","sticky":false,"template":"","format":"standard","meta":{"footnotes":""},"categories":[276],"tags":[168,25,24,23,167,343],"class_list":{"0":"post-113610","1":"post","2":"type-post","3":"status-publish","4":"format-standard","5":"has-post-thumbnail","7":"category-ufc","8":"tag-deportes","9":"tag-es","10":"tag-espana","11":"tag-spain","12":"tag-sports","13":"tag-ufc"},"share_on_mastodon":{"url":"","error":""},"_links":{"self":[{"href":"https:\/\/www.europesays.com\/es\/wp-json\/wp\/v2\/posts\/113610","targetHints":{"allow":["GET"]}}],"collection":[{"href":"https:\/\/www.europesays.com\/es\/wp-json\/wp\/v2\/posts"}],"about":[{"href":"https:\/\/www.europesays.com\/es\/wp-json\/wp\/v2\/types\/post"}],"author":[{"embeddable":true,"href":"https:\/\/www.europesays.com\/es\/wp-json\/wp\/v2\/users\/2"}],"replies":[{"embeddable":true,"href":"https:\/\/www.europesays.com\/es\/wp-json\/wp\/v2\/comments?post=113610"}],"version-history":[{"count":0,"href":"https:\/\/www.europesays.com\/es\/wp-json\/wp\/v2\/posts\/113610\/revisions"}],"wp:featuredmedia":[{"embeddable":true,"href":"https:\/\/www.europesays.com\/es\/wp-json\/wp\/v2\/media\/113611"}],"wp:attachment":[{"href":"https:\/\/www.europesays.com\/es\/wp-json\/wp\/v2\/media?parent=113610"}],"wp:term":[{"taxonomy":"category","embeddable":true,"href":"https:\/\/www.europesays.com\/es\/wp-json\/wp\/v2\/categories?post=113610"},{"taxonomy":"post_tag","embeddable":true,"href":"https:\/\/www.europesays.com\/es\/wp-json\/wp\/v2\/tags?post=113610"}],"curies":[{"name":"wp","href":"https:\/\/api.w.org\/{rel}","templated":true}]}}