{"id":113614,"date":"2025-09-14T04:11:03","date_gmt":"2025-09-14T04:11:03","guid":{"rendered":"https:\/\/www.europesays.com\/es\/113614\/"},"modified":"2025-09-14T04:11:03","modified_gmt":"2025-09-14T04:11:03","slug":"la-jornada-de-protestas-en-la-vuelta-se-salda-con-un-unico-detenido-en-becerril-de-la-sierra-ciclismo-deportes","status":"publish","type":"post","link":"https:\/\/www.europesays.com\/es\/113614\/","title":{"rendered":"La jornada de protestas en la Vuelta se salda con un \u00fanico detenido en Becerril de la Sierra | Ciclismo | Deportes"},"content":{"rendered":"<p class=\"\">El paso de <a href=\"https:\/\/elpais.com\/expres\/2025-09-13\/la-vuelta-a-espana-se-blinda-a-su-paso-por-madrid-ante-el-temor-a-que-las-protestas-por-gaza-suban-de-tono.html\" target=\"_self\" rel=\"nofollow noopener\" title=\"https:\/\/elpais.com\/expres\/2025-09-13\/la-vuelta-a-espana-se-blinda-a-su-paso-por-madrid-ante-el-temor-a-que-las-protestas-por-gaza-suban-de-tono.html\">la Vuelta por Madrid<\/a> dej\u00f3 rostros de perplejidad en las cunetas de las carreteras del norte, por donde se disputaba la pen\u00faltima etapa de la carrera. A media ma\u00f1ana se anunci\u00f3 que cinco kil\u00f3metros de la ruta ser\u00edan recortados sobre la marcha por una concentraci\u00f3n de 250 personas en Cercedilla que hizo a la organizaci\u00f3n temer lo peor. Adem\u00e1s, a 18 kil\u00f3metros de la meta, cerca de un centenar de manifestantes contra la guerra en Gaza <a href=\"https:\/\/elpais.com\/deportes\/ciclismo\/2025-09-13\/etapa-20-de-la-vuelta-a-espana-en-directo-la-carrera-en-vivo.html\" target=\"_self\" rel=\"nofollow noopener\" title=\"https:\/\/elpais.com\/deportes\/ciclismo\/2025-09-13\/etapa-20-de-la-vuelta-a-espana-en-directo-la-carrera-en-vivo.html\">invadi\u00f3 la calzada en el momento en que pasaba el pelot\u00f3n de los favoritos<\/a>. La Comunidad de Madrid denunciar\u00e1 a los implicados en la incursi\u00f3n para que \u201cno vuelvan a repetirse\u201d lo que denomin\u00f3 \u201cactos violentos\u201d. Aunque el saldo de detenidos fue m\u00ednimo. Y los incidentes no revistieron gravedad. La Delegaci\u00f3n del Gobierno en Madrid ha confirmado que hay un detenido por la invasi\u00f3n de la calzada en Becerril y como \u201cpresunto autor de un delito de atentado contra un agente de la autoridad\u201d. <\/p>\n<blockquote class=\"twitter-tweet\">\n<p lang=\"es\" dir=\"ltr\">\ud83d\udd34 Desde la Comunidad de Madrid denunciaremos y emprenderemos las acciones legales oportunas para que actos violentos como los que se han producido en la etapa de <a href=\"https:\/\/twitter.com\/hashtag\/LaVuelta25?src=hash&amp;ref_src=twsrc%5Etfw\" rel=\"nofollow noopener\" target=\"_blank\">#LaVuelta25<\/a> que finalizaba en La Bola del Mundo, en <a href=\"https:\/\/twitter.com\/hashtag\/Navacerrada?src=hash&amp;ref_src=twsrc%5Etfw\" rel=\"nofollow noopener\" target=\"_blank\">#Navacerrada<\/a>, no vuelvan a repetirse y para que sus autores\u2026<\/p>\n<p>\u2014 Comunidad de Madrid (@ComunidadMadrid) <a href=\"https:\/\/twitter.com\/ComunidadMadrid\/status\/1966923939050901707?ref_src=twsrc%5Etfw\" rel=\"nofollow noopener\" target=\"_blank\">September 13, 2025<\/a><\/p><\/blockquote>\n<p class=\"\">El malestar por la participaci\u00f3n del equipo del israel\u00ed Sylvan Adams, el Israel-Premier Tech, ha sido inocultable para los curiosos que sub\u00edan este s\u00e1bado al Puerto de Navacerrada. Ocho kil\u00f3metros antes de la meta, se ha plantado el primer grupo de manifestantes propalestinos. Ni\u00f1os, j\u00f3venes, adultos y abuelos ya coreaban sus c\u00e1nticos dos horas antes del primer paso del pelot\u00f3n: \u201cFuera sionista de la vuelta ciclista\u201d. Algunas personas multiplicaron su tama\u00f1o al subirse en una reja met\u00e1lica desde la que ondeaban pancartas y banderas.<\/p>\n<p class=\"\">\u201cEsto es una acci\u00f3n absolutamente pac\u00edfica y no violenta para denunciar un genocidio en Palestina que no queremos publicitar en nuestro pa\u00eds\u201d, ha explicado Ivan Garc\u00eda (52 a\u00f1os, Madrid), portavoz de La Sierra por Madrid, el colectivo que ha llamado a la movilizaci\u00f3n masiva en la vig\u00e9sima etapa de la Vuelta. Preguntado por <a href=\"https:\/\/elpais.com\/expres\/2025-09-13\/la-vuelta-a-espana-se-blinda-a-su-paso-por-madrid-ante-el-temor-a-que-las-protestas-por-gaza-suban-de-tono.html\" target=\"_self\" rel=\"nofollow noopener\" title=\"https:\/\/elpais.com\/expres\/2025-09-13\/la-vuelta-a-espana-se-blinda-a-su-paso-por-madrid-ante-el-temor-a-que-las-protestas-por-gaza-suban-de-tono.html\">las incursiones de algunos manifestantes propalestinos<\/a> en etapas anteriores de la carrera, Garc\u00eda ha respondido: \u201cNo lo compartimos en absoluto. Una cosa es paralizar una etapa puntual de un evento deportivo y otra hacer da\u00f1o a los ciclistas\u201d. El grupo ha sido aislado de la calzada, detr\u00e1s de una cerca alambrada que limita un coto de caza. \u201cLa polic\u00eda nos ha dicho que nos meti\u00e9ramos aqu\u00ed porque \u00e9ramos un grupo numeroso\u201d, ha detallado Garc\u00eda. \u201cNos tienen como vacas\u201d, se quej\u00f3 una voz en el fondo. Los 1.500 agentes desplegados por la fuerza p\u00fablica hicieron sentir su presencia, a juzgar por el estruendo de las caravanas de hasta una docena de Toyotas que, a toda velocidad, repasaban una y otra vez la ruta de los ciclistas. <\/p>\n<p class=\"\"><a href=\"https:\/\/x.com\/SConPalestina\" target=\"_self\" rel=\"nofollow\" title=\"https:\/\/x.com\/SConPalestina\">Sierra por Palestina<\/a> ha sido durante dos a\u00f1os una de las plataformas encargadas de dar voz a \u201cla rabia y la indignaci\u00f3n\u201d por la muerte de civiles en Gaza, en palabras de su portavoz, quien define as\u00ed a su colectivo: \u201cSomos gente que le gusta la paz y que defiende el derecho internacional\u201d. Desde octubre de 2022, el grupo ha coordinado en diferentes municipios de Guadarrama \u201ccaceroladas, manifestaciones, veladas nocturnas, charlas informativas y homenajes a la memoria de los ni\u00f1os y ni\u00f1as muertas\u201d, enumera Garc\u00eda antes concluir: \u201cEn La Sierra estamos comprometidos con la paz\u201d. <\/p>\n<p class=\"\">Muestra de ello son los diferentes grupos que han brotado en municipios de la regi\u00f3n como Las Violetas Serrana, Grupo Nordeste de Segovia con Palestina o iniciativas locales en municipios m\u00e1s peque\u00f1os. La uni\u00f3n vecinal por Palestina en Soto del Real tambi\u00e9n ha gritado su descontento este s\u00e1bado contra la presencia del equipo israel\u00ed.<\/p>\n<p class=\"\">Un grupo de cinco mujeres y un hombre enrollados en kufiyas usaron toallas y mu\u00f1ecos para simular la forma de beb\u00e9s, en alusi\u00f3n a los que han muerto por la guerra en la Franja. Al paso del pelot\u00f3n, han estirado los brazos hacia los ciclistas, ofreciendo los bultos al grito de \u201cBoicot\u201d. Frente a ellos, el rastro de la pintura fresca sobre el pavimento obligaba a leer \u201cStop Genocide\u201d y \u201cFree Palestine\u201d.<\/p>\n<p class=\"\">Un d\u00eda antes de la llegada de la Vuelta a Madrid, Ayuso afirm\u00f3 que los manifestantes contra la guerra en Gaza presentes en La Vuelta \u201cest\u00e1n intentando destrozar la imagen de Espa\u00f1a ante el mundo\u201d. Garc\u00eda duda de esa teor\u00eda al afirmar: \u201cYo creo que lo que estamos haciendo es defender la dignidad de nuestro pa\u00eds\u201d.<\/p>\n<p><script async src=\"https:\/\/platform.twitter.com\/widgets.js\" charset=\"utf-8\"><\/script><\/p>\n","protected":false},"excerpt":{"rendered":"El paso de la Vuelta por Madrid dej\u00f3 rostros de perplejidad en las cunetas de las carreteras del&hellip;\n","protected":false},"author":2,"featured_media":113615,"comment_status":"","ping_status":"","sticky":false,"template":"","format":"standard","meta":{"footnotes":""},"categories":[273],"tags":[313,312,168,6822,23876,25,24,23,167,7603],"class_list":{"0":"post-113614","1":"post","2":"type-post","3":"status-publish","4":"format-standard","5":"has-post-thumbnail","7":"category-ciclismo","8":"tag-ciclismo","9":"tag-cycling","10":"tag-deportes","11":"tag-ecologistas","12":"tag-ecologistas-en-accion","13":"tag-es","14":"tag-espana","15":"tag-spain","16":"tag-sports","17":"tag-vuelta-espana"},"share_on_mastodon":{"url":"","error":""},"_links":{"self":[{"href":"https:\/\/www.europesays.com\/es\/wp-json\/wp\/v2\/posts\/113614","targetHints":{"allow":["GET"]}}],"collection":[{"href":"https:\/\/www.europesays.com\/es\/wp-json\/wp\/v2\/posts"}],"about":[{"href":"https:\/\/www.europesays.com\/es\/wp-json\/wp\/v2\/types\/post"}],"author":[{"embeddable":true,"href":"https:\/\/www.europesays.com\/es\/wp-json\/wp\/v2\/users\/2"}],"replies":[{"embeddable":true,"href":"https:\/\/www.europesays.com\/es\/wp-json\/wp\/v2\/comments?post=113614"}],"version-history":[{"count":0,"href":"https:\/\/www.europesays.com\/es\/wp-json\/wp\/v2\/posts\/113614\/revisions"}],"wp:featuredmedia":[{"embeddable":true,"href":"https:\/\/www.europesays.com\/es\/wp-json\/wp\/v2\/media\/113615"}],"wp:attachment":[{"href":"https:\/\/www.europesays.com\/es\/wp-json\/wp\/v2\/media?parent=113614"}],"wp:term":[{"taxonomy":"category","embeddable":true,"href":"https:\/\/www.europesays.com\/es\/wp-json\/wp\/v2\/categories?post=113614"},{"taxonomy":"post_tag","embeddable":true,"href":"https:\/\/www.europesays.com\/es\/wp-json\/wp\/v2\/tags?post=113614"}],"curies":[{"name":"wp","href":"https:\/\/api.w.org\/{rel}","templated":true}]}}