{"id":113622,"date":"2025-09-14T04:15:13","date_gmt":"2025-09-14T04:15:13","guid":{"rendered":"https:\/\/www.europesays.com\/es\/113622\/"},"modified":"2025-09-14T04:15:13","modified_gmt":"2025-09-14T04:15:13","slug":"lucia-rivera-desvela-la-faceta-mas-desconocida-de-su-padre-cayetano-rivera","status":"publish","type":"post","link":"https:\/\/www.europesays.com\/es\/113622\/","title":{"rendered":"Luc\u00eda Rivera desvela la faceta m\u00e1s desconocida de su padre, Cayetano Rivera"},"content":{"rendered":"<p data-journey-content=\"true\" data-node-id=\"4\" class=\"css-i9p093 emevuu60\">El comienzo del curso escolar coincide con Vogue Fashion\u2019s Night Out, la gran noche de la moda que re\u00fane en la Calle Ortega y Gasset a rostros conocidos, amantes de la moda y artistas nacionales e internacionales. Un a\u00f1o m\u00e1s, la hija de Blanca Romero y Cayetano Rivera no quiso perderse esta cita con la moda. All\u00ed, la modelo habl\u00f3 con los reporteros de Europa Press. Luc\u00eda Rivera, que no tiene pelos en la lengua, y ya ha hablado antes de la <a href=\"https:\/\/www.diezminutos.es\/famosos-corazon\/famosos-espanoles\/a64696534\/cayetano-rivera-maria-cerqueira-ruptura\/\" target=\"_blank\" data-vars-ga-outbound-link=\"https:\/\/www.diezminutos.es\/famosos-corazon\/famosos-espanoles\/a64696534\/cayetano-rivera-maria-cerqueira-ruptura\/\" data-vars-ga-ux-element=\"Hyperlink\" data-vars-ga-call-to-action=\"ruptura de su padre con Mar\u00eda Cerqueira\" data-node-id=\"4.1\" data-mrf-link=\"https:\/\/www.diezminutos.es\/famosos-corazon\/famosos-espanoles\/a64696534\/cayetano-rivera-maria-cerqueira-ruptura\/\" class=\"body-link css-177bzfx emevuu60\" rel=\"nofollow noopener\">ruptura de su padre con Mar\u00eda Cerqueira<\/a>, y de <a href=\"https:\/\/www.diezminutos.es\/famosos-corazon\/famosos-espanoles\/a64709030\/lucia-rivera-explicacion-ruptura-padre-cayetano-rivera-maria-cerqueira\/\" target=\"_blank\" data-vars-ga-outbound-link=\"https:\/\/www.diezminutos.es\/famosos-corazon\/famosos-espanoles\/a64709030\/lucia-rivera-explicacion-ruptura-padre-cayetano-rivera-maria-cerqueira\/\" data-vars-ga-ux-element=\"Hyperlink\" data-vars-ga-call-to-action=\"c\u00f3mo consideraba a la portuguesa como una &quot;segunda madre&quot;\" data-node-id=\"4.3\" data-mrf-link=\"https:\/\/www.diezminutos.es\/famosos-corazon\/famosos-espanoles\/a64709030\/lucia-rivera-explicacion-ruptura-padre-cayetano-rivera-maria-cerqueira\/\" class=\"body-link css-177bzfx emevuu60\" rel=\"nofollow noopener\">c\u00f3mo consideraba a la portuguesa como una \u00absegunda madre\u00bb<\/a>. Ahora ha querido hablar sobre la faceta m\u00e1s desconocida de Cayetano Rivera. <\/p>\n<p data-journey-content=\"true\" data-node-id=\"8\" class=\"css-i9p093 emevuu60\">Hablando sobre sus padres, Blanca Romero y Cayetano Rivera, a los que considera m\u00e1s amigos que padres. \u00abMis padres no me criaron, a m\u00ed me han criado mis abuelos\u00bb, se\u00f1ala la modelo.  Luc\u00eda se\u00f1ala que se puede \u00abtomar copas con sus padres\u00bb y bailar con ellos. <\/p>\n<p data-journey-content=\"true\" data-node-id=\"10\" class=\"css-i9p093 emevuu60\">\u00abQue sep\u00e1is que mi padre tambi\u00e9n baila, \u00bfeh? <strong data-node-id=\"10.1\">No tanto como mi madre, no tan bien, imposible, pero baila. Tiene sus pasos prohibidos<\/strong>\u00ab, ha revelado entre risas, y evitando decir nada en torno al pol\u00e9mico episodio que ha atravesado el torero.<\/p>\n<p data-journey-content=\"true\" data-node-id=\"15\" class=\"css-i9p093 emevuu60\">Sobre la participaci\u00f3n de su madre en &#8216;Bailando con las estrellas&#8217; tambi\u00e9n ha hablado. Luc\u00eda Rivera se\u00f1ala que su madre est\u00e1 \u00abhist\u00e9rica\u00bb. \u00abVa a hacerlo incre\u00edble, ya lo ver\u00e9is. Baila muy bien, vais a flipar.\u00bb. Adem\u00e1s, se\u00f1ala que est\u00e1 muy en forma que no para. \u00abSe levanta a las siete de la ma\u00f1ana y no para\u00bb. La modelo ha dejado claro que Blanco Romero nos va a sorprender mucho con su participaci\u00f3n en el concurso de Telecinco. <\/p>\n<p data-journey-content=\"true\" data-node-id=\"17\" class=\"css-i9p093 emevuu60\">Jes\u00fas V\u00e1zquez y Valeria Mazza repiten como presentadores de este concurso que enfrentar\u00e1 a Blanca Romero con B\u00e1rbara Rey, Anabel Pantoja, Pepe Navarro, Nona Sobo, Sara Escudero, Nerea Rodr\u00edguez, Tania Medina, Manu Tenorio, Iago Garc\u00eda, Jorge Gonz\u00e1lez, Mat\u00edas Roure y Aless Gibaja.<\/p>\n<p><img src=\"https:\/\/www.europesays.com\/es\/wp-content\/uploads\/2025\/09\/1757823313_914_4104b2dc-9d92-4a2f-a41f-327dc6377620_1734436473.jpg\" alt=\"Headshot of Valentina Vera\" title=\"Headshot of Valentina Vera\" width=\"100%\" height=\"100%\" decoding=\"async\" loading=\"lazy\" class=\"css-o0wq4v ev8dhu53\"\/><\/p>\n<p>Valentina Vera es una periodista experta en cr\u00f3nica rosa, realidad, &#8216;reality&#8217;, moda y belleza. Siempre al d\u00eda de las \u00faltimas novedades de los famosos nacionales e internacionales y de las casas reales europeas. Su trabajo como redactora le permite ser testigo de las bodas de los personajes m\u00e1s relevantes del panorama social; de alfombras rojas; de funerales de Estado o de acontecimientos hist\u00f3ricos: como la proclamaci\u00f3n de Felipe VI como Rey o la coronaci\u00f3n de Carlos III de Inglaterra.<br \/>\nLicenciada en Periodismo por la Universidad Complutense de Madrid. Comenz\u00f3 su andadura en el mundo del coraz\u00f3n en el a\u00f1o 2013 en la revista \u00a1Hola! Y desde 2014 forma parte del grupo Hearst, donde ha ido adquiriendo experiencia tanto en la edici\u00f3n impresa como en el formato web de la revista Diez Minutos.<br \/>\nEl medio digital le apasiona por la inmediatez en la que sus lectores pueden ser testigos de lo que sucede en la vida de los famosos desde cualquier parte del mundo. Instagram, Twitter y TikTok se han convertido en una herramienta m\u00e1s de informaci\u00f3n a la hora de crear, gestionar y organizar el contenido, ya que le permiten conocer la \u00faltima hora de lo que sucede en la vida de los famosos.<br \/>\nEn constante formaci\u00f3n de estrategias y t\u00e9cnicas de optimizaci\u00f3n digital para su trabajo como redactora, en la actualidad tambi\u00e9n se encuentra estudiando Diet\u00e9tica. Llevar un estilo de vida saludable es algo que le apasiona y cree que la nutrici\u00f3n es una parte fundamental.<\/p>\n","protected":false},"excerpt":{"rendered":"El comienzo del curso escolar coincide con Vogue Fashion\u2019s Night Out, la gran noche de la moda que&hellip;\n","protected":false},"author":2,"featured_media":113623,"comment_status":"","ping_status":"","sticky":false,"template":"","format":"standard","meta":{"footnotes":""},"categories":[174],"tags":[255,253,146,147,25,24,256,23],"class_list":{"0":"post-113622","1":"post","2":"type-post","3":"status-publish","4":"format-standard","5":"has-post-thumbnail","7":"category-famosos","8":"tag-celebrities","9":"tag-discover","10":"tag-entertainment","11":"tag-entretenimiento","12":"tag-es","13":"tag-espana","14":"tag-famosos","15":"tag-spain"},"share_on_mastodon":{"url":"","error":""},"_links":{"self":[{"href":"https:\/\/www.europesays.com\/es\/wp-json\/wp\/v2\/posts\/113622","targetHints":{"allow":["GET"]}}],"collection":[{"href":"https:\/\/www.europesays.com\/es\/wp-json\/wp\/v2\/posts"}],"about":[{"href":"https:\/\/www.europesays.com\/es\/wp-json\/wp\/v2\/types\/post"}],"author":[{"embeddable":true,"href":"https:\/\/www.europesays.com\/es\/wp-json\/wp\/v2\/users\/2"}],"replies":[{"embeddable":true,"href":"https:\/\/www.europesays.com\/es\/wp-json\/wp\/v2\/comments?post=113622"}],"version-history":[{"count":0,"href":"https:\/\/www.europesays.com\/es\/wp-json\/wp\/v2\/posts\/113622\/revisions"}],"wp:featuredmedia":[{"embeddable":true,"href":"https:\/\/www.europesays.com\/es\/wp-json\/wp\/v2\/media\/113623"}],"wp:attachment":[{"href":"https:\/\/www.europesays.com\/es\/wp-json\/wp\/v2\/media?parent=113622"}],"wp:term":[{"taxonomy":"category","embeddable":true,"href":"https:\/\/www.europesays.com\/es\/wp-json\/wp\/v2\/categories?post=113622"},{"taxonomy":"post_tag","embeddable":true,"href":"https:\/\/www.europesays.com\/es\/wp-json\/wp\/v2\/tags?post=113622"}],"curies":[{"name":"wp","href":"https:\/\/api.w.org\/{rel}","templated":true}]}}