{"id":113626,"date":"2025-09-14T04:18:17","date_gmt":"2025-09-14T04:18:17","guid":{"rendered":"https:\/\/www.europesays.com\/es\/113626\/"},"modified":"2025-09-14T04:18:17","modified_gmt":"2025-09-14T04:18:17","slug":"si-las-estadisticas-no-te-gustan-cambialas-asi-manipula-el-gobierno-a-los-espanoles","status":"publish","type":"post","link":"https:\/\/www.europesays.com\/es\/113626\/","title":{"rendered":"si las estad\u00edsticas no te gustan, c\u00e1mbialas; as\u00ed manipula el Gobierno a los espa\u00f1oles"},"content":{"rendered":"<p id=\"paragraph_1\"><strong>Homer Simpson<\/strong>\u00a0dec\u00eda que <strong>la gente se inventaba estad\u00edsticas para demostrar cualquier cosa.<\/strong> \u00ab\u00a1<strong>El 14% lo sabe!<\/strong>\u00ab. No hace falta remitirse ni a <strong>Nietzsche<\/strong> ni a\u00a0<strong>Foucault<\/strong> para recordar que la interpretaci\u00f3n que el poder hace de los datos <a href=\"https:\/\/www.elespanol.com\/castilla-y-leon\/opinion\/20240107\/pedro-sanchez-compinches-quieren-controlar-maximo-opinion-publica-espana\/823297666_13.html?utm_cmp_rs=linksinline\" rel=\"nofollow noopener\" target=\"_blank\">cala en la opini\u00f3n p\u00fablica<\/a> y la moldea a su antojo.<\/p>\n<p class=\"paragraph\" id=\"paragraph_2\"><a href=\"https:\/\/www.elespanol.com\/espana\/politica\/20250826\/nervios-gobierno-expectativa-sanchez-inicie-curso-politico-crisis-ministerial\/1003743898626_0.html?utm_cmp_rs=linksinline\" rel=\"nofollow noopener\" target=\"_blank\">Por ello, todo Gobierno necesita disponer de un relato<\/a> coherente al que anclar su discurso. En el caso del de S\u00e1nchez, este se articula sobre la presentaci\u00f3n de visiones optimistas del <a href=\"https:\/\/www.elespanol.com\/reportajes\/20250827\/pablo-gil-experto-economia-vivienda-espana-probabilidad-acabar-pinchazo-burbuja-kwi\/1003743901533_0.html?utm_cmp_rs=linksinline\" rel=\"nofollow noopener\" target=\"_blank\">porvenir de la <strong>econom\u00eda<\/strong><\/a><strong>,<\/strong> del <strong>mercado laboral <\/strong>y <a href=\"https:\/\/www.elespanol.com\/espana\/20250906\/seguridad-nacional-detecta-aumento-delincuencia-grave-inseguridad-ciudadana-rompe-discurso-marlaska\/1003743910021_0.html?utm_cmp_rs=linksinline\" rel=\"nofollow noopener\" target=\"_blank\">de la <strong>seguridad<\/strong> ciudadana<\/a>, aunque ello implique poner el <strong>CIS<\/strong> a su servicio y falsear datos del <strong>PIB<\/strong>, del <strong>IPC<\/strong>, del <strong>paro<\/strong>, de la <strong>vivienda<\/strong> o del <strong>crimen<\/strong>.<\/p>\n<p class=\"paragraph\" id=\"paragraph_3\">Si los n\u00fameros no acompa\u00f1an al relato, la mejor forma de controlar la narrativa intacta es <strong>reinterpretar<\/strong> los resultados en beneficio propio. Y, si eso no funciona, <strong>modificar las metodolog\u00edas de c\u00e1lculo<\/strong> que obtienen esos datos introduciendo<strong> nuevas variables <\/strong>que los hagan encajar.<\/p>\n<p><img decoding=\"async\" alt=\"Diferencia en la estimaci\u00f3n de voto propuesta por el CIS (tabla izquierda) respecto a la media del resto de encuestadoras.\" data-imgm=\"true\" height=\"180\" loading=\"lazy\"  src=\"https:\/\/www.europesays.com\/es\/wp-content\/uploads\/2025\/09\/1003743923957_258680312_1024x576.jpg\"  width=\"320\"\/><\/p>\n<p>                                                            Diferencia en la estimaci\u00f3n de voto propuesta por el CIS (tabla izquierda) respecto a la media del resto de encuestadoras.<\/p>\n<p>                    Cristina Villarino<\/p>\n<p>                    E. E.<\/p>\n<p class=\"paragraph\" id=\"paragraph_4\">\u00abNada hay m\u00e1s sagrado en investigaci\u00f3n que la <strong>metodolog\u00eda<\/strong>, y no hay mayor pecado que no usarla, usarla mal o cambiarla a placer\u00bb, sentencia <a href=\"https:\/\/www.elespanol.com\/espana\/politica\/20250728\/espanol-publica-microdatos-encuesta-electoral-sociometrica-puede-consultarlos\/1003743865244_0.html?utm_cmp_rs=linksinline\" rel=\"nofollow noopener\" target=\"_blank\">el director de SocioM\u00e9trica<\/a> <strong>Gonzalo Ad\u00e1n<\/strong>. El experto apunta hacia Espa\u00f1a y su <strong>Centro de Investigaciones Sociol\u00f3gicas<\/strong>\u00a0como ejemplo paradigm\u00e1tico.<\/p>\n<p class=\"paragraph\" id=\"paragraph_5\">Este jueves,\u00a0<a href=\"https:\/\/www.elespanol.com\/espana\/politica\/20250612\/tezanos-burla-cis-da-puntos-sanchez-feijoo-peor-tormenta-corrupcion-psoe\/1003743801318_0.html?utm_cmp_rs=linksinline\" rel=\"nofollow noopener\" target=\"_blank\">el CIS situ\u00f3 al PSOE como hipot\u00e9tico ganador<\/a> de unas elecciones generales con un 32,7% de intenci\u00f3n de voto, nueve puntos por delante del PP. Sin embargo, <strong>la media del resto de encuestadoras<\/strong> sum\u00f3 para el PSOE un 26,58 % y un 33,55 % para el PP, lo que supone que el CIS le da 6,12 puntos m\u00e1s a S\u00e1nchez y le resta 9,85 al l\u00edder de la oposici\u00f3n.<\/p>\n<p class=\"paragraph\" id=\"paragraph_6\">Ni siquiera la <strong>encuesta de 40db<\/strong> de septiembre para El Pa\u00eds, que tiende hacia la benevolencia con el Ejecutivo, le daba un resultado favorable, ya que redujo su estimaci\u00f3n de voto a un 27,7 %.<\/p>\n<p class=\"paragraph\" id=\"paragraph_7\">Las encuestas de estimaci\u00f3n de voto del CIS han sido objeto de una fuerte pol\u00e9mica desde 2018, cuando el ac\u00e9rrimo <a href=\"https:\/\/www.elespanol.com\/espana\/politica\/20250912\/lideres-pp-dicen-sanchez-creyera-ventaja-da-cis-tezanos-iria-elecciones-manana-mismo\/1003743921364_0.html?utm_cmp_rs=linksinline\" rel=\"nofollow noopener\" target=\"_blank\">militante socialista <strong>Jos\u00e9 F\u00e9lix Tezanos<\/strong><\/a> fue colocado en la direcci\u00f3n.<\/p>\n<p><img loading=\"lazy\" decoding=\"async\" alt=\"Ilustraci\u00f3n: Tom\u00e1s Serrano.\" height=\"180\" src=\"https:\/\/www.europesays.com\/es\/wp-content\/uploads\/2025\/09\/1003743921678_258637247_320x180.jpg\" width=\"320\" data-lazy-status=\"processed\" data-lazy-info=\"remove loading item 1\"\/><\/p>\n<p class=\"paragraph\" id=\"paragraph_8\">Desde su llegada, el CIS ajusta tanto el <strong>m\u00e9todo de muestreo<\/strong> como la ponderaci\u00f3n y la presentaci\u00f3n de resultados para <strong>sobrerrepresentar sistem\u00e1ticamente al bloque de izquierdas<\/strong>\u00a0en sus proyecciones electorales.\u00a0<\/p>\n<p class=\"paragraph\" id=\"paragraph_9\">Tezanos modific\u00f3 el tradicional sistema de estimaci\u00f3n electoral sustituy\u00e9ndolo por su propio modelo, <a href=\"https:\/\/www.elespanol.com\/espana\/politica\/20230717\/cis-sin-cocina-tezanos-otorgaria-pp-votos-escanos-psoe\/779672410_0.html?utm_cmp_rs=linksinline\" rel=\"nofollow noopener\" target=\"_blank\">el Alaminos-Tezanos, que\u00a0<\/a><strong><a href=\"https:\/\/www.elespanol.com\/espana\/politica\/20230717\/cis-sin-cocina-tezanos-otorgaria-pp-votos-escanos-psoe\/779672410_0.html?utm_cmp_rs=linksinline\" rel=\"nofollow noopener\" target=\"_blank\">introduce par\u00e1metros opacos<\/a>\u00a0<\/strong>que luego se cocinan y\u00a0<strong>prescinde del llamado &#8216;recuerdo de voto&#8217;.<\/strong><\/p>\n<p class=\"paragraph\" id=\"paragraph_10\">Esta \u00faltima variable es importante, pues consiste en preguntar a los votantes a qu\u00e9 partido o candidato recuerdan haber dado su confianza en la elecci\u00f3n anterior con el fin de ajustar o ponderar los resultados.<\/p>\n<p class=\"paragraph\" id=\"paragraph_11\">Si una encuesta recoge, por ejemplo, que un 45% dice haber votado al PSOE cuando en realidad sac\u00f3 el 28%, eso indica que la muestra estar\u00eda <strong>sesgada hacia votantes socialistas<\/strong> y deber\u00eda ser corregida.<\/p>\n<p class=\"paragraph\" id=\"paragraph_12\">Tras 40 a\u00f1os de estabilidad, el CIS cambi\u00f3 el sistema para pasar de procedimientos basados en ponderaciones por recuerdo de voto\u00a0<strong>a una mera regla de tres<\/strong>, proporcionando al PSOE un voto estimado muy por encima de lo que le hubiera correspondido con la metodolog\u00eda tradicional.<\/p>\n<p><img decoding=\"async\" alt=\"El presidente del Centro de Estudios Sociol\u00f3gicos (CIS), Jos\u00e9 F\u00e9lix Tezanos, presenta 'Pedro S\u00e1nchez. Hab\u00eda partido: de las primarias a la Moncloa', en el C\u00edrculo de Bellas Artes, a junio de 2022.\" data-imgm=\"true\" height=\"180\" loading=\"lazy\"  src=\"https:\/\/www.europesays.com\/es\/wp-content\/uploads\/2025\/09\/1003743923332_258668270_1024x576.jpg\"  width=\"320\"\/><\/p>\n<p>                                                            El presidente del Centro de Estudios Sociol\u00f3gicos (CIS), Jos\u00e9 F\u00e9lix Tezanos, presenta &#8216;Pedro S\u00e1nchez. Hab\u00eda partido: de las primarias a la Moncloa&#8217;, en el C\u00edrculo de Bellas Artes, a junio de 2022.<\/p>\n<p>                    Carlos Luj\u00e1n<\/p>\n<p>                    Europa Press<\/p>\n<p class=\"paragraph\" id=\"paragraph_13\">\u00abDesde su llegada al CIS, hasta hoy, los cambios, <strong>sin l\u00f3gica alguna<\/strong>, han sido la norma. Se han aplicado y desaplicado modelos sin explicaci\u00f3n m\u00e1s all\u00e1 de rebautizarlos de forma alambicada bajo t\u00edtulos como: &#8216;<strong>voto m\u00e1s simpat\u00eda<\/strong>&#8216;, &#8216;<strong>voto directo en la encuesta<\/strong>&#8216;, &#8216;<strong>datos directos de opini\u00f3n<\/strong>&#8216;, pero que no representan un modelo de estimaci\u00f3n de voto\u00bb, a\u00f1ade Ad\u00e1n.<\/p>\n<p class=\"paragraph\" id=\"paragraph_14\">Tambi\u00e9n se\u00f1ala que ha habido una <strong>manipulaci\u00f3n de las preguntas<\/strong>\u00a0seg\u00fan la conveniencia del Gobierno, lo que rompe las series hist\u00f3ricas, y que se ha cambiado la periodicidad de trimestral a mensual de forma injustificada. Adem\u00e1s, han variado los tama\u00f1os de la muestra y la forma de presentar los resultados.<\/p>\n<p class=\"paragraph\" id=\"paragraph_15\">Por ejemplo, en marzo de 2020 se manipul\u00f3 la serie hist\u00f3rica al preguntar sobre la situaci\u00f3n econ\u00f3mica de Espa\u00f1a con la coletilla &#8216;al margen del coronavirus&#8217;. Un enunciado que, desde la fundaci\u00f3n del CIS, siempre se hab\u00eda formulado de la misma forma. <strong>Romper una serie hist\u00f3rica siempre da\u00f1a la estad\u00edstica<\/strong>, pues impide mantener una continuidad y comparar los datos.<\/p>\n<p>Al asalto del INE<\/p>\n<p class=\"paragraph\" id=\"paragraph_16\">No es la primera vez que el Gobierno trata de modificar la <strong>metodolog\u00eda<\/strong> de un organismo p\u00fablico en su propio beneficio. Tras su &#8216;asalto&#8217; al CIS, el PSOE meti\u00f3 mano al <strong>Instituto Nacional de Estad\u00edstica<\/strong>, responsable de la medici\u00f3n de indicadores como el <strong>PIB<\/strong> y el <strong>IPC<\/strong>.<\/p>\n<p class=\"paragraph\" id=\"paragraph_17\">En junio de 2022, el presidente del INE, <strong>Juan Manuel Rodr\u00edguez Poo<\/strong>, dimiti\u00f3 forzadamente tras su enfrentamiento con la entonces ministra de Asuntos Econ\u00f3micos,<strong> Nadia Calvi\u00f1o<\/strong>.<\/p>\n<p class=\"paragraph\" id=\"paragraph_18\">El punto de fricci\u00f3n parti\u00f3 de las discrepancias a la hora de medir el desempe\u00f1o de la econom\u00eda espa\u00f1ola. El INE, cuya metodolog\u00eda est\u00e1 avalada por <strong>Eurostat<\/strong>, revis\u00f3 a la baja el crecimiento del PIB del primer trimestre de 2022, del 0,3% al 0,2%. Calvi\u00f1o, sin embargo, como esperaba resultados mejores, cuestion\u00f3 <strong>la validez del PIB como indicador<\/strong>.<\/p>\n<p class=\"paragraph\" id=\"paragraph_19\">La exministra argument\u00f3 que el medidor ten\u00eda dos carencias principales: por una parte, no reflejaba adecuadamente factores clave de progreso econ\u00f3mico \u2013<strong>medioambiente<\/strong>, <strong>digitalizaci\u00f3n<\/strong> y\u00a0<strong>cohesi\u00f3n<\/strong> <strong>social<\/strong>\u2013\u00a0y, por otra, ten\u00eda cierto retraso por su car\u00e1cter trimestral.<\/p>\n<p><img decoding=\"async\" alt=\"Una persona compra en un supermercado\" height=\"180\" loading=\"lazy\" width=\"320\" data-lazy-status=\"processed\" id=\"7d97a47939\" src=\"https:\/\/www.elespanol.com\/reportajes\/20250914\/homer-ensenado-sanchez-estadisticas-no-gustan-cambialas-manipula-gobierno-espanoles\/[\" https:=\"\" data-lazy-info=\"changed src\"\/><\/p>\n<p class=\"paragraph\" id=\"paragraph_20\">Ante estas supuestas limitaciones, el <strong>Ministerio de Asuntos Econ\u00f3micos<\/strong> desarroll\u00f3 un \u00ab<strong>indicador diario de actividad<\/strong>\u00bb paralelo, no supervisado por Eurostat, basado en la informaci\u00f3n sobre gastos con tarjetas bancarias, patrones de movilidad a partir de datos de operadores de telecomunicaciones o flujos de afiliaci\u00f3n diaria a la Seguridad Social.<\/p>\n<p class=\"paragraph\" id=\"paragraph_21\">A consecuencia de las presiones de Calvi\u00f1o y de su cuestionamiento p\u00fablicos, Rodr\u00edguez Poo acab\u00f3 dimitiendo. La <strong>Asociaci\u00f3n de Estad\u00edsticos Superiores del Estado<\/strong> denunci\u00f3 la situaci\u00f3n como \u00abpreocupante\u00bb y se\u00f1al\u00f3 la falta de confianza gubernamental.<\/p>\n<p class=\"paragraph\" id=\"paragraph_22\">Los estad\u00edsticos advirtieron que aquel movimiento \u00abpodr\u00eda ser interpretado por la sociedad como un <strong>ataque a la independencia del INE<\/strong>\u00bb y recordaron que \u00abla metodolog\u00eda de las estad\u00edsticas es rigurosa, p\u00fablica y est\u00e1 avalada por Europa\u00bb.<\/p>\n<p class=\"paragraph\" id=\"paragraph_23\">Para el economista <strong>Jos\u00e9 Ram\u00f3n Riera<\/strong> este movimiento esconde una orden muy clara por parte del Gobierno. \u00abSe cambi\u00f3 al presidente del INE porque no hac\u00eda caso a Calvi\u00f1o. <strong>Ella quer\u00eda reducir la inflaci\u00f3n como fuera<\/strong>. \u00bfQu\u00e9 pas\u00f3? Que cuando <strong>Elena Manzanera<\/strong> lleg\u00f3 a la presidencia del Instituto Nacional de Estad\u00edstica [agosto de 2022], empez\u00f3 a haber ajustes de ponderaciones\u00bb.<\/p>\n<p class=\"paragraph\" id=\"paragraph_24\">Estos cambios, aunque formalmente justificados por la normativa europea y por el cambio en h\u00e1bitos de consumo, ayudaron a rebajar artificialmente el \u00edndice de inflaci\u00f3n medido oficialmente, lo que para Riera podr\u00eda ser un ejemplo de &#8216;<strong>cocina estad\u00edstica<\/strong>&#8216; intencionada.<\/p>\n<p>C\u00f3mo retorcer el PIB y el IPC<\/p>\n<p class=\"paragraph\" id=\"paragraph_25\">El economista <strong>Javier Santacruz<\/strong> explica que hay que diferenciar entre cambiar el m\u00e9todo de c\u00e1lculo de las magnitudes y hacer la revisi\u00f3n estad\u00edstica de datos previamente publicados. Tras la llegada de Manzanera, el INE no pudo modificar la estad\u00edstica al estar supervisada por Eurostat, pero s\u00ed introducir nuevos datos que afectaran al c\u00e1lculo del PIB.<\/p>\n<p class=\"paragraph\" id=\"paragraph_26\">\u00abEmpezaron a contabilizar de golpe<strong>\u00a0los fondos europeos<\/strong>. Eso fue una trampa, porque hizo que engordaran <strong>las cifras de inversi\u00f3n<\/strong>\u00ab. La inversi\u00f3n privada, que estaba por debajo del nivel prepandemia, \u00abde pronto estaba en cuatro o cinco puntos por encima\u00bb.<\/p>\n<p class=\"paragraph\" id=\"paragraph_27\">Despu\u00e9s aplicaron cambios en las estad\u00edsticas de <strong>comercio exterior<\/strong> y en las del\u00a0<strong>consumo p\u00fablico<\/strong>, aunque su impacto fue menor. No obstante, se produjo <strong>un aumento artificial del PIB<\/strong>, en especial tras sumar de golpe los fondos europeos a la estad\u00edstica.<\/p>\n<p class=\"paragraph\" id=\"paragraph_28\">Jos\u00e9 Mar\u00eda Rotellar,\u00a0director del Observatorio Econ\u00f3mico de la Universidad Francisco de Vitoria, considera que el Instituto \u00ab<strong>ha introducido unas revisiones estad\u00edsticas muy vol\u00e1tiles<\/strong>\u00bb que tacha de anomal\u00eda.<\/p>\n<p><img decoding=\"async\" alt=\"El ministro de Econom\u00eda, Comercio y Empresa, Carlos Cuerpo.\" height=\"180\" loading=\"lazy\" width=\"320\" data-lazy-status=\"processed\" id=\"a931da7737\" src=\"https:\/\/www.elespanol.com\/reportajes\/20250914\/homer-ensenado-sanchez-estadisticas-no-gustan-cambialas-manipula-gobierno-espanoles\/[\" https:=\"\" data-lazy-info=\"changed src\"\/><\/p>\n<p class=\"paragraph\" id=\"paragraph_29\">\u00abEs habitual que haya revisiones hacia arriba o hacia abajo y que el dato del PIB, en contabilidad nacional, tarde entre tres y cuatro a\u00f1os en asentarse. Lo extra\u00f1o es la magnitud de los cambios\u00bb.<\/p>\n<p class=\"paragraph\" id=\"paragraph_30\">La introducci\u00f3n de estas nuevas variables, que se hizo en septiembre de 2024, provoc\u00f3 que el INE arrastrara\u00a0la revisi\u00f3n los datos desde el a\u00f1o 2021, lo cual \u00absupuso modificar de golpe la econom\u00eda espa\u00f1ola en <strong>35.000 millones de euros<\/strong>\u00ab. Entre los tres a\u00f1os, se corrigieron al alza cerca de 77.000 millones de euros en el PIB nominal.<\/p>\n<p class=\"paragraph\" id=\"paragraph_31\">Santacruz se\u00f1ala que el Gobierno tambi\u00e9n meti\u00f3 mano en el <strong>IPC<\/strong> al \u00ab<strong>modificar el peso de los alimentos frescos y la energ\u00eda<\/strong>\u00bb para reducir la inflaci\u00f3n. En el caso de la electricidad, antes s\u00f3lo contaba el precio voluntario para el peque\u00f1o consumidor (PVPC), pero la mayor\u00eda de consumidores ten\u00eda tarifa fija, y justo en el momento del cambio \u00e9sta era m\u00e1s baja que el PVPC.<\/p>\n<p class=\"paragraph\" id=\"paragraph_32\">Al sumar los datos de <strong>precios fijos<\/strong>, la <strong>inflaci\u00f3n oficial fue inferior a lo real<\/strong>. Adem\u00e1s, la cesta de la compra se empez\u00f3 a considerar el precio de los mayoristas y\u00a0no s\u00f3lo lo que paga el cliente en el supermercado, lo que tambi\u00e9n rebaj\u00f3 la cifra.<\/p>\n<p class=\"paragraph\" id=\"paragraph_33\">Los alimentos, que antes pesaban un 22% en el IPC, pasaron a pesar un 18%. La energ\u00eda, que ten\u00eda un peso del 18%, se redujo al 14%. \u00abLo m\u00e1s adecuado habr\u00eda sido mantener dos series correlativas \u2013una con la ponderaci\u00f3n antigua y otra con la nueva\u2013, pero no se hizo\u00bb, a\u00f1ade Riera.<\/p>\n<p class=\"paragraph\" id=\"paragraph_34\">\u00abEs f\u00e1cil decir que creces el triple de la media europea cuando tus cifras de crecimiento son menores. Y, sobre todo, cuando son menores porque tienes dos partidas, como la<strong> inversi\u00f3n general<\/strong> y el <strong>consumo p\u00fablico<\/strong>, sobre las que has intervenido. Se genera una sensaci\u00f3n d<strong>e falsa bonanza<\/strong>\u00ab, a\u00f1ade Santacruz.<\/p>\n<p class=\"paragraph\" id=\"paragraph_35\">Otra trampa que aplica el Gobierno es presentar los resultados mejor de lo que realmente son.\u00a0\u00ab<strong>La econom\u00eda espa\u00f1ola<\/strong> s\u00ed ha crecido por encima de la media europea\u00bb, considera\u00a0<strong>Mar\u00eda Jos\u00e9 Fern\u00e1ndez<\/strong>, economista senior del think tank\u00a0<strong>Funcas<\/strong>. Sin embargo, insiste en que esa afirmaci\u00f3n recoge muchos matices.<\/p>\n<p class=\"paragraph\" id=\"paragraph_36\">\u00abAunque estamos por encima, no somos el pa\u00eds que mejor lo ha hecho. Una cosa es c\u00f3mo crece el <strong>PIB total<\/strong>\u00a0y otra muy diferente c\u00f3mo crece el <strong>PIB per c\u00e1pita<\/strong>\u00ab. Este \u00faltimo es el que mide de verdad el nivel de vida de la poblaci\u00f3n y el que el Gobierno, convenientemente, olvida mencionar.<\/p>\n<p class=\"paragraph\" id=\"paragraph_37\">Seg\u00fan los datos de <strong>Eurostat<\/strong> de 2024, que recoge los de los pa\u00edses de la UE y la Asociaci\u00f3n Europea de Libre Comercio (EFTA), el PIB per c\u00e1pita espa\u00f1ol fue de unos 27.740 euros, <strong>un 21% menos que el promedio comunitario<\/strong>. Y la diferencia se eleva al 32% si la comparaci\u00f3n se hace con la media de la zona euro.<\/p>\n<p class=\"paragraph\" id=\"paragraph_38\">\u00ab<strong>Nuestro PIB total ha aumentado porque tenemos m\u00e1s poblaci\u00f3n que la media europea<\/strong>. <strong>Pero si aumenta la tarta al tiempo que el n\u00famero de comensales<\/strong>, el trozo que le toca a cada uno no mejora. Por eso la percepci\u00f3n social del crecimiento es tan tibia. A eso se le suma que muchos <strong>inmigrantes<\/strong> han ocupado puestos de trabajo en sectores donde la gente nacional no quer\u00eda trabajar y la renta generada ha ido a ellos y no al resto de la poblaci\u00f3n\u00bb.<\/p>\n<p>Dopados de fijos discontinuos<\/p>\n<p class=\"paragraph\" id=\"paragraph_39\">Para el economista<strong> Daniel Lacalle<\/strong> una de las manipulaciones m\u00e1s graves y flagrantes se encuentra en los datos de empleo. \u00abLas cifras de agosto han sido un absoluto desastre. No podemos<strong>\u00a0decir que hay un r\u00e9cord de empleo\u00a0<\/strong>porque no se contabilizan como parados a los fijos discontinuos inactivos\u00bb.<\/p>\n<p class=\"paragraph\" id=\"paragraph_40\">Lacalle se\u00f1ala que la afiliaci\u00f3n se ha desplomado en el mes de agosto en 199.300 personas, el tercer peor dato en 17 a\u00f1os. El paro subi\u00f3 en 21.905 personas y tiene <strong>830.000 fijos discontinuos inactivos<\/strong>. Adem\u00e1s, se han perdido 15.000 aut\u00f3nomos entre julio y agosto.<\/p>\n<p class=\"paragraph\" id=\"paragraph_41\">El economista considera que, al presentarlas, el Gobierno transforma las normativas y estad\u00edsticas para reducir el impacto de los resultados reales. \u00abEl Gobierno de S\u00e1nchez ha utilizado una figura, <strong>el fijo discontinuo<\/strong>, dise\u00f1ada como un mecanismo de transici\u00f3n entre el empleo temporal y el fijo, para esconder una cantidad desproporcionada de desocupados que no aparecen en las listas oficiales\u00bb.<\/p>\n<p class=\"paragraph\" id=\"paragraph_42\"><strong>Mar\u00eda Jos\u00e9 Fern\u00e1ndez\u00a0<\/strong>refuerza este argumento al considerar que la irrupci\u00f3n de los fijos discontinuos tras <a href=\"https:\/\/www.elespanol.com\/invertia\/economia\/empleo\/20240319\/diaz-situa-trabajadores-fijos-discontinuos-inactivos-espana\/841166379_0.html?utm_cmp_rs=linksinline\" rel=\"nofollow noopener\" target=\"_blank\">la reforma laboral impulsada por Yolanda D\u00edaz<\/a> \u00ab<strong>genera una ruptura en la serie hist\u00f3rica<\/strong>\u00bb que provoca que \u00abno se puedan comparar f\u00e1cilmente los datos de paro registrados de antes y de despu\u00e9s\u00bb.<\/p>\n<p><img decoding=\"async\" alt=\"La vicepresidenta segunda y ministra de Trabajo y Econom\u00eda Social, Yolanda D\u00edaz, durante una rueda de prensa tras el Consejo de Ministros, a 29 de julio de 2025.\" data-imgm=\"true\" height=\"180\" loading=\"lazy\"  src=\"https:\/\/www.europesays.com\/es\/wp-content\/uploads\/2025\/09\/1003743923339_258668440_1024x576.jpg\"  width=\"320\"\/><\/p>\n<p>                                                            La vicepresidenta segunda y ministra de Trabajo y Econom\u00eda Social, Yolanda D\u00edaz, durante una rueda de prensa tras el Consejo de Ministros, a 29 de julio de 2025.<\/p>\n<p>                    Eduardo Parra<\/p>\n<p>                    Europa Press<\/p>\n<p class=\"paragraph\" id=\"paragraph_43\">Ahora, quienes tienen un contrato fijo discontinuo y no trabajan, pueden no formar parte de la estad\u00edstica de paro registrado. Antes, s\u00ed. Por eso considera que la <strong>Encuesta de Poblaci\u00f3n Activa<\/strong> (EPA), que elabora el INE, debe ser \u00abla referencia\u00bb, y no los datos que ofrece el Gobierno.<\/p>\n<p class=\"paragraph\" id=\"paragraph_44\">Las cifras de paro registrado del SEPE \u00ab<strong>siempre han sido una estad\u00edstica deficiente, con mucha cocina<\/strong>\u00ab, y los grupos incluidos como parados en el SEPE no responden a la definici\u00f3n oficial, internacional y europea de desempleado; es decir, estar sin trabajo, disponible para trabajar de forma inmediata y buscar empleo activamente.<\/p>\n<p class=\"paragraph\" id=\"paragraph_45\">En la EPA se pregunta por las formas de b\u00fasqueda de empleo y, en funci\u00f3n de las respuestas, se determina si la persona es activa o inactiva. En el paro registrado, en cambio, <strong>se mezclan y excluyen grupos a discreci\u00f3n<\/strong>, sin atender a la definici\u00f3n homog\u00e9nea. Esto facilita que <strong>se utilice la cifra que m\u00e1s convenga<\/strong>\u00a0con fines eminentemente partidistas.<\/p>\n<p class=\"paragraph\" id=\"paragraph_46\">\u00ab<strong>Los contratos indefinidos ahora son utilizados con caracter\u00edstica de temporal<\/strong>. Se contrata 4 o 5 meses de forma indefinida a alguien y luego se le despide. Los indefinidos han aumentado su rotaci\u00f3n respecto a antes de la reforma laboral\u00bb, concluye Rodr\u00edguez.<\/p>\n<p><img decoding=\"async\" alt=\"Pedro S\u00e1nchez en Paraguay.\" height=\"180\" loading=\"lazy\" width=\"320\" data-lazy-status=\"processed\" id=\"e0453a6f2b\" src=\"https:\/\/www.elespanol.com\/reportajes\/20250914\/homer-ensenado-sanchez-estadisticas-no-gustan-cambialas-manipula-gobierno-espanoles\/[\" https:=\"\" data-lazy-info=\"changed src\"\/><\/p>\n<p class=\"paragraph\" id=\"paragraph_47\">El economista y empresario <strong>Jos\u00e9 Ram\u00f3n Riera<\/strong>\u00a0ejemplifica la distorsi\u00f3n entre fijos discontinuos y quienes perciben ayudas: \u00abHay cinco provincias y dos comunidades aut\u00f3nomas donde se est\u00e1n pagando m\u00e1s prestaciones por desempleo que parados registrados. En <strong>Baleares<\/strong>, en julio, se pag\u00f3 a un 104% de parados; en <strong>Huelva<\/strong>, a un 143%; en <strong>Almer\u00eda<\/strong>, al 115%. Estas cifras se dan especialmente en lugares afectados por la <strong>estacionalidad<\/strong>\u00ab.<\/p>\n<p class=\"paragraph\" id=\"paragraph_48\">\u00abEl paro, a 31 de julio, <strong>baj\u00f3 un 5,7%<\/strong> respecto a julio del a\u00f1o pasado, pero <strong>el gasto en prestaciones por desempleo subi\u00f3 un 6,8%<\/strong>. \u00bfC\u00f3mo se explica? Los datos est\u00e1n distorsionados voluntariamente. Es hacerse trampas al solitario\u00bb.<\/p>\n<p><strong>La &#8216;ilusi\u00f3n&#8217; del IRAV<\/strong><\/p>\n<p class=\"paragraph\" id=\"paragraph_49\">Tras tocar el INE y manipular los datos del paro, lleg\u00f3 la vivienda. Fuentes de <strong>Idealista<\/strong>, principal portal inmobiliario de Espa\u00f1a, explican que el mercado del alquiler fue, durante muchos a\u00f1os, un tema marginal al que el Gobierno apenas prestaba atenci\u00f3n. Durante m\u00e1s de una d\u00e9cada, sus datos fueron la \u00fanica fuente estad\u00edstica sobre los precios del alquiler al ser una de las referencias m\u00e1s consistentes del mercado.<\/p>\n<p class=\"paragraph\" id=\"paragraph_50\">El problema que presenta hoy la vivienda, explican, es que hoy muchas de las que se encuentran en alquiler no se cierran al precio que aparece anunciado en los portales. Debido a la fuerte demanda y a la escasa oferta, se producen pujas entre inquilinos: varias personas interesadas ofrecen subir el precio para asegurarse el contrato. Esto provoca que, en la pr\u00e1ctica, la renta final pagada por el inquilino sea mayor.<\/p>\n<p class=\"paragraph\" id=\"paragraph_51\">El\u00a0<strong>Ministerio de Vivienda <\/strong>ha encontrado en\u00a0esta subida de los precios de alquiler un problema para su discurso oficial: si los informes p\u00fablicos muestran que sus medidas logran contener el mercado, las cifras privadas de Idealista evidencian lo contrario, especialmente tras la <strong>pandemia<\/strong>.<\/p>\n<p class=\"paragraph\" id=\"paragraph_52\">Hasta 2024, las subidas anuales del alquiler en Espa\u00f1a se calculaban normalmente usando el <strong>IPC<\/strong>. Sin embargo, para proteger a los inquilinos frente a la fuerte inflaci\u00f3n, el Gobierno limit\u00f3 estas subidas: primero, los contratos s\u00f3lo pod\u00edan aumentar como m\u00e1ximo un 2%; luego el tope se elev\u00f3 al 3%.<\/p>\n<p><img decoding=\"async\" alt=\"Imagen de archivo de carteles de 'Se alquila'.\" height=\"180\" loading=\"lazy\" width=\"320\" data-lazy-status=\"processed\" id=\"19b2915590\" src=\"https:\/\/www.elespanol.com\/reportajes\/20250914\/homer-ensenado-sanchez-estadisticas-no-gustan-cambialas-manipula-gobierno-espanoles\/[\" https:=\"\" data-lazy-info=\"changed src\"\/><\/p>\n<p class=\"paragraph\" id=\"paragraph_53\">En diciembre de 2024, el Gobierno se sac\u00f3 un conejo de la chistera, el <strong>IRAV<\/strong> (<strong>\u00cdndice de Referencia de Arrendamientos de Vivienda<\/strong>), de obligatoria aplicaci\u00f3n en toda Espa\u00f1a desde 2025 al ser incluido en la Ley de Vivienda. Con este nuevo \u00edndice, las rentas ya no se actualizaban seg\u00fan el IPC, sino siguiendo una f\u00f3rmula espec\u00edfica definida por el Gobierno.<\/p>\n<p class=\"paragraph\" id=\"paragraph_54\">El problema es que, a diferencia del IPC, el IRAV \u00edndice se constituye a partir de<strong> par\u00e1metros opacos,<\/strong> conocidos s\u00f3lo como <strong>Alfa<\/strong> y <strong>Beta<\/strong>, definidos por distintos departamentos ministeriales. Su c\u00e1lculo hace que el IRAV se fije\u00a0habitualmente por<strong> debajo de la inflaci\u00f3n real<\/strong>.<\/p>\n<p class=\"paragraph\" id=\"paragraph_55\">Por ejemplo: si esta es de un 2,8%, el IRAV termina estableciendo la subida en torno al 2%; si la inflaci\u00f3n es del 3%, el IRAV ronda el 2%. As\u00ed, se consigue que los incrementos en los alquileres sean m\u00e1s suaves, favoreciendo a los inquilinos.<\/p>\n<p class=\"paragraph\" id=\"paragraph_56\">Aunque el Gobierno tiene transferidas\u00a0gran parte de las competencias de vivienda a las comunidades aut\u00f3nomas \u2013como, por ejemplo, la declaraci\u00f3n de<strong> zonas tensionada<\/strong>s\u2013, medidas como el IRAV son de aplicaci\u00f3n estatal y suponen una suerte de &#8216;regulaci\u00f3n por decreto&#8217;.<\/p>\n<p><img decoding=\"async\" alt=\"El presidente del Gobierno, Pedro S\u00e1nchez (c); la ministra de Vivienda y Agenda Urbana, Isabel Rodr\u00edguez (2d), y el alcalde de Barcelona, Jaume Collboni (2i), visitan una promoci\u00f3n de vivienda p\u00fablica de alquiler asequible, a 30 de septiembre de 2024, en Barcelona.\" height=\"180\" loading=\"lazy\" width=\"320\" data-lazy-status=\"processed\" id=\"dd2295febc\" src=\"https:\/\/www.elespanol.com\/reportajes\/20250914\/homer-ensenado-sanchez-estadisticas-no-gustan-cambialas-manipula-gobierno-espanoles\/[\" https:=\"\" data-lazy-info=\"changed src\"\/><\/p>\n<p class=\"paragraph\" id=\"paragraph_57\">Este mecanismo es altamente da\u00f1ino porque <strong>reduce de forma artificial<\/strong> los ingresos de los <strong>propietarios<\/strong>, que no pueden trasladar la inflaci\u00f3n a las rentas mientras sus costes s\u00ed aumentan. A medio plazo, provoca que muchos prefieran no alquilar, recurrir s\u00f3lo a contratos familiares o directamente vender sus inmuebles.<\/p>\n<p class=\"paragraph\" id=\"paragraph_58\">Ese trasvase ha reducido significativamente el parque de vivienda en alquiler y ha convertido buena parte de esas casas en viviendas en venta: en 2024 se transaccionaron m\u00e1s d<strong>e 700.000\u00a0<\/strong>en Espa\u00f1a, cuando en el mismo a\u00f1o <strong>se iniciaron apenas 100.000 viviendas de obra nueva<\/strong>.<\/p>\n<p class=\"paragraph\" id=\"paragraph_59\">Adem\u00e1s, el uso del IRAV incentiva a los propietarios a fijar los precios iniciales m\u00e1s altos para cubrirse ante la <strong>p\u00e9rdida de poder adquisitivo<\/strong> durante los a\u00f1os que dure el contrato. Esto, combinado con la falta de stock disponible, termina subiendo a\u00fan m\u00e1s los precios del alquiler.<\/p>\n<p>Robar&#8230; \u00bfigual que violar?<\/p>\n<p class=\"paragraph\" id=\"paragraph_60\">Otro de los indicadores a los que ha metido mano el equipo de Pedro S\u00e1nchez tiene que ver con la criminalidad. La estad\u00edstica ha sido siempre el caballo de batalla de la \u00e9poca de Marlaska contra la <strong>Guardia Civil,<\/strong> la <strong>Polic\u00eda Nacional<\/strong> e <strong>Instituciones Penitenciarias<\/strong>.<\/p>\n<p class=\"paragraph\" id=\"paragraph_61\">El departamento de Seguridad Nacional public\u00f3 hace una semana el documento Estrategia Nacional contra el Crimen Organizado y la Delincuencia Grave 2025, donde se\u00a0reconoc\u00eda de forma velada que se hab\u00eda producido un incremento de la \u00ab<strong>violencia<\/strong>\u00bb y la \u00ab<strong>inseguridad<\/strong>\u00bb en Espa\u00f1a.<\/p>\n<p class=\"paragraph\" id=\"paragraph_62\">D\u00edas despu\u00e9s, el Ministerio del Interior public\u00f3 los \u00faltimos datos trimestrales de criminalidad de 2025. <strong>Dato mata relato<\/strong>. Estos desment\u00edan el discurso triunfalista de <strong>Marlaska<\/strong> y revelaban, a su vez, un aumento de los delitos m\u00e1s graves.<\/p>\n<p class=\"paragraph\" id=\"paragraph_63\">Es decir, <strong>homicidios dolosos y asesinatos en grado de tentativa<\/strong> (+11,6% respecto al trimestre anterior),<strong> lesiones y ri\u00f1as tumultuarias<\/strong> (+4,1%), <strong>secuestros<\/strong> (+8,2%), <strong>delitos contra la libertad sexual<\/strong> (+5,3%), y <strong>agresiones sexuales con penetraci\u00f3n<\/strong> (+7,0%).<\/p>\n<p class=\"paragraph\" id=\"paragraph_64\">Si bien el c\u00f3mputo total de cr\u00edmenes baj\u00f3 un 0,9% intertrimestral, lo que da la raz\u00f3n a Interior, todos los delitos graves, salvo los asesinatos consumados (-8,6%), fueron en aumento.<\/p>\n<p class=\"paragraph\" id=\"paragraph_65\"><strong>Alberto Rodr\u00edguez<\/strong>, coordinador del Grupo de Criminolog\u00eda aplicada a la Funci\u00f3n policial del Colegio Profesional de la Criminolog\u00eda de Madrid (CPCM), lo resume as\u00ed: \u00abLa situaci\u00f3n es muy preocupante, ya que en los \u00faltimos 8 a\u00f1os las violaciones se han multiplicado por 4, los delitos sexuales en general se han duplicado, y delitos como los homicidios, el tr\u00e1fico de drogas o las lesiones y ri\u00f1as tumultuarias se han incrementado entre un 50 y un 75%\u00bb.<\/p>\n<p class=\"paragraph\" id=\"paragraph_66\">El representante del CPCM incide, adem\u00e1s, en la &#8216;<strong>cifra negra<\/strong>&#8216;, los delitos que no se denuncian: \u00abLa criminalidad real se obtiene de sumar los datos estad\u00edsticos que da el Ministerio del Interior a la cifra negra. Esta se puede conocer con<strong> encuestas de victimizaci\u00f3n<\/strong>, pero es algo que no se hace en ning\u00fan sitio de Espa\u00f1a salvo en <strong>Catalu\u00f1a<\/strong>\u00ab.<\/p>\n<p class=\"paragraph\" id=\"paragraph_67\">JUPOL, sindicato de la Polic\u00eda Nacional, considera que el Gobierno se agarra a todos los \u00edndices que s\u00ed han bajado, como los hurtos, para se\u00f1alar que la criminalidad est\u00e1 descendiendo. \u00ab<strong>Pero sabemos que los datos de Interior tienen m\u00e1s cocina que la de Tezanos<\/strong>\u00ab.<\/p>\n<p><img decoding=\"async\" alt=\"El ministro de Interior, Fernando Grande-Marlaska, interviene durante un pleno en el Congreso de los Diputados, a 10 de septiembre de 2025.\" data-imgm=\"true\" height=\"180\" loading=\"lazy\"  src=\"https:\/\/www.europesays.com\/es\/wp-content\/uploads\/2025\/09\/1003743923347_258668593_1024x576.jpg\"  width=\"320\"\/><\/p>\n<p>                                                            El ministro de Interior, Fernando Grande-Marlaska, interviene durante un pleno en el Congreso de los Diputados, a 10 de septiembre de 2025.<\/p>\n<p>                    Carlos Luj\u00e1n<\/p>\n<p>                    Europa Press<\/p>\n<p class=\"paragraph\" id=\"paragraph_68\">Las fuentes recuerdan que en el recuento total\u00a0de los datos de criminalidad cada delito computa como uno, sin ponderar su gravedad o su impacto social. Por ejemplo, un<strong> hurto de un tel\u00e9fono m\u00f3vil<\/strong> tiene la misma importancia que un homicidio o una violaci\u00f3n.<\/p>\n<p class=\"paragraph\" id=\"paragraph_69\">El sindicato respalda sus cr\u00edticas con cifras: desde que S\u00e1nchez lleg\u00f3 al poder en 2018, los homicidios dolosos y asesinatos consumados han subido un 12,98% (de 308 en 2017 a 348 en 2024), los homicidios dolosos y asesinatos en grado de tentativa pasaron de 799 a 1.343, un 68% m\u00e1s, y los delitos de agresi\u00f3n sexual con penetraci\u00f3n saltaron de 1.382 a 5.206, un 276%.<\/p>\n<p class=\"paragraph\" id=\"paragraph_70\">Sobre este \u00faltimo aspecto, cabe matizar que, antes de 2024, los delitos de violaci\u00f3n se divid\u00edan entre \u00ab<strong>agresi\u00f3n sexual con penetraci\u00f3n<\/strong>\u00bb y \u00ab<strong>abuso sexual con penetraci\u00f3n<\/strong>\u00ab, lo que dispersaba los casos entre dos estad\u00edsticas.<\/p>\n<p class=\"paragraph\" id=\"paragraph_71\">A partir de la Ley del S\u00ed es S\u00ed, ambos delitos quedaron englobados bajo una sola categor\u00eda (\u00ab<strong>agresi\u00f3n sexual con penetraci\u00f3n<\/strong>\u00ab), y todas las denuncias pasaron a sumarse en un \u00fanico bloque.<\/p>\n<p>El falseo de los datos de prisiones<\/p>\n<p>No es el \u00fanico dato que no casa con la realidad. I<a href=\"https:\/\/www.elespanol.com\/espana\/20250616\/interior-falsea-dato-presos-huyen-permiso-cifras-reales-duplican-facilitadas-oficialmente\/1003743804129_0.html?utm_cmp_rs=linksinline\" rel=\"nofollow noopener\" target=\"_blank\">nterior tambi\u00e9n ha falseado, por ejemplo, los de los presos que huyen tras un permiso<\/a>. Las cifras reales, 873 en junio de 2025, duplican las facilitadas oficialmente, que son 454 en el primer semestre.<\/p>\n<p>Este desfase se debe a que en las respuestas oficiales no se inclu\u00edan todas las modalidades de permisos y salidas legales, como <strong>terapias<\/strong>, <strong>consultas m\u00e9dicas<\/strong> o permisos extraordinarios.<\/p>\n<p>Entre 2019 y 2024, el n\u00famero total de internos que no volvieron tras un permiso ascendi\u00f3 a 4.570, muy por encima de lo admitido en informes anteriores.<\/p>\n<p>Marlaska tambi\u00e9n ha defendido la eficacia de la<strong> reinserci\u00f3n penitenciaria<\/strong>, pero los datos obtenidos por Transparencia muestran que, en los \u00faltimos cinco a\u00f1os, cerca de la mitad de los internos que ingresa en prisi\u00f3n ya hab\u00eda estado encarcelado. Seg\u00fan <strong>sindicatos penitenciarios<\/strong>, la estad\u00edstica oficial \u00abcocina\u00bb los datos y no refleja la realidad diaria en los centros.<\/p>\n<p class=\"paragraph\" id=\"paragraph_72\">Adem\u00e1s, denuncia Rodr\u00edguez, desde finales de 2022 Interior empez\u00f3 a presentar la delincuencia \u00ab<strong>convencional<\/strong>\u00bb por un lado y la \u00ab<strong>ciberdelincuencia<\/strong>\u00bb por otro en los balances oficiales. Esto permite al Gobierno destacar un supuesto <strong>descenso en el total de delitos convencionales<\/strong> mientras la suma real \u2013que incluir\u00eda los ciberdelitos\u2013 muestra un fuerte incremento desde 2017.<\/p>\n<p class=\"paragraph\" id=\"paragraph_73\">Gracias a esta divisi\u00f3n, en 2017 Interior report\u00f3 2.013.534 infracciones penales, mientras que en 2024, tras el cambio, hab\u00eda 1.989.271. Sin embargo, al sumar los delitos provocados por el cibercrimen, 470.388, el c\u00f3mputo global asciende a 2.459.659, un 22% m\u00e1s en su totalidad.<\/p>\n<p class=\"paragraph\" id=\"paragraph_74\">Toda esta suma de interpretaciones y reinterpretaciones de los datos, a\u00f1adidas a los cambios metodol\u00f3gicos o estad\u00edsticos descritos, evocan, de nuevo, aquella frase de Homer Simpson: \u00ab<strong>La gente se inventa estad\u00edsticas para demostrar cualquier cosa<\/strong>\u00ab.\u00a0<\/p>\n<p class=\"paragraph\" id=\"paragraph_75\">Retorcer los datos del <strong>PIB<\/strong>, el <strong>IPC<\/strong>, el <strong>paro<\/strong>, el <strong>crimen<\/strong> o transformar las metodolog\u00edas cl\u00e1sicas utilizadas por el <strong>CIS<\/strong> tan s\u00f3lo confunden a la opini\u00f3n p\u00fablica y crean una sensaci\u00f3n de \u00abfalsa bonanza\u00bb.\u00a0Ning\u00fan Gobierno de la democracia ha destinado tantos recursos y puesto tanto empe\u00f1o en alterar la estad\u00edstica para generar una<strong>\u00a0profec\u00eda autocumplida<\/strong>.<\/p>\n","protected":false},"excerpt":{"rendered":"Homer Simpson\u00a0dec\u00eda que la gente se inventaba estad\u00edsticas para demostrar cualquier cosa. \u00ab\u00a1El 14% lo sabe!\u00ab. No hace&hellip;\n","protected":false},"author":2,"featured_media":113627,"comment_status":"","ping_status":"","sticky":false,"template":"","format":"standard","meta":{"footnotes":""},"categories":[171],"tags":[146,147,25,24,14341,14340,11739,4286,23,214],"class_list":{"0":"post-113626","1":"post","2":"type-post","3":"status-publish","4":"format-standard","5":"has-post-thumbnail","7":"category-tv","8":"tag-entertainment","9":"tag-entretenimiento","10":"tag-es","11":"tag-espana","12":"tag-fernando-grande-marlaska","13":"tag-ministerio-del-interior","14":"tag-policia-nacional","15":"tag-reportajes","16":"tag-spain","17":"tag-tv"},"share_on_mastodon":{"url":"","error":""},"_links":{"self":[{"href":"https:\/\/www.europesays.com\/es\/wp-json\/wp\/v2\/posts\/113626","targetHints":{"allow":["GET"]}}],"collection":[{"href":"https:\/\/www.europesays.com\/es\/wp-json\/wp\/v2\/posts"}],"about":[{"href":"https:\/\/www.europesays.com\/es\/wp-json\/wp\/v2\/types\/post"}],"author":[{"embeddable":true,"href":"https:\/\/www.europesays.com\/es\/wp-json\/wp\/v2\/users\/2"}],"replies":[{"embeddable":true,"href":"https:\/\/www.europesays.com\/es\/wp-json\/wp\/v2\/comments?post=113626"}],"version-history":[{"count":0,"href":"https:\/\/www.europesays.com\/es\/wp-json\/wp\/v2\/posts\/113626\/revisions"}],"wp:featuredmedia":[{"embeddable":true,"href":"https:\/\/www.europesays.com\/es\/wp-json\/wp\/v2\/media\/113627"}],"wp:attachment":[{"href":"https:\/\/www.europesays.com\/es\/wp-json\/wp\/v2\/media?parent=113626"}],"wp:term":[{"taxonomy":"category","embeddable":true,"href":"https:\/\/www.europesays.com\/es\/wp-json\/wp\/v2\/categories?post=113626"},{"taxonomy":"post_tag","embeddable":true,"href":"https:\/\/www.europesays.com\/es\/wp-json\/wp\/v2\/tags?post=113626"}],"curies":[{"name":"wp","href":"https:\/\/api.w.org\/{rel}","templated":true}]}}