{"id":113628,"date":"2025-09-14T04:20:11","date_gmt":"2025-09-14T04:20:11","guid":{"rendered":"https:\/\/www.europesays.com\/es\/113628\/"},"modified":"2025-09-14T04:20:11","modified_gmt":"2025-09-14T04:20:11","slug":"30-anos-despues-prime-video-recupera-una-de-las-mayores-sagas-de-ciencia-ficcion-el-director-original-se-niega-a-regresar-noticias-de-cine","status":"publish","type":"post","link":"https:\/\/www.europesays.com\/es\/113628\/","title":{"rendered":"30 a\u00f1os despu\u00e9s, Prime Video recupera una de las mayores sagas de ciencia ficci\u00f3n: el director original se niega a regresar &#8211; Noticias de cine"},"content":{"rendered":"<p>El plan de la plataforma de &#8216;streaming&#8217; se anunci\u00f3 en 2023, pero es ahora cuando el cineasta detr\u00e1s de las primera pel\u00edcula de la franquicia ha confirmado que no quiere volver<\/p>\n<p>    <img loading=\"lazy\" decoding=\"async\" class=\"article-figure-img\" width=\"654\" height=\"368\" src=\"https:\/\/www.europesays.com\/es\/wp-content\/uploads\/2025\/09\/3aac33c710fa7c45e0e40a7fd376260d.jpg\"\/><\/p>\n<p>        .<\/p>\n<p class=\"bo-p\">La firma de <a href=\"https:\/\/www.sensacine.com\/actores\/actor-15633\/\" class=\"bo-link\" rel=\"nofollow noopener\" target=\"_blank\">Roland Emmerich<\/a> es la de destruir la Tierra de todas las formas posibles, pero antes de dirigir t\u00edtulos como <a href=\"https:\/\/www.sensacine.com\/peliculas\/pelicula-45361\/\" class=\"bo-link\" rel=\"nofollow noopener\" target=\"_blank\">El d\u00eda de ma\u00f1ana<\/a> (2004) o <a href=\"https:\/\/www.sensacine.com\/peliculas\/pelicula-134539\/\" class=\"bo-link\" rel=\"nofollow noopener\" target=\"_blank\">2012<\/a> (2009), el cineasta lider\u00f3 una de las mayores sagas de ciencia ficci\u00f3n. El director se coloc\u00f3 detr\u00e1s de las c\u00e1maras de <a href=\"https:\/\/www.sensacine.com\/peliculas\/pelicula-11478\/\" class=\"bo-link\" rel=\"nofollow noopener\" target=\"_blank\">Stargate: Puerta a las estrellas<\/a> (1994) hace 30 a\u00f1os y el filme fue un \u00e9xito de taquilla que inici\u00f3 una franquicia que combin\u00f3 pel\u00edculas y series.<\/p>\n<p class=\"bo-p\">Protagonizada por <a href=\"https:\/\/www.sensacine.com\/actores\/actor-903\/\" class=\"bo-link\" rel=\"nofollow noopener\" target=\"_blank\">Kurt Russell<\/a>, Stargate: Puerta a las estrellas sigue al coronel <b>Jack O&#8217;Neill<\/b>, quien es enviado a Egipto para investigar un misterioso artefacto. \u00c9l y el doctor <b>Daniel Jackson<\/b> (<a href=\"https:\/\/www.sensacine.com\/actores\/actor-11733\/\" class=\"bo-link\" rel=\"nofollow noopener\" target=\"_blank\">James Spader<\/a>) pronto se dan cuenta de que se trata de un artilugio conocido como <b>Puerta a las estrellas<\/b>. Su funci\u00f3n es la de conectar puntos distantes en el espacio.<\/p>\n<p class=\"bo-p\">El \u00e9xito de este proyecto hizo que, tres a\u00f1os despu\u00e9s, tuviera su &#8216;spin-off&#8217; televisivo <a href=\"https:\/\/www.sensacine.com\/series\/serie-64\/\" class=\"bo-link\" rel=\"nofollow noopener\" target=\"_blank\">Stargate SG-1<\/a> (1997), que consta de <b>10 temporadas<\/b>. Con <a href=\"https:\/\/www.sensacine.com\/series\/serie-212\/\" class=\"bo-link\" rel=\"nofollow noopener\" target=\"_blank\">Stargate: Atlantis<\/a> (2004) y <a href=\"https:\/\/www.sensacine.com\/series\/serie-3768\/\" class=\"bo-link\" rel=\"nofollow noopener\" target=\"_blank\">Stargate Universe<\/a> (2009), este mundo de ciencia ficci\u00f3n sigui\u00f3 expandi\u00e9ndose. Una ficci\u00f3n animada y dos pel\u00edculas estrenadas directamente en DVD se a\u00f1adieron a la saga. No obstante, no se ve ning\u00fan proyecto de la franquicia en los cines desde hace 30 a\u00f1os y por varias razones: <b>la situaci\u00f3n de los derechos es complicada y Emmerich ha perdido el inter\u00e9s en continuar<\/b>.<\/p>\n<p>    <a class=\"cms-see-also\" data-title=\"Link relacionado\" href=\"https:\/\/www.sensacine.com\/noticias\/cine\/noticia-1000097431\/\" rel=\"nofollow noopener\" target=\"_blank\">Hoy en Prime Video: Una enorme fantas\u00eda \u00e9pica con una duraci\u00f3n de casi 8 horas que te lleva de regreso a un mundo amado<\/a><\/p>\n<p class=\"bo-p\"><a href=\"https:\/\/www.sensacine.com\/streaming\/amazon\/peliculas\/\" class=\"bo-link\" rel=\"nofollow noopener\" target=\"_blank\">Prime Video<\/a> anunci\u00f3 en 2023 que iba a resucitar Stargate, pero Emmerich confirm\u00f3 el a\u00f1o pasado que no quiere regresar a la franquicia. <b>\u00abEl problema es que es una IP muy muy dif\u00edcil. Diferentes personas poseen la IP y es muy muy dif\u00edcil hacer cosas as\u00ed\u00bb<\/b>, cont\u00f3 el director en JoBlo. <\/p>\n<p class=\"bo-p\">Sobre volver a colocarse detr\u00e1s de las c\u00e1maras, Emmerich dijo:<\/p>\n<blockquote class=\"article-quote\" data-author=\"\" data-source=\"\"><p>No quiero hacerlo, la verdad. Lo he dejado<\/p><\/blockquote>\n<p>UN INTENTO FALLIDO HACE 10 A\u00d1OS<\/p>\n<p>                                <img loading=\"lazy\" decoding=\"async\" class=\"article-figure-img\" james=\"\" spader=\"\" y=\"\" kurt=\"\" russell=\"\" en=\"\" puerta=\"\" a=\"\" las=\"\" estrellas=\"\" src=\"https:\/\/www.europesays.com\/es\/wp-content\/uploads\/2025\/09\/b5d2d8e48fc0d7e75531ebec0223ee73.jpg\" width=\"640\" height=\"320\" alt=\"James Spader y Kurt Russell en 'Stargate: Puerta a las estrellas'\"\/><\/p>\n<p>                                    &#8211;<\/p>\n<p>                    James Spader y Kurt Russell en &#8216;Stargate: Puerta a las estrellas&#8217;<\/p>\n<p class=\"bo-p\">Hace casi una d\u00e9cada, Emmrich y <a href=\"https:\/\/www.sensacine.com\/actores\/actor-45962\/\" class=\"bo-link\" rel=\"nofollow noopener\" target=\"_blank\">Dean Devlin<\/a>, coautor de la pel\u00edcula original, intentaron\u00a0llevar a cabo dos nuevas pel\u00edculas de Stargate para el cine. La idea era convertir su filme de 1994 en una trilog\u00eda. Devlin empez\u00f3 a tener dudas y lo abandon\u00f3 unos meses despu\u00e9s, lo que condujo a Emmerich a hacer lo mismo.<\/p>\n<p class=\"bo-p\">El \u00faltimo intento de resucitar Stargate fue con la serie web <b>Stargate Origins<\/b>, que se estren\u00f3 en 2018 en la plataforma <b>Stargate Command<\/b> creada por <b>MGM<\/b> para la franquicia. No funcion\u00f3. <\/p>\n<p class=\"bo-p\">Por el momento, Prime Video no ha especificado qu\u00e9 planes tiene con la franquicia: podr\u00eda ser una ficci\u00f3n, podr\u00eda ser una pel\u00edcula, podr\u00eda ser ambas\u2026 Toca esperar para descubrirlo.<\/p>\n","protected":false},"excerpt":{"rendered":"El plan de la plataforma de &#8216;streaming&#8217; se anunci\u00f3 en 2023, pero es ahora cuando el cineasta detr\u00e1s&hellip;\n","protected":false},"author":2,"featured_media":113629,"comment_status":"","ping_status":"","sticky":false,"template":"","format":"standard","meta":{"footnotes":""},"categories":[169],"tags":[912,10961,177,146,147,25,24,176,175,13761,23,38440],"class_list":{"0":"post-113628","1":"post","2":"type-post","3":"status-publish","4":"format-standard","5":"has-post-thumbnail","7":"category-cine","8":"tag-amazon","9":"tag-ciencia_ficcion","10":"tag-cine","11":"tag-entertainment","12":"tag-entretenimiento","13":"tag-es","14":"tag-espana","15":"tag-film","16":"tag-movies","17":"tag-prime_video","18":"tag-spain","19":"tag-stargate"},"share_on_mastodon":{"url":"","error":""},"_links":{"self":[{"href":"https:\/\/www.europesays.com\/es\/wp-json\/wp\/v2\/posts\/113628","targetHints":{"allow":["GET"]}}],"collection":[{"href":"https:\/\/www.europesays.com\/es\/wp-json\/wp\/v2\/posts"}],"about":[{"href":"https:\/\/www.europesays.com\/es\/wp-json\/wp\/v2\/types\/post"}],"author":[{"embeddable":true,"href":"https:\/\/www.europesays.com\/es\/wp-json\/wp\/v2\/users\/2"}],"replies":[{"embeddable":true,"href":"https:\/\/www.europesays.com\/es\/wp-json\/wp\/v2\/comments?post=113628"}],"version-history":[{"count":0,"href":"https:\/\/www.europesays.com\/es\/wp-json\/wp\/v2\/posts\/113628\/revisions"}],"wp:featuredmedia":[{"embeddable":true,"href":"https:\/\/www.europesays.com\/es\/wp-json\/wp\/v2\/media\/113629"}],"wp:attachment":[{"href":"https:\/\/www.europesays.com\/es\/wp-json\/wp\/v2\/media?parent=113628"}],"wp:term":[{"taxonomy":"category","embeddable":true,"href":"https:\/\/www.europesays.com\/es\/wp-json\/wp\/v2\/categories?post=113628"},{"taxonomy":"post_tag","embeddable":true,"href":"https:\/\/www.europesays.com\/es\/wp-json\/wp\/v2\/tags?post=113628"}],"curies":[{"name":"wp","href":"https:\/\/api.w.org\/{rel}","templated":true}]}}