{"id":11363,"date":"2025-07-29T09:38:08","date_gmt":"2025-07-29T09:38:08","guid":{"rendered":"https:\/\/www.europesays.com\/es\/11363\/"},"modified":"2025-07-29T09:38:08","modified_gmt":"2025-07-29T09:38:08","slug":"luis-carlos-saenz-de-la-torre-abre-la-feria-taurina-con-un-pregon-cargado-de-emocion-y-aficion","status":"publish","type":"post","link":"https:\/\/www.europesays.com\/es\/11363\/","title":{"rendered":"Luis Carlos S\u00e1enz de la Torre abre la feria taurina con un preg\u00f3n cargado de emoci\u00f3n y afici\u00f3n"},"content":{"rendered":"<p>La Feria Taurina de Colombinas arranc\u00f3 este lunes con el tradicional preg\u00f3n, protagonizado por Luis Carlos S\u00e1enz de la Torre en el patio de la Escuela de Arte Le\u00f3n Ortega. El profesor, muy vinculado desde ni\u00f1o al mundo del toro, ofreci\u00f3 un discurso \u00edntimo y apasionado, en el que no faltaron gui\u00f1os a la historia taurina de Huelva.<\/p>\n<p>Entre sus palabras m\u00e1s destacadas, afirm\u00f3 con emoci\u00f3n que \u201ces un sue\u00f1o cumplido\u201d, refiri\u00e9ndose al privilegio de pregonar la feria que siempre ha frecuentado como p\u00fablico. Tambi\u00e9n adelant\u00f3 que su intervenci\u00f3n tendr\u00eda un enfoque \u201cdesde la perspectiva de un aficionado\u201d, con el prop\u00f3sito de transmitir \u201cc\u00f3mo vive un aficionado las corridas de toros\u201d y destacar el protagonismo de los toreros de Huelva, con una menci\u00f3n especial a David de Miranda.<\/p>\n<p data-start=\"1003\" data-end=\"1186\">Estas expresiones evidenciaron el car\u00e1cter profundamente personal de su discurso, consolidando el preg\u00f3n como uno de los instantes m\u00e1s sentidos del arranque taurino de las Colombinas.<\/p>\n","protected":false},"excerpt":{"rendered":"La Feria Taurina de Colombinas arranc\u00f3 este lunes con el tradicional preg\u00f3n, protagonizado por Luis Carlos S\u00e1enz de&hellip;\n","protected":false},"author":2,"featured_media":11364,"comment_status":"","ping_status":"","sticky":false,"template":"","format":"standard","meta":{"footnotes":""},"categories":[277],"tags":[373,8129,168,25,24,23,167,374],"class_list":{"0":"post-11363","1":"post","2":"type-post","3":"status-publish","4":"format-standard","5":"has-post-thumbnail","7":"category-toreo","8":"tag-bullfighting","9":"tag-colombinas-2025","10":"tag-deportes","11":"tag-es","12":"tag-espana","13":"tag-spain","14":"tag-sports","15":"tag-toreo"},"share_on_mastodon":{"url":"","error":""},"_links":{"self":[{"href":"https:\/\/www.europesays.com\/es\/wp-json\/wp\/v2\/posts\/11363","targetHints":{"allow":["GET"]}}],"collection":[{"href":"https:\/\/www.europesays.com\/es\/wp-json\/wp\/v2\/posts"}],"about":[{"href":"https:\/\/www.europesays.com\/es\/wp-json\/wp\/v2\/types\/post"}],"author":[{"embeddable":true,"href":"https:\/\/www.europesays.com\/es\/wp-json\/wp\/v2\/users\/2"}],"replies":[{"embeddable":true,"href":"https:\/\/www.europesays.com\/es\/wp-json\/wp\/v2\/comments?post=11363"}],"version-history":[{"count":0,"href":"https:\/\/www.europesays.com\/es\/wp-json\/wp\/v2\/posts\/11363\/revisions"}],"wp:featuredmedia":[{"embeddable":true,"href":"https:\/\/www.europesays.com\/es\/wp-json\/wp\/v2\/media\/11364"}],"wp:attachment":[{"href":"https:\/\/www.europesays.com\/es\/wp-json\/wp\/v2\/media?parent=11363"}],"wp:term":[{"taxonomy":"category","embeddable":true,"href":"https:\/\/www.europesays.com\/es\/wp-json\/wp\/v2\/categories?post=11363"},{"taxonomy":"post_tag","embeddable":true,"href":"https:\/\/www.europesays.com\/es\/wp-json\/wp\/v2\/tags?post=11363"}],"curies":[{"name":"wp","href":"https:\/\/api.w.org\/{rel}","templated":true}]}}