{"id":113639,"date":"2025-09-14T04:27:07","date_gmt":"2025-09-14T04:27:07","guid":{"rendered":"https:\/\/www.europesays.com\/es\/113639\/"},"modified":"2025-09-14T04:27:07","modified_gmt":"2025-09-14T04:27:07","slug":"las-nuevas-formas-de-fumar-y-la-vuelta-del-glamour-del-cigarrillo-amenazan-20-anos-de-guerra-contra-el-tabaco-sociedad","status":"publish","type":"post","link":"https:\/\/www.europesays.com\/es\/113639\/","title":{"rendered":"Las nuevas formas de fumar y la vuelta del \u2018glamour\u2019 del cigarrillo amenazan 20 a\u00f1os de guerra contra el tabaco | Sociedad"},"content":{"rendered":"<p class=\"\">La guerra contra el tabaco ha librado muchas batallas en Espa\u00f1a. Desde las primeras restricciones a los cigarrillos en colegios y hospitales de finales de los ochenta, el humo est\u00e1 cada vez m\u00e1s arrinconado y el n\u00famero de adictos no ha parado de bajar. Si hay un punto de inflexi\u00f3n, seguramente ser\u00eda el a\u00f1o 2005, con la ley cuya medida m\u00e1s memorable fue la prohibici\u00f3n de fumar en los puestos de trabajo. <a href=\"https:\/\/elpais.com\/sociedad\/2010\/12\/21\/actualidad\/1292886011_850215.html\" target=\"_blank\" rel=\"noreferrer nofollow noopener\" title=\"https:\/\/elpais.com\/sociedad\/2010\/12\/21\/actualidad\/1292886011_850215.html\">Luego lleg\u00f3 la de 2010, que lo vet\u00f3 en los bares y restaurantes<\/a>. La hosteler\u00eda no quebr\u00f3 y el h\u00e1bito sigui\u00f3 cayendo, pero lo hace cada vez de forma m\u00e1s lenta, mientras emergen nuevas formas de consumir nicotina que no paran de crecer y <a href=\"https:\/\/elpais.com\/smoda\/famosos\/2024-07-11\/el-tabaco-corteja-a-las-mujeres-jovenes-con-marketing-encubierto-el-resurgir-del-cigarrillo-entre-influencers-y-famosos.html\" target=\"_blank\" rel=\"noreferrer nofollow noopener\" title=\"https:\/\/elpais.com\/smoda\/famosos\/2024-07-11\/el-tabaco-corteja-a-las-mujeres-jovenes-con-marketing-encubierto-el-resurgir-del-cigarrillo-entre-influencers-y-famosos.html\">el glamour del cigarrillo vuelve<\/a> de forma inesperada a series, pel\u00edculas, v\u00eddeos musicales y moda. <\/p>\n<p class=\"\"><a href=\"https:\/\/elpais.com\/sociedad\/2025-09-09\/el-proyecto-de-ley-del-tabaco-veta-el-humo-en-las-terrazas-prohibe-fumar-a-los-menores-y-limita-el-vapeo.html\" target=\"_blank\" rel=\"noreferrer nofollow noopener\" title=\"https:\/\/elpais.com\/sociedad\/2025-09-09\/el-proyecto-de-ley-del-tabaco-veta-el-humo-en-las-terrazas-prohibe-fumar-a-los-menores-y-limita-el-vapeo.html\">El Anteproyecto de ley que ha aprobado el Gobierno esta semana<\/a> pretende seguir avanzando en esta guerra, aumentar los espacios sin humo (a terrazas, recintos deportivos al aire libre, marquesinas de transporte p\u00fablico, conciertos&#8230;), equiparar nuevas formas de consumir nicotina \u2015como vapeadores, hierbas calentadas y bolsitas\u2015 al tabaco convencional y restringir m\u00e1s su publicidad. Tiene por delante una complicada tramitaci\u00f3n parlamentaria en la que habr\u00e1 de convencer a la mayor\u00eda del Parlamento de las bondades de la norma, frente a los argumentos de las patronales del tabaco, la hosteler\u00eda y el vapeo, que defienden sus negocios ampar\u00e1ndose en la libre competencia, la convivencia e, incluso, la salud.<\/p>\n<p class=\"\">Esto \u00faltimo lo defienden los vendedores de cigarrillos electr\u00f3nicos, que lo plantean como una pr\u00e1ctica menos da\u00f1ina que el tabaco y como una v\u00eda para dejar los tradicionales. Aunque su vapor es t\u00f3xico, ciertamente no ha demostrado ser tan peligroso como la combusti\u00f3n del tabaco, la primera causa evitable de morbimortalidad en el mundo, que causa cada a\u00f1o en Espa\u00f1a 50.000 muertes y es responsable del 30% de los tumores. En contextos cl\u00ednicos, <a href=\"https:\/\/www.cochranelibrary.com\/cdsr\/doi\/10.1002\/14651858.CD010216.pub8\/full\" target=\"_blank\" rel=\"noreferrer nofollow noopener\" title=\"https:\/\/www.cochranelibrary.com\/cdsr\/doi\/10.1002\/14651858.CD010216.pub8\/full\">tambi\u00e9n ha demostrado ser una ayuda para dejar el tabaco convencional<\/a>, aunque no la m\u00e1s efectiva. <\/p>\n<p class=\"\">La forma en la que se venden los vapeadores en Espa\u00f1a, sin embargo, es muy distinta a la de otros m\u00e9todos de cesaci\u00f3n tab\u00e1quica, como las pastillas o los parches de nicotina, que se comercializan exclusivamente en farmacias. Est\u00e1n adornados por colores llamativos, se compran en cualquier tipo de tienda, est\u00e1n promocionados en festivales de m\u00fasica y en redes sociales por <a href=\"https:\/\/elpais.com\/sociedad\/2023-03-26\/influencers-tiendas-de-barrio-y-festivales-las-estrategias-de-la-industria-para-crear-una-nueva-generacion-de-vapeadores.html\" target=\"_blank\" rel=\"noreferrer nofollow noopener\" title=\"https:\/\/elpais.com\/sociedad\/2023-03-26\/influencers-tiendas-de-barrio-y-festivales-las-estrategias-de-la-industria-para-crear-una-nueva-generacion-de-vapeadores.html\">influencers con un p\u00fablico mayoritariamente adolescente<\/a>, y tiene sabores y olores que recuerdan a los de las chucher\u00edas. <\/p>\n<p class=\"\">Las organizaciones que luchan contra el tabaquismo ven aqu\u00ed una clara estrategia para captar adictos a la nicotina entre los j\u00f3venes, que son \u201clos m\u00e1s vulnerables\u201d, en palabras de Ram\u00f3n Reyes, presidente de la Asociaci\u00f3n Espa\u00f1ola Contra el C\u00e1ncer (AECC). Su consumo es creciente entre los estudiantes de entre 14 y 18 a\u00f1os, <a href=\"https:\/\/pnsd.sanidad.gob.es\/profesionales\/sistemasInformacion\/sistemaInformacion\/pdf\/ESTUDES_2023_InfografiaTabaco.pdf\" target=\"_blank\" rel=\"noreferrer nofollow noopener\" title=\"https:\/\/pnsd.sanidad.gob.es\/profesionales\/sistemasInformacion\/sistemaInformacion\/pdf\/ESTUDES_2023_InfografiaTabaco.pdf\">seg\u00fan la \u00faltima encuesta Estudes<\/a>, del Ministerio de Sanidad: un 26% hab\u00eda vapeado en el \u00faltimo mes, casi el doble que en 2019; un 21% hab\u00eda fumado tabaco convencional, cinco puntos menos que hace seis a\u00f1os. <\/p>\n<p class=\"\">Numerosos estudios muestran que los adolescentes que vapean tienen m\u00e1s probabilidades de fumar tabaco convencional. La revisi\u00f3n m\u00e1s amplia hasta ahora, publicada hace unas <a href=\"https:\/\/tobaccocontrol.bmj.com\/content\/early\/2025\/08\/17\/tc-2024-059219\" target=\"_blank\" rel=\"noreferrer nofollow noopener\" title=\"https:\/\/tobaccocontrol.bmj.com\/content\/early\/2025\/08\/17\/tc-2024-059219\">semanas en British Medical Journal<\/a>, calculaba que multiplica por tres el riesgo. Fue un tema que se debati\u00f3 la semana pasada en el <a href=\"https:\/\/elpais.com\/sociedad\/2025-09-04\/los-epidemiologos-alertan-de-que-la-industria-del-tabaco-secuestra-las-estrategias-de-reduccion-para-que-haya-mas-adictos.html\" target=\"_blank\" rel=\"noreferrer nofollow noopener\" title=\"https:\/\/elpais.com\/sociedad\/2025-09-04\/los-epidemiologos-alertan-de-que-la-industria-del-tabaco-secuestra-las-estrategias-de-reduccion-para-que-haya-mas-adictos.html\">congreso anual de la Sociedad Espa\u00f1ola de Epidemiolog\u00eda (SEE)<\/a>. M\u00f3nica P\u00e9rez-R\u00edos, coordinadora de su Grupo de Trabajo de Tabaco, explica que hubo opiniones encontradas: \u201cNo estamos viendo un aumento de la prevalencia de los cigarrillos tradicionales, pero no sabemos si hubieran bajado m\u00e1s sin el vapeo. No puedo decir que sean la puerta de entrada [al tabaco] o que no. Hay estudios de cohortes que dicen que s\u00ed [como el mencionado], y seguimientos de encuestas donde no se ve\u201d.<\/p>\n<p class=\"\">Una de las primeras versiones del anteproyecto de ley aprobado esta semana limitaba los puntos de venta de los vapeadores, como sucede con el tabaco, que no puede venderse en cualquier tienda. Pero la medida se qued\u00f3 en el camino en la negociaci\u00f3n con otros ministerios, lo mismo que sucedi\u00f3 con el empaquetado gen\u00e9rico, que igualar\u00eda las cajetillas eliminando los logos de las marcas, que quedar\u00edan impresos en una tipograf\u00eda est\u00e1ndar para todas.<\/p>\n<p>El atractivo del cigarrillo<\/p>\n<p class=\"\">Esto ha decepcionado a los activistas contra el humo, que creen que hay que poner m\u00e1s dif\u00edcil el acceso al vapeo, por un lado, y hacer menos atractivo al cigarrillo tradicional, por otro. \u201cSe trata de poner trabas y de trabajar en la prevenci\u00f3n\u201d, subraya Ram\u00f3n Reyes. Porque, aunque parec\u00eda que fumar ya no estaba de moda, los pitillos vuelven a emerger como <a href=\"https:\/\/elpais.com\/icon\/2024-06-24\/apestado-en-la-terraza-cool-en-la-pantalla-por-que-se-vuelve-a-fumar-en-series-y-peliculas.html\" target=\"_blank\" rel=\"noreferrer nofollow noopener\" title=\"https:\/\/elpais.com\/icon\/2024-06-24\/apestado-en-la-terraza-cool-en-la-pantalla-por-que-se-vuelve-a-fumar-en-series-y-peliculas.html\">elemento de glamour en el audiovisual<\/a>, como sucedi\u00f3 hace d\u00e9cadas.<\/p>\n<p class=\"\"><a href=\"https:\/\/elpais.com\/cultura\/2025-08-14\/materialistas-a-la-autora-de-vidas-pasadas-no-le-salen-las-cuentas-del-amor.html\" target=\"_blank\" rel=\"noreferrer nofollow noopener\" title=\"https:\/\/elpais.com\/cultura\/2025-08-14\/materialistas-a-la-autora-de-vidas-pasadas-no-le-salen-las-cuentas-del-amor.html\">En la pel\u00edcula Materialistas<\/a>, fumar es un rasgo distintivo (y cool) de Dakota Johnson, la actriz protagonista. Algo parecido sucede en la serie The Bear. O en un videoclip de Rosal\u00eda, quien en una story de Instagram mostr\u00f3 c\u00f3mo en su \u00faltimo cumplea\u00f1os regalaba cigarrillos a los asistentes. <a href=\"https:\/\/www.instagram.com\/carlomaranon\/\" target=\"_blank\" rel=\"noreferrer nofollow noopener\" title=\"https:\/\/www.instagram.com\/carlomaranon\/\">La influencer Carlota Maranon se\u00f1alaba hace un a\u00f1o<\/a> que en los \u00faltimos eventos de moda era frecuente ver a famosos que encend\u00edan un cigarrillo justo antes de la zona de las fotos para que se les viera fumando. <\/p>\n<p class=\"\"><a href=\"https:\/\/www.nytimes.com\/2025\/06\/11\/movies\/smoking-materialists-the-bear-lorde-charli-xcx.html\" target=\"_blank\" rel=\"noreferrer nofollow noopener\" title=\"https:\/\/www.nytimes.com\/2025\/06\/11\/movies\/smoking-materialists-the-bear-lorde-charli-xcx.html\">En un reciente reportaje de The New York Times,<\/a> Jared Oviatt, el creador de la cuenta de Instagram @Cigfluencers, que sube fotos de famosos fumando, dec\u00eda que \u00faltimamente le resulta mucho m\u00e1s f\u00e1cil encontrar material que cuando empez\u00f3 a recopilarlas, en 2021. Son solo unos pocos ejemplos de lo que parece una tendencia.<\/p>\n<p class=\"\">Laura del Horno, de la AECC, se\u00f1ala que, aunque es dif\u00edcil de medir, s\u00ed que han percibido este aumento del cigarrillo en series y pel\u00edculas. \u201cLa industria no puede renunciar al tabaco convencional, pero es imposible demostrar si est\u00e1n detr\u00e1s de este auge, ni siquiera lo podemos hacer en campa\u00f1as en redes sociales que son muy obvias\u201d, explica. En su opini\u00f3n, este fen\u00f3meno pone sobre la mesa la importancia de trabajar con las plataformas, como Netflix o HBO, para fomentar las buenas pr\u00e1cticas en la emisi\u00f3n de contenido y que el pitillo no vuelva a convertirse en un signo de distinci\u00f3n positiva.<\/p>\n<p class=\"\">Si se relaja la guardia, la ca\u00edda del consumo del tabaco podr\u00eda revertirse, alerta Rodrigo C\u00f3rdoba, delegado del Comit\u00e9 Nacional para la Prevenci\u00f3n del Tabaquismo, que pone el ejemplo de Italia, donde tras la pandemia hubo un incremento. <\/p>\n<p class=\"\">Tanto C\u00f3rdoba como Reyes, presidente de la AECC, abogan por una subida de impuestos, que es la medida que se ha mostrado m\u00e1s eficaz para reducir el n\u00famero de fumadores y para evitar que los j\u00f3venes inicien el h\u00e1bito. \u201cEl precio de la cajetilla en Espa\u00f1a, de unos cinco euros, es muy inferior a otros pa\u00edses vecinos [en Francia cuesta unos 12 ], y no cubre los costes sanitarios y sociales que genera el tabaquismo\u201d, se\u00f1ala C\u00f3rdoba.<\/p>\n<p class=\"\"><a href=\"https:\/\/tobaccoatladev.wpengine.com\/corre\/spain\/\" rel=\"nofollow noopener\" target=\"_blank\">Un estudio presentado<\/a> en la \u00faltima Conferencia Mundial de Control del Tabaco mostraba, con modelos matem\u00e1ticos en cada pa\u00eds, c\u00f3mo cada punto de subida de los impuestos representa una bajada del consumo y, a la vez, un aumento de ingresos. Para Espa\u00f1a calcula que si la cajetilla costase 11 euros, la tasa de fumadores se reducir\u00eda en cinco puntos y se recuperar\u00edan m\u00e1s de 15.000 millones de euros, entre lo que se sacase de los impuestos y lo que se ahorrar\u00eda en sanidad.<\/p>\n<p class=\"\">Dentro de la guerra contra el tabaco que comenz\u00f3 en Espa\u00f1a hace 20 a\u00f1os, en 2006 hubo un aumento importante de las tasas para evitar las marcas muy baratas que proliferaban por entonces. Desde entonces, ha habido m\u00e1s incrementos, pero ninguno ha puesto el precio de los pa\u00edses m\u00e1s pr\u00f3speros de Europa. Fuentes del Ministerio de Sanidad explican que la intenci\u00f3n es subirlos, pero es una medida que depende de Hacienda, que ha vetado otras como el empaquetado gen\u00e9rico. <\/p>\n<p><script async src=\"\/\/www.instagram.com\/embed.js\"><\/script><\/p>\n","protected":false},"excerpt":{"rendered":"La guerra contra el tabaco ha librado muchas batallas en Espa\u00f1a. Desde las primeras restricciones a los cigarrillos&hellip;\n","protected":false},"author":2,"featured_media":113640,"comment_status":"","ping_status":"","sticky":false,"template":"","format":"standard","meta":{"footnotes":""},"categories":[8],"tags":[17,18,12493,25,24,13,14,38445,38446,11,6799,19,20,38447,9,10,15,16,492,23,4224,21422,12,21,22],"class_list":{"0":"post-113639","1":"post","2":"type-post","3":"status-publish","4":"format-standard","5":"has-post-thumbnail","7":"category-espana","8":"tag-breaking-news","9":"tag-breakingnews","10":"tag-consejo-de-ministros","11":"tag-es","12":"tag-espana","13":"tag-featured-news","14":"tag-featurednews","15":"tag-fumadores","16":"tag-fumadores-pasivos","17":"tag-headlines","18":"tag-hosteleria","19":"tag-latest-news","20":"tag-latestnews","21":"tag-ley-antitabaco","22":"tag-news","23":"tag-noticias","24":"tag-noticias-destacadas","25":"tag-noticiasdestacadas","26":"tag-sociedad","27":"tag-spain","28":"tag-tabaco","29":"tag-tabaquismo","30":"tag-titulares","31":"tag-ultimas-noticias","32":"tag-ultimasnoticias"},"share_on_mastodon":{"url":"","error":""},"_links":{"self":[{"href":"https:\/\/www.europesays.com\/es\/wp-json\/wp\/v2\/posts\/113639","targetHints":{"allow":["GET"]}}],"collection":[{"href":"https:\/\/www.europesays.com\/es\/wp-json\/wp\/v2\/posts"}],"about":[{"href":"https:\/\/www.europesays.com\/es\/wp-json\/wp\/v2\/types\/post"}],"author":[{"embeddable":true,"href":"https:\/\/www.europesays.com\/es\/wp-json\/wp\/v2\/users\/2"}],"replies":[{"embeddable":true,"href":"https:\/\/www.europesays.com\/es\/wp-json\/wp\/v2\/comments?post=113639"}],"version-history":[{"count":0,"href":"https:\/\/www.europesays.com\/es\/wp-json\/wp\/v2\/posts\/113639\/revisions"}],"wp:featuredmedia":[{"embeddable":true,"href":"https:\/\/www.europesays.com\/es\/wp-json\/wp\/v2\/media\/113640"}],"wp:attachment":[{"href":"https:\/\/www.europesays.com\/es\/wp-json\/wp\/v2\/media?parent=113639"}],"wp:term":[{"taxonomy":"category","embeddable":true,"href":"https:\/\/www.europesays.com\/es\/wp-json\/wp\/v2\/categories?post=113639"},{"taxonomy":"post_tag","embeddable":true,"href":"https:\/\/www.europesays.com\/es\/wp-json\/wp\/v2\/tags?post=113639"}],"curies":[{"name":"wp","href":"https:\/\/api.w.org\/{rel}","templated":true}]}}