{"id":113647,"date":"2025-09-14T04:31:12","date_gmt":"2025-09-14T04:31:12","guid":{"rendered":"https:\/\/www.europesays.com\/es\/113647\/"},"modified":"2025-09-14T04:31:12","modified_gmt":"2025-09-14T04:31:12","slug":"que-se-sabe-sobre-este-proyecto-impulsado-por-dana-white-y-donald-trump","status":"publish","type":"post","link":"https:\/\/www.europesays.com\/es\/113647\/","title":{"rendered":"qu\u00e9 se sabe sobre este proyecto impulsado por Dana White y Donald Trump"},"content":{"rendered":"<p data-gtm-element-container=\"modulo-texto-link\" class=\"paragraph\">Los aficionados a la lucha libre conocen seguramente el nombre de <strong>Dana White<\/strong>, el cual tom\u00f3 m\u00e1s protagonismo por ser uno de los promotores del duelo entre <strong><a href=\"https:\/\/www.mundodeportivo.com\/us\/boxeo\/20250912\/730197\/celular-canelo-historia-contada-gano-primera-pelea-profesional.html\" title=\"\u00a1Menos que un celular!: Canelo y la historia jam\u00e1s contada de lo que gan\u00f3 en su primera pelea profesional\" rel=\"nofollow noopener\" target=\"_blank\">Canelo \u00c1lvarez<\/a> y Terence Crawford<\/strong>. Sin embargo, el empresario fue noticia recientemente por su idea de <strong>organizar un evento de UFC en la Casa Blanca<\/strong>, la cual fue <strong>avalada por Donald Trump<\/strong>.<\/p>\n<p>UFC en la Casa Blanca: todo lo que debes saber sobre esta inicativa de Dana White<\/p>\n<p data-gtm-element-container=\"modulo-texto-link\" class=\"paragraph\">En declaraciones recientes, <strong>Dana White<\/strong> asegur\u00f3 que ya se est\u00e1 trabajando para realizar este <strong>evento de UFC en la Casa Blanca en 2026<\/strong>. En l\u00ednea con esta idea, <strong>Donald Trump<\/strong>, su amigo personal, desliz\u00f3 la posibilidad de que esto se lleve adelante <strong>entre junio y julio<\/strong> del a\u00f1o pr\u00f3ximo.<\/p>\n<p data-gtm-element-container=\"modulo-texto-link\" class=\"paragraph\">A trav\u00e9s de su cuenta oficial de Instagram, el actual presidente de la empresa de artes marciales mixtas sostuvo de manera contundente que la pelea se realizar\u00e1: \u00ab<strong>Lo conseguimos hoy<\/strong>\u00ab, dijo en un video en vivo.<\/p>\n<p data-gtm-element-container=\"modulo-texto-link\" class=\"paragraph\">Por su parte, el portavoz de la Casa Blanca, <strong>Steven Cheung<\/strong>, se sum\u00f3 a la euforia por el evento y <strong>ratific\u00f3 los dichos de Dana White<\/strong>: \u00abEste ser\u00e1 uno de los eventos deportivos m\u00e1s grandes de la historia, y que el presidente Trump lo organice en la Casa Blanca es un testimonio de su visi\u00f3n para celebrar el monumental 250 aniversario de Am\u00e9rica\u00bb.<\/p>\n<p data-gtm-element-container=\"modulo-texto-link\" class=\"paragraph\">Lo extraordinario del caso es el escenario elegido, ya que son escasos los <strong>eventos deportivos en la Casa Blanca<\/strong>. No obstante, a lo largo de la historia se dieron algunos casos, como los partidos de teeball organizados por George W. Bush.<\/p>\n<p>Dana White anticipa c\u00f3mo ser\u00e1 el evento de UFC en la Casa Blanca<\/p>\n<p data-gtm-element-container=\"modulo-texto-link\" class=\"paragraph\">Aunque todav\u00eda no es oficial, <strong>White se anim\u00f3 incluso a pronosticar c\u00f3mo ser\u00e1 ese evento<\/strong> en un reportaje con The Wade Concept: \u00abTendremos menos de 5,000 fan\u00e1ticos en el Jard\u00edn Sur, y luego en el parque que est\u00e1 conectado con la Casa Blanca, tendremos 85,000 personas con pantallas\u00bb.<\/p>\n<p>        Lee tambi\u00e9n<\/p>\n<p>    Ana Breccia<\/p>\n<p>             <img loading=\"lazy\" decoding=\"async\" data-full-src=\"https:\/\/www.mundodeportivo.com\/us\/uploads\/2025\/04\/24\/6809e098d3243.jpeg\" alt=\"Canelo \u00c1lvarez acompa\u00f1ado por tres de sus hijos y su esposa\" width=\"334\" height=\"164\" src=\"https:\/\/www.europesays.com\/es\/wp-content\/uploads\/2025\/09\/6809e098d3243.jpeg\" class=\"lazy\"\/><\/p>\n<p data-gtm-element-container=\"modulo-texto-link\" class=\"paragraph\">Adem\u00e1s, coment\u00f3 que se est\u00e1 trabajando para poner un escenario de grandes dimensiones en el lugar, con el fin de que se sucedan diferentes n\u00fameros art\u00edsticos: \u00ab<strong>Vamos a hacer conciertos<\/strong>. Literalmente, literalmente <strong>nos apoderamos de Washington DC toda toda la semana<\/strong>\u00ab, cerr\u00f3.<\/p>\n","protected":false},"excerpt":{"rendered":"Los aficionados a la lucha libre conocen seguramente el nombre de Dana White, el cual tom\u00f3 m\u00e1s protagonismo&hellip;\n","protected":false},"author":2,"featured_media":113648,"comment_status":"","ping_status":"","sticky":false,"template":"","format":"standard","meta":{"footnotes":""},"categories":[276],"tags":[168,25,24,23,167,343],"class_list":{"0":"post-113647","1":"post","2":"type-post","3":"status-publish","4":"format-standard","5":"has-post-thumbnail","7":"category-ufc","8":"tag-deportes","9":"tag-es","10":"tag-espana","11":"tag-spain","12":"tag-sports","13":"tag-ufc"},"share_on_mastodon":{"url":"","error":""},"_links":{"self":[{"href":"https:\/\/www.europesays.com\/es\/wp-json\/wp\/v2\/posts\/113647","targetHints":{"allow":["GET"]}}],"collection":[{"href":"https:\/\/www.europesays.com\/es\/wp-json\/wp\/v2\/posts"}],"about":[{"href":"https:\/\/www.europesays.com\/es\/wp-json\/wp\/v2\/types\/post"}],"author":[{"embeddable":true,"href":"https:\/\/www.europesays.com\/es\/wp-json\/wp\/v2\/users\/2"}],"replies":[{"embeddable":true,"href":"https:\/\/www.europesays.com\/es\/wp-json\/wp\/v2\/comments?post=113647"}],"version-history":[{"count":0,"href":"https:\/\/www.europesays.com\/es\/wp-json\/wp\/v2\/posts\/113647\/revisions"}],"wp:featuredmedia":[{"embeddable":true,"href":"https:\/\/www.europesays.com\/es\/wp-json\/wp\/v2\/media\/113648"}],"wp:attachment":[{"href":"https:\/\/www.europesays.com\/es\/wp-json\/wp\/v2\/media?parent=113647"}],"wp:term":[{"taxonomy":"category","embeddable":true,"href":"https:\/\/www.europesays.com\/es\/wp-json\/wp\/v2\/categories?post=113647"},{"taxonomy":"post_tag","embeddable":true,"href":"https:\/\/www.europesays.com\/es\/wp-json\/wp\/v2\/tags?post=113647"}],"curies":[{"name":"wp","href":"https:\/\/api.w.org\/{rel}","templated":true}]}}