{"id":113662,"date":"2025-09-14T04:41:04","date_gmt":"2025-09-14T04:41:04","guid":{"rendered":"https:\/\/www.europesays.com\/es\/113662\/"},"modified":"2025-09-14T04:41:04","modified_gmt":"2025-09-14T04:41:04","slug":"operacion-triunfo-vuelve-a-prime-video-ampliando-horizontes","status":"publish","type":"post","link":"https:\/\/www.europesays.com\/es\/113662\/","title":{"rendered":"\u2018Operaci\u00f3n Triunfo\u2019 vuelve a Prime Video ampliando horizontes"},"content":{"rendered":"<p>\n        Tras la que fue duod\u00e9cima edici\u00f3n de <strong>Operaci\u00f3n Triunfo<\/strong> emitida entre noviembre de 2023 y febrero de 2024, Gestmusic decidi\u00f3 poner el formato en barbecho y dejarlo reposar para volver a ponerlo en marcha. Con su \u00faltima entrega, el formato dio el salto a las plataformas de streaming, en concreto a Prime Video, adem\u00e1s con el hito que supuso la emisi\u00f3n de sus galas en directo.\u00a0\n<\/p>\n<p class=\"article-body__text \">\n        Al tratarse de una emisi\u00f3n en una plataforma de pago, el programa experiment\u00f3 una l\u00f3gica merma de audiencia pero se convirti\u00f3 en el contenido m\u00e1s visto en las 14 semanas en las que estuvo en antena y consigui\u00f3 un p\u00fablico fiel, ya que se estim\u00f3 que el 85% de la audiencia de las galas volv\u00eda un lunes tras otro a estar al otro lado de la peque\u00f1a pantalla. \u00d3scar Prol, responsable de entretenimiento original de Prime Video Espa\u00f1a, recuerda que \u201c<strong>OT 2023 fue el programa que m\u00e1s suscripciones trajo a la plataforma<\/strong>. Ahora queremos hacerlo mejor, m\u00e1s grande y que llegue a m\u00e1s gente\u201d.\n<\/p>\n<p class=\"article-body__text \">\n        Por eso ahora, algo m\u00e1s de un a\u00f1o y medio despu\u00e9s del final de la edici\u00f3n ganada por la zaragozana Naiara, el talent musical vuelve a ponerse en marcha y, desde este lunes responder\u00e1 a lo que fue una demanda de los fans desde la anterior edici\u00f3n. Adem\u00e1s de verse en Espa\u00f1a, la <strong>emisi\u00f3n en directo ser\u00e1 simult\u00e1nea en seis pa\u00edses del otro lado del oc\u00e9ano: M\u00e9xico, Argentina, Brasil, Colombia, Chile y Per\u00fa<\/strong>.\n<\/p>\n<p class=\"article-body__text \">\n        Las galas de los lunes ser\u00e1n, en esta edici\u00f3n, algo m\u00e1s largas que las anteriores ya que integrar\u00e1 todos los contenidos que antes se englobaban en la llamada postgala. \u201cTodo pasar\u00e1 durante la gala. Dedicaremos tiempo a la m\u00fasica y tambi\u00e9n a hablar con los concursantes. Empezaremos a las 22.00 y acabaremos prontito para que la gente se acueste antes de las doce sabiendo qui\u00e9n se va y qui\u00e9n est\u00e1 nominado\u201d, apunta Tinet Rubira, director de Gestmusic.\u00a0\n<\/p>\n<p>  Chenoa y nuevos rostros <\/p>\n<p class=\"article-body__text \">\n        La <strong>presentaci\u00f3n de las galas vuelve a estar en manos de Chenoa<\/strong>, por quien Rubira recuerda que apostaron en 2023, \u201cera un mel\u00f3n que ten\u00edamos que abrir y ahora mismo es una de las presentadoras de entretenimiento m\u00e1s consolidadas del panorama. Programa que toca, programa que convierte en \u00e9xito\u201d. Y raz\u00f3n no le falta. Basta con recordar los recientes The Floor y, sobre todo, Dog House.\n<\/p>\n<p class=\"article-body__text \">\n        En cuanto a los nombres propios, tambi\u00e9n hay novedades <strong>tanto en el jurado como en el plantel de profesores. Al primero se incorporan la cantante guipuzcoana Leire Mart\u00ednez, el l\u00edder de La Casa Azul Guille Milkiway y el tambi\u00e9n cantante Abraham Mateo<\/strong>. Lo completar\u00e1 la periodista musical y locutora Cris Regatero, que repetir\u00e1 funci\u00f3n.\n<\/p>\n<p class=\"article-body__text \">\n        Y el equipo de profesores, que sigue liderado por Noem\u00ed Galera como directora de la Academia y Manu Guix como director musical, contar\u00e1 con La Dani (Te estoy amando locamente) como nuevo profesor de interpretaci\u00f3n en sustituci\u00f3n de Abril Zamora.\n<\/p>\n<p class=\"article-body__text \">\n        <strong>OT 2025 se ampliar\u00e1 adem\u00e1s con Conexi\u00f3n OT<\/strong>, un programa en directo (martes a s\u00e1bado a las 20.00 horas) presentado por Miriam Rodr\u00edguez, finalista de la edici\u00f3n de 2017 y tambi\u00e9n con <strong>La Cara B, un resumen semanal<\/strong> que se emitir\u00e1 los domingos.<\/p>\n","protected":false},"excerpt":{"rendered":"Tras la que fue duod\u00e9cima edici\u00f3n de Operaci\u00f3n Triunfo emitida entre noviembre de 2023 y febrero de 2024,&hellip;\n","protected":false},"author":2,"featured_media":113663,"comment_status":"","ping_status":"","sticky":false,"template":"","format":"standard","meta":{"footnotes":""},"categories":[171],"tags":[146,147,25,24,2885,521,23,2886,214,2338,739],"class_list":{"0":"post-113662","1":"post","2":"type-post","3":"status-publish","4":"format-standard","5":"has-post-thumbnail","7":"category-tv","8":"tag-entertainment","9":"tag-entretenimiento","10":"tag-es","11":"tag-espana","12":"tag-operacion","13":"tag-prime","14":"tag-spain","15":"tag-triunfo","16":"tag-tv","17":"tag-video","18":"tag-vuelve"},"share_on_mastodon":{"url":"","error":""},"_links":{"self":[{"href":"https:\/\/www.europesays.com\/es\/wp-json\/wp\/v2\/posts\/113662","targetHints":{"allow":["GET"]}}],"collection":[{"href":"https:\/\/www.europesays.com\/es\/wp-json\/wp\/v2\/posts"}],"about":[{"href":"https:\/\/www.europesays.com\/es\/wp-json\/wp\/v2\/types\/post"}],"author":[{"embeddable":true,"href":"https:\/\/www.europesays.com\/es\/wp-json\/wp\/v2\/users\/2"}],"replies":[{"embeddable":true,"href":"https:\/\/www.europesays.com\/es\/wp-json\/wp\/v2\/comments?post=113662"}],"version-history":[{"count":0,"href":"https:\/\/www.europesays.com\/es\/wp-json\/wp\/v2\/posts\/113662\/revisions"}],"wp:featuredmedia":[{"embeddable":true,"href":"https:\/\/www.europesays.com\/es\/wp-json\/wp\/v2\/media\/113663"}],"wp:attachment":[{"href":"https:\/\/www.europesays.com\/es\/wp-json\/wp\/v2\/media?parent=113662"}],"wp:term":[{"taxonomy":"category","embeddable":true,"href":"https:\/\/www.europesays.com\/es\/wp-json\/wp\/v2\/categories?post=113662"},{"taxonomy":"post_tag","embeddable":true,"href":"https:\/\/www.europesays.com\/es\/wp-json\/wp\/v2\/tags?post=113662"}],"curies":[{"name":"wp","href":"https:\/\/api.w.org\/{rel}","templated":true}]}}