{"id":113668,"date":"2025-09-14T04:46:13","date_gmt":"2025-09-14T04:46:13","guid":{"rendered":"https:\/\/www.europesays.com\/es\/113668\/"},"modified":"2025-09-14T04:46:13","modified_gmt":"2025-09-14T04:46:13","slug":"amigos-el-pais-semanal","status":"publish","type":"post","link":"https:\/\/www.europesays.com\/es\/113668\/","title":{"rendered":"Amigos | EL PA\u00cdS Semanal"},"content":{"rendered":"<p class=\"\">Acabo de toparme por casualidad con un podcast del BBVA con el formidable <a href=\"https:\/\/elpais.com\/ciencia\/2024-11-09\/mariano-sigman-neurocientifico-en-tiempos-de-conflicto-es-enormemente-valioso-guardar-silencio.html\" target=\"_self\" rel=\"nofollow noopener\" title=\"https:\/\/elpais.com\/ciencia\/2024-11-09\/mariano-sigman-neurocientifico-en-tiempos-de-conflicto-es-enormemente-valioso-guardar-silencio.html\">neurocient\u00edfico Mariano Sigman<\/a>. Es una larga charla en la que Sigman termina hablando de la amistad; precisamente ha publicado este a\u00f1o un libro sobre el tema, Amistad. Un ensayo compartido, escrito junto <a href=\"https:\/\/elpais.com\/cultura\/2024-01-02\/jacobo-bergareche-escritor-cuando-te-das-cuenta-de-que-todo-el-mundo-muere-aprendes-a-despedirte.html\" target=\"_self\" rel=\"nofollow noopener\" title=\"https:\/\/elpais.com\/cultura\/2024-01-02\/jacobo-bergareche-escritor-cuando-te-das-cuenta-de-que-todo-el-mundo-muere-aprendes-a-despedirte.html\">al novelista Jacobo Bergareche<\/a>. Explica el neurocient\u00edfico que el libro les ha ense\u00f1ado que hay muchas definiciones distintas de lo que es la amistad, y al final del podcast termina haciendo un canto conmovedor a este sentimiento, que, en cualquier caso, para m\u00ed es como el cemento de la vida. Es lo que permite que las c\u00e9lulas del cuerpo social sigan unidas, f\u00e9rtiles, vibrantes.<\/p>\n<p class=\"\">Y es que yo creo que<a href=\"https:\/\/elpais.com\/ideas\/2025-02-15\/la-amistad-en-el-siglo-xxi-cuando-los-amigos-sustituyen-a-la-familia-y-a-la-pareja.html\" target=\"_self\" rel=\"nofollow noopener\" title=\"https:\/\/elpais.com\/ideas\/2025-02-15\/la-amistad-en-el-siglo-xxi-cuando-los-amigos-sustituyen-a-la-familia-y-a-la-pareja.html\"> la base de la sociedad no es la familia, sino los amigos<\/a>. La familia, ya sea del modelo convencional o de nuevo cu\u00f1o, es sin duda \u00fatil para cuidar de la prole en la infancia y la adolescencia. Pero qu\u00e9 ser\u00eda de nosotros sin los amigos. En alguno de mis primeros libros, hace mucho tiempo, ya sostuve eso de que mantenemos una rutina equivocada y que, en vez de vivir con los amantes y salir con los amigos, deber\u00edamos vivir con los amigos y salir con los amantes. Bueno, vale, es una broma\u2026, aunque quiz\u00e1 no tanto. Hay algo en la amistad, en esa lenta, tenaz, atenta construcci\u00f3n de la relaci\u00f3n con el otro, que me parece que, por lo general, es m\u00e1s b\u00e1sico y aut\u00e9ntico que esas relaciones llenas de expectativas, espejismos y fantasmas que solemos establecer cuando hay un ingrediente pasional por medio. Yo desde luego creo que lo mejor que he sabido hacer, mi mayor \u00e9xito en la vida, es ser amiga. Haber logrado construir la delicada y robusta constelaci\u00f3n de hombres y mujeres de la que formo parte. <a href=\"https:\/\/elpais.com\/estilo-de-vida\/2025-02-15\/quiero-ser-tu-amigo-pero-no-tengo-tiempo-como-la-aceleracion-social-y-el-trabajo-impide-hacer-nuevas-amistades.html\" target=\"_self\" rel=\"nofollow noopener\" title=\"https:\/\/elpais.com\/estilo-de-vida\/2025-02-15\/quiero-ser-tu-amigo-pero-no-tengo-tiempo-como-la-aceleracion-social-y-el-trabajo-impide-hacer-nuevas-amistades.html\">Hay que invertir mucho tiempo, y tiempo de calidad, en el desarrollo de una amistad<\/a>. Esta es otra rutina equivocada en la que muchas personas caen: dedican todos sus esfuerzos al trabajo, a ser reconocidos profesionalmente, a ganar dinero o poder, y descuidan esa otra faceta, modesta y en apariencia in\u00fatil, que consiste en ir trenzando tus emociones con las de otros, en ir descubriendo la \u00edntima terra incognita de unos extra\u00f1os que terminan siendo tu patria y tu vida. Desde lo alto de mi edad me voy a permitir la ridiculez o la soberbia de dar un consejo a la gente m\u00e1s joven: que los afanes y el alboroto de la existencia no te hagan perder las prioridades. No desde\u00f1es el valor de la amistad, no la pospongas por trabajo, por miedo, por pereza. Porque llegar\u00e1 un momento en el que te arrepentir\u00e1s. Una de las pocas cosas que me consuelan del desconsuelo de envejecer es la maravillosa sensaci\u00f3n de cumplir a\u00f1os de amistad con mis amigos. El lujo de ir creciendo juntos, siendo testigos los unos de los otros y alimentando un pasado com\u00fan.<\/p>\n<p class=\"\">La genial antrop\u00f3loga Margaret Mead <a href=\"https:\/\/elpais.com\/ideas\/2025-07-07\/el-hueso-roto-cuando-se-nos-olvido-convalecer.html\" target=\"_self\" rel=\"nofollow noopener\" title=\"https:\/\/elpais.com\/ideas\/2025-07-07\/el-hueso-roto-cuando-se-nos-olvido-convalecer.html\">sol\u00eda explicar a sus alumnos que el primer signo de civilizaci\u00f3n en un yacimiento f\u00f3sil era encontrar un f\u00e9mur roto y soldado<\/a>. Porque un f\u00e9mur roto te impide caminar, huir de los depredadores, buscar comida, y adem\u00e1s tarda en sanar. De modo que, si est\u00e1 curado, es que alguien te ha cuidado, alimentado y protegido. Desde la muerte de Mead se ha descubierto much\u00edsima m\u00e1s evidencia f\u00f3sil de ese amoroso trato a los enfermos. De hecho, es un rasgo b\u00e1sico de los hom\u00ednidos, y no s\u00f3lo del sapiens. <a href=\"https:\/\/elpais.com\/diario\/2009\/03\/31\/sociedad\/1238450407_850215.html\" target=\"_self\" rel=\"nofollow noopener\" title=\"https:\/\/elpais.com\/diario\/2009\/03\/31\/sociedad\/1238450407_850215.html\">En Atapuerca se ha encontrado el f\u00f3sil de Benjamina<\/a>, una ni\u00f1a de hace 530.000 a\u00f1os de la especie heidelbergensis, con deformaciones craneales y retraso psicomotor, pero que lleg\u00f3 hasta los 10 a\u00f1os de edad: tuvo que ser muy bien atendida. O <a href=\"https:\/\/elpais.com\/elpais\/2018\/11\/05\/ciencia\/1541413916_600660.html\" target=\"_self\" rel=\"nofollow noopener\" title=\"https:\/\/elpais.com\/elpais\/2018\/11\/05\/ciencia\/1541413916_600660.html\">el neandertal Romito, que padec\u00eda enanismo y graves patolog\u00edas vertebrales<\/a>, pero que alcanz\u00f3 los 20 a\u00f1os de edad. Un estudio de la Universidad de Durham (Reino Unido) concluy\u00f3 que el comportamiento asistencial se origin\u00f3, evolutivamente, en los parientes consangu\u00edneos, pero que enseguida se extendi\u00f3 a todo el grupo. Creo que la amistad nace de ah\u00ed, de esa necesidad esencial de cuidarnos, de abrazarnos, de protegernos. Quiero decir que es una ley biol\u00f3gica y evolutiva, una tendencia innata a querer bien y a ser bien querido. \u00bfY en qu\u00e9 consiste eso? Pues en mirar con ojos luminosos al vecino y en dejarte iluminar por \u00e9l. Pura magia emocional, porque al calor de esa luz florecen nuestros sentimientos m\u00e1s positivos. Un amigo es una persona que te hace ser mejor. En medio de tanto horror como hay en el mundo, consuela recordar que existe esto.<\/p>\n","protected":false},"excerpt":{"rendered":"Acabo de toparme por casualidad con un podcast del BBVA con el formidable neurocient\u00edfico Mariano Sigman. Es una&hellip;\n","protected":false},"author":2,"featured_media":113669,"comment_status":"","ping_status":"","sticky":false,"template":"","format":"standard","meta":{"footnotes":""},"categories":[91],"tags":[18047,1936,640,23375,2379,1293,146,147,25,24,367,21251,3624,38454,38453,2667,23,2752],"class_list":{"0":"post-113668","1":"post","2":"type-post","3":"status-publish","4":"format-standard","5":"has-post-thumbnail","7":"category-entretenimiento","8":"tag-amistad","9":"tag-atapuerca","10":"tag-biologia","11":"tag-cuidados-sociales","12":"tag-discapacidad","13":"tag-enfermedades","14":"tag-entertainment","15":"tag-entretenimiento","16":"tag-es","17":"tag-espana","18":"tag-familia","19":"tag-homo-sapiens","20":"tag-infancia","21":"tag-margaret-mead","22":"tag-mariano-sigman","23":"tag-podcast","24":"tag-spain","25":"tag-trabajo"},"share_on_mastodon":{"url":"","error":""},"_links":{"self":[{"href":"https:\/\/www.europesays.com\/es\/wp-json\/wp\/v2\/posts\/113668","targetHints":{"allow":["GET"]}}],"collection":[{"href":"https:\/\/www.europesays.com\/es\/wp-json\/wp\/v2\/posts"}],"about":[{"href":"https:\/\/www.europesays.com\/es\/wp-json\/wp\/v2\/types\/post"}],"author":[{"embeddable":true,"href":"https:\/\/www.europesays.com\/es\/wp-json\/wp\/v2\/users\/2"}],"replies":[{"embeddable":true,"href":"https:\/\/www.europesays.com\/es\/wp-json\/wp\/v2\/comments?post=113668"}],"version-history":[{"count":0,"href":"https:\/\/www.europesays.com\/es\/wp-json\/wp\/v2\/posts\/113668\/revisions"}],"wp:featuredmedia":[{"embeddable":true,"href":"https:\/\/www.europesays.com\/es\/wp-json\/wp\/v2\/media\/113669"}],"wp:attachment":[{"href":"https:\/\/www.europesays.com\/es\/wp-json\/wp\/v2\/media?parent=113668"}],"wp:term":[{"taxonomy":"category","embeddable":true,"href":"https:\/\/www.europesays.com\/es\/wp-json\/wp\/v2\/categories?post=113668"},{"taxonomy":"post_tag","embeddable":true,"href":"https:\/\/www.europesays.com\/es\/wp-json\/wp\/v2\/tags?post=113668"}],"curies":[{"name":"wp","href":"https:\/\/api.w.org\/{rel}","templated":true}]}}