{"id":113670,"date":"2025-09-14T04:47:14","date_gmt":"2025-09-14T04:47:14","guid":{"rendered":"https:\/\/www.europesays.com\/es\/113670\/"},"modified":"2025-09-14T04:47:14","modified_gmt":"2025-09-14T04:47:14","slug":"koraidon-y-miraidon-shiny-protagonizan-esta-nueva-distribucion-de-regalo-en-pokemon-escarlata-y-purpura","status":"publish","type":"post","link":"https:\/\/www.europesays.com\/es\/113670\/","title":{"rendered":"Koraidon y Miraidon shiny protagonizan esta nueva distribuci\u00f3n de regalo en Pok\u00e9mon Escarlata y P\u00farpura"},"content":{"rendered":"<p><strong>\u00a1Parece que se ha confirmado otra distribuci\u00f3n sorpresa en<\/strong>\u00a0<a href=\"https:\/\/www.nintenderos.com\/2024\/02\/pokemon-escarlata-y-purpura-lanza-un-regalo-muy-codiciado-por-sus-jugadores\/\" rel=\"nofollow noopener\" target=\"_blank\">Pok\u00e9mon Escarlata y P\u00farpura<\/a><strong>!<\/strong>\u00a0Parece que ya tenemos noticias tras el\u00a0<a href=\"https:\/\/www.nintenderos.com\/2023\/11\/pokemon-escarlata-y-purpura-nuevos-detalles-oficiales-y-gameplay-del-dlc-el-disco-indigo\/\" rel=\"nofollow noopener\" target=\"_blank\">DLC El disco \u00edndigo<\/a>. \u00a1Ya sab\u00e9is que ya se ha lanzado!<\/p>\n<p>Os traemos detalles\u00a0<strong>despu\u00e9s de que se haya estrenado tambi\u00e9n Nintendo Switch 2<\/strong>. Recordad que el juego\u00a0<a href=\"https:\/\/www.nintenderos.com\/nintendo-switch-2\/nuevas-capturas-en-4k-de-pokemon-escarlata-y-purpura-en-nintendo-switch-2\/\" rel=\"nofollow noopener\" target=\"_blank\">ha recibido<\/a>\u00a0una actualizaci\u00f3n que mejora los gr\u00e1ficos en esa consola y, despu\u00e9s de conocer\u00a0<a href=\"https:\/\/www.nintenderos.com\/2025\/06\/pokemon-escarlata-y-purpura-muestra-mejoras-graficas-en-su-nuevo-trailer-para-nintendo-switch-2\/\" rel=\"nofollow noopener\" target=\"_blank\">el tr\u00e1iler m\u00e1s reciente<\/a> de esta versi\u00f3n para Switch 2, ahora ya tenemos confirmada la siguiente distribuci\u00f3n. <strong>Koraidon y Miraidon variocolor<\/strong> ser\u00e1n distribuidos<strong> en Jap\u00f3n a partir del 26 de septiembre de 2025 en diversas tiendas<\/strong>.<\/p>\n<p><img decoding=\"async\" class=\"aligncenter\" src=\"https:\/\/www.europesays.com\/es\/wp-content\/uploads\/2025\/09\/G0nvu0RXwAAK_kr\" alt=\"Imagen\"\/><\/p>\n<p>Otros contenidos en esta categor\u00eda:<\/p>\n<blockquote class=\"twitter-tweet\">\n<p dir=\"ltr\" lang=\"ja\">\u8272\u9055\u3044\u306e\u30b3\u30e9\u30a4\u30c9\u30f3\u30fb\u30df\u30e9\u30a4\u30c9\u30f3\u3092\u30d7\u30ec\u30bc\u30f3\u30c8\uff01<br \/>9\u670826\u65e5\uff08\u91d1\uff09\u3088\u308a\u3001\u300e\u30dd\u30b1\u30c3\u30c8\u30e2\u30f3\u30b9\u30bf\u30fc \u30b9\u30ab\u30fc\u30ec\u30c3\u30c8\u30fb\u30d0\u30a4\u30aa\u30ec\u30c3\u30c8\u300f\u3067\u8272\u9055\u3044\u306e\u4f1d\u8aac\u306e\u30dd\u30b1\u30e2\u30f3\u3001\u30b3\u30e9\u30a4\u30c9\u30f3\u30fb\u30df\u30e9\u30a4\u30c9\u30f3\u304c\u53d7\u3051\u53d6\u308c\u308b\u30b7\u30ea\u30a2\u30eb\u30b3\u30fc\u30c9\u3092\u914d\u5e03\u3059\u308b\u3088\u3002<br \/>\u8a73\u7d30\u306f\u30aa\u30d5\u30a3\u30b7\u30e3\u30eb\u30b5\u30a4\u30c8\u3092\u30c1\u30a7\u30c3\u30af\u3057\u3066\u306d\u3002<a href=\"https:\/\/t.co\/JDqK6VYpYF\" class=\"external\" rel=\"nofollow\">https:\/\/t.co\/JDqK6VYpYF<\/a> <a href=\"https:\/\/t.co\/07Qc5xW53Z\" class=\"external\" rel=\"nofollow\">pic.twitter.com\/07Qc5xW53Z<\/a><\/p>\n<p>\u2014 \u30dd\u30b1\u30e2\u30f3\u516c\u5f0f (@Pokemon_cojp) <a href=\"https:\/\/twitter.com\/Pokemon_cojp\/status\/1966366286960587250?ref_src=twsrc%5Etfw\" rel=\"nofollow noopener\" target=\"_blank\">September 12, 2025<\/a><\/p>\n<\/blockquote>\n<p>Tambi\u00e9n se ha confirmado que se distribuir\u00e1n en <strong>Gamestop en EE. UU. y en EB Games en Canad\u00e1, Australia y Nueva Zelanda<\/strong> a partir del 26 de septiembre de 2025 mediante un c\u00f3digo de serie que se entregar\u00e1 en la tienda. Habr\u00e1 que estar muy atentos para ver c\u00f3mo los podemos conseguir en otros territorios.<\/p>\n<p><img decoding=\"async\" class=\"aligncenter\" src=\"https:\/\/www.europesays.com\/es\/wp-content\/uploads\/2025\/09\/G0n1TTNWIAA6WfM\" alt=\"Imagen\"\/><\/p>\n<p>\u00bfQu\u00e9 opin\u00e1is vosotros sobre este evento de Escarlata y P\u00farpura que hemos podido conocer detallado hoy mismo? \u00a1Os leemos en los comentarios abajo! Tambi\u00e9n ten\u00e9is\u00a0<a href=\"https:\/\/www.nintenderos.com\/2024\/03\/todos-los-codigos-de-regalo-misterioso-para-pokemon-escarlata-y-purpura-2023\/\" rel=\"nofollow noopener\" target=\"_blank\">todos los c\u00f3digos de Regalo Misterioso para Pok\u00e9mon Escarlata y P\u00farpura<\/a>.<\/p>\n<p><a class=\"external\" href=\"https:\/\/serebii.net\/index2.shtml\" rel=\"nofollow noopener\" target=\"_blank\">Fuente<\/a>.<\/p>\n<p>    <script async src=\"https:\/\/platform.twitter.com\/widgets.js\" charset=\"utf-8\"><\/script><\/p>\n","protected":false},"excerpt":{"rendered":"\u00a1Parece que se ha confirmado otra distribuci\u00f3n sorpresa en\u00a0Pok\u00e9mon Escarlata y P\u00farpura!\u00a0Parece que ya tenemos noticias tras el\u00a0DLC&hellip;\n","protected":false},"author":2,"featured_media":113671,"comment_status":"","ping_status":"","sticky":false,"template":"","format":"standard","meta":{"footnotes":""},"categories":[81],"tags":[119,123,124,25,24,38455,38456,934,17290,7382,117,121,122,23,118,120],"class_list":{"0":"post-113670","1":"post","2":"type-post","3":"status-publish","4":"format-standard","5":"has-post-thumbnail","7":"category-ciencia-y-tecnologia","8":"tag-ciencia","9":"tag-ciencia-y-tecnologia","10":"tag-cienciaytecnologia","11":"tag-es","12":"tag-espana","13":"tag-koraidon","14":"tag-miraidon","15":"tag-pokemon","16":"tag-pokemon-escarlata-y-purpura","17":"tag-regalo","18":"tag-science","19":"tag-science-and-technology","20":"tag-scienceandtechnology","21":"tag-spain","22":"tag-technology","23":"tag-tecnologia"},"share_on_mastodon":{"url":"","error":""},"_links":{"self":[{"href":"https:\/\/www.europesays.com\/es\/wp-json\/wp\/v2\/posts\/113670","targetHints":{"allow":["GET"]}}],"collection":[{"href":"https:\/\/www.europesays.com\/es\/wp-json\/wp\/v2\/posts"}],"about":[{"href":"https:\/\/www.europesays.com\/es\/wp-json\/wp\/v2\/types\/post"}],"author":[{"embeddable":true,"href":"https:\/\/www.europesays.com\/es\/wp-json\/wp\/v2\/users\/2"}],"replies":[{"embeddable":true,"href":"https:\/\/www.europesays.com\/es\/wp-json\/wp\/v2\/comments?post=113670"}],"version-history":[{"count":0,"href":"https:\/\/www.europesays.com\/es\/wp-json\/wp\/v2\/posts\/113670\/revisions"}],"wp:featuredmedia":[{"embeddable":true,"href":"https:\/\/www.europesays.com\/es\/wp-json\/wp\/v2\/media\/113671"}],"wp:attachment":[{"href":"https:\/\/www.europesays.com\/es\/wp-json\/wp\/v2\/media?parent=113670"}],"wp:term":[{"taxonomy":"category","embeddable":true,"href":"https:\/\/www.europesays.com\/es\/wp-json\/wp\/v2\/categories?post=113670"},{"taxonomy":"post_tag","embeddable":true,"href":"https:\/\/www.europesays.com\/es\/wp-json\/wp\/v2\/tags?post=113670"}],"curies":[{"name":"wp","href":"https:\/\/api.w.org\/{rel}","templated":true}]}}