{"id":113675,"date":"2025-09-14T04:50:09","date_gmt":"2025-09-14T04:50:09","guid":{"rendered":"https:\/\/www.europesays.com\/es\/113675\/"},"modified":"2025-09-14T04:50:09","modified_gmt":"2025-09-14T04:50:09","slug":"quien-hace-crecer-a-vox-espana","status":"publish","type":"post","link":"https:\/\/www.europesays.com\/es\/113675\/","title":{"rendered":"\u00bfQui\u00e9n hace crecer a Vox? | Espa\u00f1a"},"content":{"rendered":"<p class=\"\">La pregunta ha recorrido buena parte de las conversaciones pol\u00edticas durante toda la semana, <a href=\"https:\/\/elpais.com\/espana\/2025-09-08\/vox-alcanza-su-mejor-resultado-desde-las-generales-y-deja-al-pp-en-su-peor-registro.html\" target=\"_self\" rel=\"nofollow noopener\" title=\"https:\/\/elpais.com\/espana\/2025-09-08\/vox-alcanza-su-mejor-resultado-desde-las-generales-y-deja-al-pp-en-su-peor-registro.html\">despu\u00e9s de que EL PA\u00cdS y la Cadena SER<\/a> publicaran una encuesta que muestra el ascenso de Vox, que ya le ha comido casi un mill\u00f3n de votos al PP, y supera el 17%. \u00bfQui\u00e9n est\u00e1 haciendo crecer a Vox? \u00bfC\u00f3mo se puede parar esa subida? <\/p>\n<p class=\"\">Todos los ojos est\u00e1n puestos en el PP, el principal interesado en frenar al que no deja de ser una escisi\u00f3n suya \u2015su l\u00edder y muchos dirigentes salieron de ah\u00ed\u2015 y ya es su gran rival en la derecha. El Gobierno sostiene que es el l\u00edder del PP, Alberto N\u00fa\u00f1ez Feij\u00f3o, con el endurecimiento de su discurso y la derechizaci\u00f3n que ha marcado en posiciones como la inmigraci\u00f3n, quien est\u00e1 abriendo la puerta a que el partido de Abascal siga creciendo. <\/p>\n<p class=\"\">\u201cLes est\u00e1 pasando lo mismo que a nosotros con <a href=\"https:\/\/elpais.com\/noticias\/podemos\/\" target=\"_self\" rel=\"nofollow noopener\" title=\"https:\/\/elpais.com\/noticias\/podemos\/\">Podemos en 2015<\/a>\u2033, resume un ministro socialista. \u201cNo sab\u00edamos c\u00f3mo hacerles frente, ten\u00edan la hegemon\u00eda del discurso, y se llevaban a todos los j\u00f3venes de izquierdas. Estuvieron a punto de lograr el sorpasso en 2016, pero nos mantuvimos firmes en no ser iguales que ellos. Despu\u00e9s vinieron las primarias de 2017, en las que S\u00e1nchez enarbol\u00f3 la bandera de la izquierda y de las bases frente a la c\u00fapula del PSOE, y ah\u00ed Podemos ya no volvi\u00f3 a ser una amenaza real. Si el PP copia a Vox para frenarlo, se lo puede llevar por delante. Es un error de libro, pero no lo ven\u201d, remata.<\/p>\n<p class=\"\">El PP, aunque admite que <a href=\"https:\/\/elpais.com\/espana\/2025-09-12\/feijoo-lleva-a-la-campana-andaluza-su-ofensiva-contra-sanchez-secuestra-la-democracia-de-la-nacion-espanola.html\" target=\"_self\" rel=\"nofollow noopener\" title=\"https:\/\/elpais.com\/espana\/2025-09-12\/feijoo-lleva-a-la-campana-andaluza-su-ofensiva-contra-sanchez-secuestra-la-democracia-de-la-nacion-espanola.html\">el endurecimiento del discurso de Feij\u00f3o es evidente,<\/a> sostiene que es porque es lo que reclama el votante conservador, cada vez m\u00e1s indignado con el presidente del Gobierno. Los populares creen que el gran responsable del ascenso de Abascal es Pedro S\u00e1nchez por haber decidido polarizar con ellos, por centrar buena parte de su discurso en el combate a la ultraderecha. \u201cS\u00e1nchez est\u00e1 todo el d\u00eda hablando de Vox\u201d, sentencia un dirigente. \u201cSaca constantemente a Franco, y trata de vincular todo el tiempo al PP con Vox. \u00c9l quiere que ellos suban para dividir el voto de la derecha. Les est\u00e1 ayudando mucho\u201d, asegura.<\/p>\n<p><img alt=\"Abascal y Feij\u00f3o, en el Congreso.\" decoding=\"auto\" class=\"_re lazyload a_m-h\" height=\"414\"  width=\"414\"  src=\"https:\/\/www.europesays.com\/es\/wp-content\/uploads\/2025\/09\/N2MZLWFICVAZHGYV5NLDZ627FE.jpg\" loading=\"lazy\"\/>Abascal y Feij\u00f3o, en el Congreso.Foto: Claudio \u00c1lvarez<\/p>\n<p class=\"\">En el Gobierno creen que esto son excusas por los nervios de los populares e insisten en que es Feij\u00f3o quien se ha movido a posiciones muy distintas a las que prometi\u00f3 cuando dio el salto a la pol\u00edtica nacional con esa idea de \u201cno he venido a insultar a S\u00e1nchez sino a ganarle\u201d. Distintos dirigentes del PP consultados admiten que les est\u00e1 costando mucho frenar a Vox, pero se\u00f1alan que crecen por oleadas vinculadas a acontecimiento dram\u00e1ticos. El a\u00f1o pasado <a href=\"https:\/\/elpais.com\/noticias\/gota-fria\/\" target=\"_self\" rel=\"nofollow noopener\" title=\"https:\/\/elpais.com\/noticias\/gota-fria\/\">por la dana en Valencia<\/a> y este por los incendios, pese a ello conf\u00edan en que la espuma bajar\u00e1. \u201cHace 10 a\u00f1os los chavales votaban a Podemos y ahora a Vox. Pero no hay que ponerse nerviosos, esto va a bajar\u201d, se\u00f1ala un diputado popular.<\/p>\n<p class=\"\">Entre los dirigentes del partido se percibe esos nervios por la dificultad de frenar a los de Abascal, pero otros dirigentes m\u00e1s cercanos a Feij\u00f3o buscan el pragmatismo: la prioridad es que la derecha sume una mayor\u00eda para echar a S\u00e1nchez, algo que no sucedi\u00f3 en 2023 por 4 esca\u00f1os. \u201cHay muchos listos que nunca han estado en pol\u00edtica diciendo que lo hacemos muy mal. Unos dicen que somos muy blandos y otros que somos demasiado duros. Pero lo cierto es que [seg\u00fan las encuestas] hay m\u00e1s esca\u00f1os de derechas que nunca en la historia, as\u00ed que tan tontos no seremos\u201d, se\u00f1ala un dirigente.<\/p>\n<p class=\"\">La estrategia<a href=\"https:\/\/elpais.com\/noticias\/pp-partido-popular\/\" target=\"_self\" rel=\"nofollow noopener\" title=\"https:\/\/elpais.com\/noticias\/pp-partido-popular\/\"> de los populares de entrar en todos los marcos de Vox<\/a> tiene sorprendidos a los expertos, que no acaban de entenderla. Mariano Torcal, catedr\u00e1tico de Ciencia Pol\u00edtica de la Universidad Pompeu Fabra, y un experto en polarizaci\u00f3n que ha publicado varios libros e investigaciones sobre este asunto, sostiene que los datos que han estudiado prueban que \u201cla polarizaci\u00f3n solo consigue es alimentar a los extremos. La estrategia de generar una gran hostilidad hacia la izquierda y hacia el Gobierno hace que muchos de esos votantes del PP se vayan a Vox. Lo que vemos en los estudios es que si compras el lenguaje, vas a conseguir una fuerte polarizaci\u00f3n, un mayor odio a la izquierda, pero eso va a beneficiar al extremo y perjudicar a Feij\u00f3o\u201d, se\u00f1ala. <\/p>\n<p class=\"\">La soci\u00f3loga y polit\u00f3loga Cristina Monge coincide en este an\u00e1lisis: \u201cHay una tendencia de fondo de crecimiento de la ultraderecha en toda Europa por distintos malestares que afectan a los j\u00f3venes y a muchos colectivos. Eso es general. Pero la actitud de la derecha tradicional es clave para frenar o no esa ola. Y el PP con su \u2018me gusta la fruta\u2019, o sea \u2018S\u00e1nchez, hijo de puta\u201d, y el antisanchismo visceral le est\u00e1 haciendo un gran favor a Vox. Es incomprensible\u00bb, se\u00f1ala.<\/p>\n<p class=\"\">El polit\u00f3logo Llu\u00eds Orriols, profesor en la Carlos III, apunta en l\u00ednea similar. \u201cVox est\u00e1 subiendo a costa del PP. Los datos son clar\u00edsimos. Casi un mill\u00f3n de votos. Vox gana votos por la polarizaci\u00f3n y la insatisfacci\u00f3n con las instituciones. No hay una f\u00f3rmula clara para responder a la ultraderecha, pero ya sabemos por experiencias europeas que la asimilaci\u00f3n no es ganadora\u201d, se\u00f1ala. El problema real, explica Orriols, llegar\u00e1 si Vox logra entrar en sectores de trabajadores manuales y clases m\u00e1s populares, como por ejemplo ya est\u00e1 haciendo en Catalu\u00f1a Alian\u00e7a catalana, en l\u00ednea con otras ultraderechas europeas. \u201cVox a\u00fan no ha logrado eso y tiene un claro d\u00e9ficit de \u00e9lites\u201d, dice en referencia a que han echado a buena parte de su c\u00fapula y Abascal no tiene tanta potencia<a href=\"https:\/\/elpais.com\/noticias\/marine-le-pen\/\" target=\"_self\" rel=\"nofollow noopener\" title=\"https:\/\/elpais.com\/noticias\/marine-le-pen\/\"> como Meloni en Italia o Le Pen en Francia<\/a>. Pero el camino est\u00e1 marcado si el PP no logra pararlo. En Portugal, recuerda Monge, ya hay encuestas que sit\u00faan a Chega como primer partido, algo impensable hace unos a\u00f1os, cuando no estaban ni siquiera en el Parlamento. <\/p>\n<p class=\"\">Lo que m\u00e1s preocupa a todos los partidos es el crecimiento de Vox entre los j\u00f3venes. Y ah\u00ed todos los an\u00e1lisis apuntan en un mismo sentido: <a href=\"https:\/\/elpais.com\/espana\/2025-03-22\/dentro-del-movil-de-un-joven-que-vota-a-partidos-ultras-hay-que-respetar-las-ideas-de-cada-uno.html\" target=\"_self\" rel=\"nofollow noopener\" title=\"https:\/\/elpais.com\/espana\/2025-03-22\/dentro-del-movil-de-un-joven-que-vota-a-partidos-ultras-hay-que-respetar-las-ideas-de-cada-uno.html\">el dominio absoluto de la ultraderecha en las redes sociales<\/a>. Un miembro del Gobierno es muy claro: \u201cX, por ejemplo, est\u00e1 dise\u00f1ado expresamente para fomentar el odio. Todos los estudios lo dejan claro. La ultraderecha se qued\u00f3 fuera de los medios tradicionales, que no le dejaban entrar por sus ideas extremas, y busc\u00f3 su espacio en las redes sociales. Son m\u00e1s fuertes porque llegaron primero, se especializaron en eso, y el algoritmo les ayuda porque adem\u00e1s de v\u00eddeos de perros y gatos, lo que m\u00e1s triunfa en las redes es la desinformaci\u00f3n y el odio. Es muy dif\u00edcil combatir eso, pero hay que intentarlo porque se puede llevar por delante a una generaci\u00f3n\u201d, sentencia.<\/p>\n<p class=\"\">En La Moncloa se ha creado una unidad espec\u00edfica de \u201can\u00e1lisis de riesgos asociados al espacio digital\u201d para analizar, a trav\u00e9s de sofisticados sistemas de inteligencia artificial, la aparici\u00f3n de \u201ccampa\u00f1as de desinformaci\u00f3n, odio e injerencia extranjera\u201d, con programadores, cient\u00edficos de datos, polic\u00edas y expertos en desinformaci\u00f3n que emplean el m\u00e9todo Disarm de la OTAN. Ya vieron movimientos muy fuertes en la crisis racista de Torre Pacheco, y tambi\u00e9n durante los incendios de este verano. El Gobierno tiene varias leyes en marcha para intentar luchar contra la desinformaci\u00f3n y est\u00e1 dando la batalla en Europa para intentar unir fuerzas y lograr que los multimillonarios due\u00f1os de esas redes recuperen los controles que han quitado y se hagan responsables jur\u00eddicamente de las consecuencias de lo que se publica.<\/p>\n<p class=\"\">El discurso extremista triunfa en las redes muchas veces fuera del radar de los propios pol\u00edticos. Un ministro socialista cuenta una an\u00e9cdota que muestra la situaci\u00f3n que se vive en muchas familias. \u00c9l, profesional de la pol\u00edtica, siempre <a href=\"https:\/\/elpais.com\/internacional\/2025-09-10\/quien-es-charlie-kirk-el-activista-conservador-asesinado-en-utah.html\" target=\"_self\" rel=\"nofollow noopener\" title=\"https:\/\/elpais.com\/internacional\/2025-09-10\/quien-es-charlie-kirk-el-activista-conservador-asesinado-en-utah.html\">pendiente de todo, no conoc\u00eda a Charlie Kirk, el activista trumpista<\/a> asesinado en Utah. Solo cuando muri\u00f3 empez\u00f3 a ver algunos de sus v\u00eddeos. Sin embargo, al comentarlo en familia descubri\u00f3 que sus hijas adolescentes, no especialmente interesadas en la pol\u00edtica, s\u00ed hab\u00edan<a href=\"https:\/\/elpais.com\/internacional\/2025-09-10\/quien-es-charlie-kirk-el-activista-conservador-asesinado-en-utah.html\" target=\"_self\" rel=\"nofollow noopener\" title=\"https:\/\/elpais.com\/internacional\/2025-09-10\/quien-es-charlie-kirk-el-activista-conservador-asesinado-en-utah.html\"> visto muchos v\u00eddeos de Kirk<\/a> porque les aparecen sin buscarlos en Instagram. Sab\u00edan perfectamente qui\u00e9n era. La ideolog\u00eda ultra est\u00e1 entrando as\u00ed en muchos hogares, incluso los m\u00e1s progresistas, sin que los padres apenas se enteren.<\/p>\n<p class=\"\">En el Gobierno tambi\u00e9n hay debate sobre c\u00f3mo hacerle frente a Vox. Para distintos ministros socialistas consultados, es impensable que S\u00e1nchez no entre al choque con la ultraderecha, porque es \u201cel movimiento m\u00e1s peligroso del planeta en este momento\u201d. Entre los j\u00f3venes, admiten en el Ejecutivo, el debate es el Gobierno o Vox, el PP est\u00e1 pr\u00e1cticamente fuera de la ecuaci\u00f3n. Pero es inevitable. <\/p>\n<p class=\"\">S\u00e1nchez apostar\u00e1 en las pr\u00f3ximas semanas por ir desgranando anuncios de medidas progresistas y mensajes de reivindicaci\u00f3n de su gesti\u00f3n \u2015este lunes inaugura el curso con diputados y senadores\u2015 pero no va a dejar de chocar con Vox o con Trump y de hablar de la ultraderecha como gran amenaza, se\u00f1alan fuentes del Gobierno.<\/p>\n<p class=\"\">Sumar rechaza la estrategia de polarizar con Vox, seg\u00fan explic\u00f3 esta semana Yolanda D\u00edaz, y cree que la mejor manera de hacerle frente es con medidas sociales, como la reducci\u00f3n de la jornada laboral que esta semana llev\u00f3 a un encendido debate ideol\u00f3gico en el Congreso, donde los votos del PP, Vox y Junts tumbaron la norma. D\u00edaz<a href=\"https:\/\/elpais.com\/noticias\/yolanda-diaz\/\" target=\"_self\" rel=\"nofollow noopener\" title=\"https:\/\/elpais.com\/noticias\/yolanda-diaz\/\"> fue a un choque muy fuerte con Junts, a la que acus\u00f3 de representar los intereses<\/a> \u201cde los sectores m\u00e1s rancios de la patronal espa\u00f1ola\u201d, y a veces con el PP, pero ignor\u00f3 a Vox, y eso que su portavoz, Jos\u00e9 Mar\u00eda Figaredo, fue especialmente agresivo y lleg\u00f3 a asegurar que la vicepresidenta dec\u00eda \u201cestupideces\u201d. <\/p>\n<p class=\"\">D\u00edaz defiende que lo importante es reactivar a los progresistas d\u00e1ndoles \u201cesperanza\u201d y hablando desde la ideolog\u00eda, recuperando el discurso cl\u00e1sico de la lucha de clases, como hizo el mi\u00e9rcoles en el Congreso. La discusi\u00f3n seguir\u00e1, tanto en el Ejecutivo como en el PP, porque nadie sabe bien cu\u00e1l es la f\u00f3rmula para frenar a la ultraderecha. Pero parece haber bastante consenso en que parec\u00e9rsele no es la mejor soluci\u00f3n.<\/p>\n","protected":false},"excerpt":{"rendered":"La pregunta ha recorrido buena parte de las conversaciones pol\u00edticas durante toda la semana, despu\u00e9s de que EL&hellip;\n","protected":false},"author":2,"featured_media":113676,"comment_status":"","ping_status":"","sticky":false,"template":"","format":"standard","meta":{"footnotes":""},"categories":[8],"tags":[6069,17,18,25,24,13,14,11,590,895,15398,19,20,9,10,15,16,2959,956,1699,6914,23,4453,12,21,22,4247,624],"class_list":{"0":"post-113675","1":"post","2":"type-post","3":"status-publish","4":"format-standard","5":"has-post-thumbnail","7":"category-espana","8":"tag-alberto-nunez-feijoo","9":"tag-breaking-news","10":"tag-breakingnews","11":"tag-es","12":"tag-espana","13":"tag-featured-news","14":"tag-featurednews","15":"tag-headlines","16":"tag-inmigracion","17":"tag-inmigracion-irregular","18":"tag-inmigracion-irregular-espana","19":"tag-latest-news","20":"tag-latestnews","21":"tag-news","22":"tag-noticias","23":"tag-noticias-destacadas","24":"tag-noticiasdestacadas","25":"tag-pedro-sanchez","26":"tag-pp","27":"tag-psoe","28":"tag-santiago-abascal","29":"tag-spain","30":"tag-sumar","31":"tag-titulares","32":"tag-ultimas-noticias","33":"tag-ultimasnoticias","34":"tag-ultraderecha","35":"tag-vox"},"share_on_mastodon":{"url":"","error":""},"_links":{"self":[{"href":"https:\/\/www.europesays.com\/es\/wp-json\/wp\/v2\/posts\/113675","targetHints":{"allow":["GET"]}}],"collection":[{"href":"https:\/\/www.europesays.com\/es\/wp-json\/wp\/v2\/posts"}],"about":[{"href":"https:\/\/www.europesays.com\/es\/wp-json\/wp\/v2\/types\/post"}],"author":[{"embeddable":true,"href":"https:\/\/www.europesays.com\/es\/wp-json\/wp\/v2\/users\/2"}],"replies":[{"embeddable":true,"href":"https:\/\/www.europesays.com\/es\/wp-json\/wp\/v2\/comments?post=113675"}],"version-history":[{"count":0,"href":"https:\/\/www.europesays.com\/es\/wp-json\/wp\/v2\/posts\/113675\/revisions"}],"wp:featuredmedia":[{"embeddable":true,"href":"https:\/\/www.europesays.com\/es\/wp-json\/wp\/v2\/media\/113676"}],"wp:attachment":[{"href":"https:\/\/www.europesays.com\/es\/wp-json\/wp\/v2\/media?parent=113675"}],"wp:term":[{"taxonomy":"category","embeddable":true,"href":"https:\/\/www.europesays.com\/es\/wp-json\/wp\/v2\/categories?post=113675"},{"taxonomy":"post_tag","embeddable":true,"href":"https:\/\/www.europesays.com\/es\/wp-json\/wp\/v2\/tags?post=113675"}],"curies":[{"name":"wp","href":"https:\/\/api.w.org\/{rel}","templated":true}]}}