{"id":113677,"date":"2025-09-14T04:51:15","date_gmt":"2025-09-14T04:51:15","guid":{"rendered":"https:\/\/www.europesays.com\/es\/113677\/"},"modified":"2025-09-14T04:51:15","modified_gmt":"2025-09-14T04:51:15","slug":"es-una-jugada-en-la-que-el-var-tiene","status":"publish","type":"post","link":"https:\/\/www.europesays.com\/es\/113677\/","title":{"rendered":"Es una jugada en la que el VAR tiene&#8230;"},"content":{"rendered":"<p class=\"paragraph\" id=\"paragraph_1\">El <strong>Real Madrid<\/strong> <a href=\"https:\/\/www.elespanol.com\/deportes\/futbol\/20250913\/real-madrid-mantiene-pleno-victorias-ganar-sociedad-roja-huijsen-primera-parte\/1003743923842_0.html?utm_cmp_rs=linksinline\" rel=\"nofollow noopener\" target=\"_blank\">ha conseguido su cuarta victoria consecutiva en LaLiga<\/a>. Un partido dif\u00edcil en el que el club merengue ha tenido que jugar gran parte con 10 jugadores debido a la <strong>expulsi\u00f3n de Dean Huijsen<\/strong>.<\/p>\n<p class=\"paragraph\" id=\"paragraph_2\">El central hispano-holand\u00e9s se vio en una jugada donde fue a frenar un contraataque de Mikel Oyarzabal y el \u00e1rbitro <strong>Gil Manzano<\/strong> decidi\u00f3 sacarle la <strong>tarjeta roja<\/strong> directamente.<\/p>\n<p class=\"paragraph\" id=\"paragraph_3\">Ante esta situaci\u00f3n, el ex\u00e1rbitro y tertuliano <strong>Iturralde Gonz\u00e1lez<\/strong> no ha dudado en pronunciarse al respecto y se\u00f1alar c\u00f3mo ve \u00e9l la situaci\u00f3n.<\/p>\n<p>Roja o no roja<\/p>\n<p class=\"paragraph\" id=\"paragraph_4\">Tras su<a href=\"https:\/\/www.elespanol.com\/deportes\/futbol\/20250903\/dias-xabi-alonso-banquillo-real-madrid-nuevo-modelo-deja-varios-ganadores-plantilla\/1003743909364_0.html?utm_cmp_rs=linksinline\" rel=\"nofollow noopener\" target=\"_blank\"> pleno de victorias en las tres jornadas previas<\/a> al par\u00f3n de selecciones, el <strong>Real Madrid<\/strong> retomaba el ritmo ante un duro rival: la <strong>Real Sociedad<\/strong>.<\/p>\n<p class=\"paragraph\" id=\"paragraph_5\">Con el estadio Anoeta como estadio local y <a href=\"https:\/\/www.elespanol.com\/deportes\/futbol\/20250913\/ikastola-ekintza-real-madrid-xabi-alonso-nino-sonaba-anoeta-regresa-casa-dias-despues\/1003743922472_0.html?utm_cmp_rs=linksinline\" rel=\"nofollow noopener\" target=\"_blank\">segunda casa<\/a> de <strong>Xabi Alonso<\/strong>, los Blancos sab\u00edan que ser\u00eda un partido complicado y que el conjunto Txuri-urdin no le pondr\u00eda las cosas sencillas.<\/p>\n<p><img loading=\"lazy\" decoding=\"async\" alt=\"Xabi Alonso, durante un partido con el Real Madrid.\" height=\"180\" src=\"https:\/\/www.europesays.com\/es\/wp-content\/uploads\/2025\/09\/1003743922846_258658550_320x180.jpg\" width=\"320\" data-lazy-status=\"processed\" data-lazy-info=\"remove loading item 1\"\/><\/p>\n<p class=\"paragraph\" id=\"paragraph_6\">As\u00ed, para el partido, Alonso decidi\u00f3 confiar en Courtois, Carreras, Carvajal y <strong>Huijsen<\/strong> y Militao como pareja de centrales. El centro del campo estar\u00eda a cargo de Tchouameni, Dani Ceballos y Arda Guler mientras la delantera la completaban Vinicius, <a href=\"https:\/\/www.elespanol.com\/deportes\/futbol\/20250907\/mbappe-desvela-primera-impresion-xabi-alonso-ves-alguien-quiere\/1003743914773_0.html?utm_cmp_rs=linksinline\" rel=\"nofollow noopener\" target=\"_blank\">Mbapp\u00e9 <\/a>y Brahim D\u00edaz.<\/p>\n<p class=\"paragraph\" id=\"paragraph_7\">Una vez m\u00e1s el entrenador rotaba y manten\u00eda solo como titulares a Courtois, Carreras, Huijsen y Mbapp\u00e9 durante los cuatro partidos ligueros. Esto hac\u00eda denotar la gran confianza que tiene Xabi en estos jugadores para sus alineaciones.<\/p>\n<p class=\"paragraph\" id=\"paragraph_8\">De tal manera, el pitido inicial marc\u00f3 el arranque del partido y a los 12 minutos Kylian Mbapp\u00e9 consegu\u00eda adelantar al Real Madrid. El franc\u00e9s demostraba la buena forma en la que se encuentra y pon\u00eda al conjunto merengue por delante en el marcador.<\/p>\n<p class=\"paragraph\" id=\"paragraph_9\">No obstante, 20 minutos despu\u00e9s llegar\u00eda la jugada pol\u00e9mica. Un defensor de la Real Sociedad despejaba el bal\u00f3n y le llegaba a <strong>Mikel Oyarzabal<\/strong>, el delantero lideraba un contraataque hacia el \u00e1rea del Real Madrid.<\/p>\n<p><img decoding=\"async\" alt=\"Jes\u00fas Gil Manzano arbitrando el encuentro entre el Mallorca y el Bar\u00e7a la temporada pasada.\" height=\"180\" loading=\"lazy\" width=\"320\" data-lazy-status=\"processed\" id=\"070eec9ccb\" src=\"https:\/\/www.elespanol.com\/deportes\/20250913\/exarbitro-tajante-tarjeta-roja-huijsen-real-sociedad-real-madrid-jugada-var\/[\" https:=\"\" data-lazy-info=\"changed src\"\/><\/p>\n<p class=\"paragraph\" id=\"paragraph_10\">En su carrera llega <strong>Dean Huijsen, el cual le roba el bal\u00f3n y el delantero de la Real cae al suelo<\/strong>. M\u00e1s adelante en la defensa se encontraba Militao cubriendo el \u00e1rea madridista.<\/p>\n<p class=\"paragraph\" id=\"paragraph_11\">La decisi\u00f3n del \u00e1rbitro Gil Manzano fue clara: <strong>tarjeta roja<\/strong> y Dean Huijsen se perd\u00eda el resto del partido. El Real Madrid jugar\u00eda con 10 m\u00e1s de 60 minutos.<\/p>\n<p class=\"paragraph\" id=\"paragraph_12\">Finalmente en el minuto 44, Arda Guler anot\u00f3 el 0-2 a pase de Mbapp\u00e9 mientras que Oyarzabal recort\u00f3 en el marcador en el minuto 56 de penalti. A pesar de los esfuerzos de ambos equipos, el resultado se qued\u00f3 en 1-2.<\/p>\n<p class=\"paragraph\" id=\"paragraph_13\">Sin embargo, la imagen de <a href=\"https:\/\/www.elespanol.com\/deportes\/futbol\/20250913\/real-madrid-harta-errores-arbitrales-elevara-queja-fifa-temporada-anterior\/1003743923881_0.html?utm_cmp_rs=linksinline\" rel=\"nofollow noopener\" target=\"_blank\">la expulsi\u00f3n de Huijsen ha generado especial pol\u00e9mica<\/a> y por ello el \u00e1rbitro <strong>Iturralde Gonz\u00e1lez<\/strong> en Carrusel Deportivo se ha encargado de explicarla.<\/p>\n<p><img decoding=\"async\" alt=\"Jes\u00e9 Rodr\u00edguez\" height=\"180\" loading=\"lazy\" width=\"320\" data-lazy-status=\"processed\" id=\"314af90dfd\" src=\"https:\/\/www.elespanol.com\/deportes\/20250913\/exarbitro-tajante-tarjeta-roja-huijsen-real-sociedad-real-madrid-jugada-var\/[\" https:=\"\" data-lazy-info=\"changed src\"\/><\/p>\n<p class=\"paragraph\" id=\"paragraph_14\">\u00abNo podemos jugar con el tema de las perspectivas. El \u00e1rbitro, cuando est\u00e1 ah\u00ed abajo, ve algo totalmente diferente a lo que ves t\u00fa o yo. <strong>Ah\u00ed no le culpo de nada, no digo que sea un error de Gil Manzano<\/strong>, porque desde su perspectiva puede parecer que llegaba claro a meter gol\u00bb, afirmaba Iturralde.<\/p>\n<p class=\"paragraph\" id=\"paragraph_15\">El excolegiado era claro al se\u00f1alar responsabilidad: \u00abPara m\u00ed, <strong>es m\u00e1s culpa de Jorge Figueroa, que est\u00e1 en el VAR<\/strong>, y no le dice: \u2018Muy bien tu perspectiva desde abajo, pero ven a verla en cenital y ves d\u00f3nde est\u00e1 Militao, que la jugada del gol est\u00e1 a 50 metros\u2019\u00bb.<\/p>\n<p class=\"paragraph\" id=\"paragraph_16\">\u00abPara m\u00ed <strong>es una jugada en la que el VAR le tiene que llamar<\/strong>, y luego que Gil Manzano decida con la perspectiva cenital: d\u00f3nde est\u00e1 un jugador, d\u00f3nde est\u00e1 el otro, d\u00f3nde est\u00e1 el bal\u00f3n&#8230;\u00bb, indicaba el tertuliano.<\/p>\n<p class=\"paragraph\" id=\"paragraph_17\">Adem\u00e1s, el ex\u00e1rbitro tambi\u00e9n se posicion\u00f3 en contra de aquellos que quieren enviar al VAR a un segundo nivel y defendi\u00f3 su uso siempre que sea necesario.<\/p>\n<p><img decoding=\"async\" alt=\"Mbapp\u00e9 tapa la boca a Vinicius tras su gol contra el Oviedo\" height=\"180\" loading=\"lazy\" width=\"320\" data-lazy-status=\"processed\" id=\"c3d5e25626\" src=\"https:\/\/www.elespanol.com\/deportes\/20250913\/exarbitro-tajante-tarjeta-roja-huijsen-real-sociedad-real-madrid-jugada-var\/[\" https:=\"\" data-lazy-info=\"changed src\"\/><\/p>\n<p class=\"paragraph\" id=\"paragraph_18\">\u00abAh\u00ed dijo Xavi Hern\u00e1ndez: \u2018Tiene que entrar menos el VAR\u2019. \u00bfPor qu\u00e9? El <strong>VAR<\/strong> tiene que entrar cuando tiene que entrar. Es un mensaje muy peligroso el que se ha mandado desde principio de temporada: \u2018Vamos a usar menos el VAR\u2019. Pues no, el VAR tiene que entrar cuando tiene que entrar\u00bb, afirmaba.<\/p>\n","protected":false},"excerpt":{"rendered":"El Real Madrid ha conseguido su cuarta victoria consecutiva en LaLiga. Un partido dif\u00edcil en el que el&hellip;\n","protected":false},"author":2,"featured_media":113678,"comment_status":"","ping_status":"","sticky":false,"template":"","format":"standard","meta":{"footnotes":""},"categories":[5],"tags":[12572,17,18,168,25,24,13,14,282,11,2918,19,20,9,10,15,16,7792,17079,23,12,21,22],"class_list":{"0":"post-113677","1":"post","2":"type-post","3":"status-publish","4":"format-standard","5":"has-post-thumbnail","7":"category-titulares","8":"tag-arbitros","9":"tag-breaking-news","10":"tag-breakingnews","11":"tag-deportes","12":"tag-es","13":"tag-espana","14":"tag-featured-news","15":"tag-featurednews","16":"tag-futbol","17":"tag-headlines","18":"tag-la-liga","19":"tag-latest-news","20":"tag-latestnews","21":"tag-news","22":"tag-noticias","23":"tag-noticias-destacadas","24":"tag-noticiasdestacadas","25":"tag-real-madrid-cf","26":"tag-soft","27":"tag-spain","28":"tag-titulares","29":"tag-ultimas-noticias","30":"tag-ultimasnoticias"},"share_on_mastodon":{"url":"","error":""},"_links":{"self":[{"href":"https:\/\/www.europesays.com\/es\/wp-json\/wp\/v2\/posts\/113677","targetHints":{"allow":["GET"]}}],"collection":[{"href":"https:\/\/www.europesays.com\/es\/wp-json\/wp\/v2\/posts"}],"about":[{"href":"https:\/\/www.europesays.com\/es\/wp-json\/wp\/v2\/types\/post"}],"author":[{"embeddable":true,"href":"https:\/\/www.europesays.com\/es\/wp-json\/wp\/v2\/users\/2"}],"replies":[{"embeddable":true,"href":"https:\/\/www.europesays.com\/es\/wp-json\/wp\/v2\/comments?post=113677"}],"version-history":[{"count":0,"href":"https:\/\/www.europesays.com\/es\/wp-json\/wp\/v2\/posts\/113677\/revisions"}],"wp:featuredmedia":[{"embeddable":true,"href":"https:\/\/www.europesays.com\/es\/wp-json\/wp\/v2\/media\/113678"}],"wp:attachment":[{"href":"https:\/\/www.europesays.com\/es\/wp-json\/wp\/v2\/media?parent=113677"}],"wp:term":[{"taxonomy":"category","embeddable":true,"href":"https:\/\/www.europesays.com\/es\/wp-json\/wp\/v2\/categories?post=113677"},{"taxonomy":"post_tag","embeddable":true,"href":"https:\/\/www.europesays.com\/es\/wp-json\/wp\/v2\/tags?post=113677"}],"curies":[{"name":"wp","href":"https:\/\/api.w.org\/{rel}","templated":true}]}}