{"id":113681,"date":"2025-09-14T04:56:08","date_gmt":"2025-09-14T04:56:08","guid":{"rendered":"https:\/\/www.europesays.com\/es\/113681\/"},"modified":"2025-09-14T04:56:08","modified_gmt":"2025-09-14T04:56:08","slug":"elina-avanesyan-anuncia-la-enfermedad-que-ha-sufrido-en-2025","status":"publish","type":"post","link":"https:\/\/www.europesays.com\/es\/113681\/","title":{"rendered":"Elina Avanesyan anuncia la enfermedad que ha sufrido en 2025"},"content":{"rendered":"<p class=\"quota-display text-align-center\">\n        <a href=\"https:\/\/www.puntodebreak.com\/MDBA-B3-PDB-QUOTA-25\" rel=\"sponsored nofollow noopener\" title=\"Apuesta en bet365\" target=\"_blank\"><\/p>\n<p>            <img decoding=\"async\" alt=\"Bet365\" class=\"bet-logo lazyload\" loading=\"lazy\" src=\"https:\/\/www.europesays.com\/es\/wp-content\/uploads\/2025\/09\/1757458332_421_b365.jpg\"\/>Streaming WTA Caldas Da Rainha en directo<\/p>\n<p> \ud83c\udfbe Alice Robbe vs Ekaterina Ovcharenko<\/p>\n<ol class=\"stream-card__steps\">\n<li>Entra aqu\u00ed y reg\u00edstrate en Bet365<\/li>\n<li>Haz tu primer dep\u00f3sito de m\u00ednimo 5\u00a0\u20ac<\/li>\n<li>Entra en la secci\u00f3n \u00abDirecto\u00bb y ve todos los partidos<\/li>\n<\/ol>\n<p>\n                                Ver partido en Bet365\n                            <\/p>\n<p>        <\/a>\n      <\/p>\n<p class=\"text-align-justify\" data-pm-slice=\"1 1 []\" data-prosemirror-content-type=\"node\" data-prosemirror-node-block=\"true\" data-prosemirror-node-name=\"paragraph\">Quiz\u00e1 muchas personas se est\u00e1n preguntando qu\u00e9 hace ahora mismo <strong>Elina Avanesyan <\/strong>fuera del top100, una jugadora que termin\u00f3 la pasada temporada cerca del top40 con una tendencia muy clara a seguir ascendiendo en el ranking, o al menos a mantenerse en ese escal\u00f3n. Con embargo, este curso no le ha tra\u00eddo ninguna alegr\u00eda a la tenista armenia de 22 a\u00f1os, con un balance de 12-15 despu\u00e9s de nueve meses y muchas dudas sobre su rendimiento. Hoy Elina por fin se ha atrevido a comunicar en redes sociales cu\u00e1l es el problema que viene sufriendo desde marzo, la enfermedad que le ha impedido sacar su mejor nivel en la \u00e9poca reciente: la maldita <strong>mononucleosis<\/strong>. Aqu\u00ed debajo os dejamos el texto de la jugadora, quien necesitaba liberarse de esa presi\u00f3n cont\u00e1ndole al mundo la verdad de su caso.<\/p>\n<blockquote class=\"twitter-tweet\">\n<p dir=\"ltr\" lang=\"en\" xml:lang=\"en\">Hi everyone,<\/p>\n<p>I wanted to take a moment to share something more personal with you all, because these past months have been very challenging for me.<\/p>\n<p>Back in March, I was diagnosed with mononucleosis. At first I didn\u2019t fully realize how much it would affect me, but soon I was\u2026<\/p>\n<p>\u2014 Elina Avanesyan (@ElinaaAvanesyan) <a href=\"https:\/\/twitter.com\/ElinaaAvanesyan\/status\/1966799570265854075?ref_src=twsrc%5Etfw\" rel=\"nofollow noopener\" target=\"_blank\">September 13, 2025<\/a><\/p><\/blockquote>\n<p><script async src=\"https:\/\/platform.twitter.com\/widgets.js\" charset=\"utf-8\"><\/script><\/p>\n","protected":false},"excerpt":{"rendered":"Streaming WTA Caldas Da Rainha en directo \ud83c\udfbe Alice Robbe vs Ekaterina Ovcharenko Entra aqu\u00ed y reg\u00edstrate en&hellip;\n","protected":false},"author":2,"featured_media":113682,"comment_status":"","ping_status":"","sticky":false,"template":"","format":"standard","meta":{"footnotes":""},"categories":[274],"tags":[168,25,24,23,167,327,326],"class_list":{"0":"post-113681","1":"post","2":"type-post","3":"status-publish","4":"format-standard","5":"has-post-thumbnail","7":"category-tenis","8":"tag-deportes","9":"tag-es","10":"tag-espana","11":"tag-spain","12":"tag-sports","13":"tag-tenis","14":"tag-tennis"},"share_on_mastodon":{"url":"","error":""},"_links":{"self":[{"href":"https:\/\/www.europesays.com\/es\/wp-json\/wp\/v2\/posts\/113681","targetHints":{"allow":["GET"]}}],"collection":[{"href":"https:\/\/www.europesays.com\/es\/wp-json\/wp\/v2\/posts"}],"about":[{"href":"https:\/\/www.europesays.com\/es\/wp-json\/wp\/v2\/types\/post"}],"author":[{"embeddable":true,"href":"https:\/\/www.europesays.com\/es\/wp-json\/wp\/v2\/users\/2"}],"replies":[{"embeddable":true,"href":"https:\/\/www.europesays.com\/es\/wp-json\/wp\/v2\/comments?post=113681"}],"version-history":[{"count":0,"href":"https:\/\/www.europesays.com\/es\/wp-json\/wp\/v2\/posts\/113681\/revisions"}],"wp:featuredmedia":[{"embeddable":true,"href":"https:\/\/www.europesays.com\/es\/wp-json\/wp\/v2\/media\/113682"}],"wp:attachment":[{"href":"https:\/\/www.europesays.com\/es\/wp-json\/wp\/v2\/media?parent=113681"}],"wp:term":[{"taxonomy":"category","embeddable":true,"href":"https:\/\/www.europesays.com\/es\/wp-json\/wp\/v2\/categories?post=113681"},{"taxonomy":"post_tag","embeddable":true,"href":"https:\/\/www.europesays.com\/es\/wp-json\/wp\/v2\/tags?post=113681"}],"curies":[{"name":"wp","href":"https:\/\/api.w.org\/{rel}","templated":true}]}}