{"id":113691,"date":"2025-09-14T05:03:24","date_gmt":"2025-09-14T05:03:24","guid":{"rendered":"https:\/\/www.europesays.com\/es\/113691\/"},"modified":"2025-09-14T05:03:24","modified_gmt":"2025-09-14T05:03:24","slug":"las-memorias-del-rey-emerito-juan-carlos-i-veran-la-luz-la-primera-semana-de-diciembre","status":"publish","type":"post","link":"https:\/\/www.europesays.com\/es\/113691\/","title":{"rendered":"Las memorias del rey em\u00e9rito Juan Carlos I ver\u00e1n la luz la primera semana de diciembre"},"content":{"rendered":"<p class=\"paragraph\" id=\"paragraph_1\">Las memorias del rey em\u00e9rito <strong>Juan Carlos I<\/strong> ver\u00e1n la luz la primera semana de diciembre de 2025, seg\u00fan han confirmado a El Cultural fuentes de la editorial Planeta, el sello encargado de su lanzamiento. <strong>Reconciliaci\u00f3n<\/strong>, as\u00ed se llamar\u00e1 la obra, ha sido transcrita por la escritora\u00a0<strong>Laurence Debray<\/strong>.\u00a0<\/p>\n<p class=\"paragraph\" data-mrf-recirculation=\"links-parrafos\" id=\"paragraph_2\">Tras casi cuarenta a\u00f1os de reinado y m\u00e1s de una d\u00e9cada despu\u00e9s de su abdicaci\u00f3n,\u00a0Juan Carlos I\u00a0ha decidido contar su historia. En este libro\u00a0sale al paso de tanta informaci\u00f3n publicada desde su exilio en Abu Dabi \u2013donaciones a Corinna, presuntas mordidas por negocios en pa\u00edses \u00e1rabes&#8230;\u2013, consciente de que <strong>\u00ab<\/strong><strong>los propios errores han acabado por ensombrecer su trayectoria\u00bb<\/strong>, tal y como anunci\u00f3 la editorial en un comunicado el pasado 30 de junio.\u00a0<\/p>\n<p class=\"paragraph\" data-mrf-recirculation=\"links-parrafos\" id=\"paragraph_3\">Reconciliaci\u00f3n\u00a0viene \u00aba reparar esa situaci\u00f3n\u00bb, aseguraban desde Planeta. Am\u00e9n de \u00absus aportaciones fundamentales al \u00e9xito de la democracia espa\u00f1ola\u00bb, esta obra es, seg\u00fan la editorial, \u00abun acontecimiento hist\u00f3rico\u00bb, pues \u00abrelata en detalle\u00a0<strong>la parte privada de una vida p\u00fablica<\/strong>\u00ab.<\/p>\n<p><img loading=\"lazy\" decoding=\"async\" alt=\"Marc Colell recibiendo el premio esta ma\u00f1ana en el Caf\u00e9 Gij\u00f3n. Foto: Gabriel Lavao\" height=\"180\" src=\"https:\/\/www.europesays.com\/es\/wp-content\/uploads\/2025\/09\/1003743922644_258654460_320x180.jpg\" width=\"320\" data-lazy-status=\"processed\" data-lazy-info=\"remove loading item 1\"\/><\/p>\n<p class=\"paragraph\" data-gtm-vis-first-on-screen1664348_107=\"13033\" data-gtm-vis-first-on-screen1664348_111=\"13028\" data-gtm-vis-has-fired1664348_107=\"1\" data-gtm-vis-has-fired1664348_111=\"1\" data-gtm-vis-recent-on-screen1664348_107=\"13033\" data-gtm-vis-recent-on-screen1664348_111=\"13028\" data-gtm-vis-total-visible-time1664348_107=\"100\" data-gtm-vis-total-visible-time1664348_111=\"100\" data-mrf-recirculation=\"links-parrafos\" id=\"paragraph_4\">\u00abSon\u00a0<strong>unas memorias ricas en an\u00e9cdotas que no eluden los episodios m\u00e1s significativos<\/strong>\u00a0de nuestra historia reciente, pero tampoco las alegr\u00edas ni los malos momentos de su vida \u00edntima y personal\u00bb, rezaba el comunicado de Planeta, que considera que la obra est\u00e1\u00a0<strong>\u00abescrita a coraz\u00f3n abierto y sin concesiones\u00bb<\/strong>.<\/p>\n<p>El recorrido empieza en \u00abun pa\u00eds inmerso en una guerra cainita\u00bb y con un joven Juan Carlos sujeto a\u00a0<strong>\u00abun destino que no le pertenece\u00bb<\/strong>. Sin embargo, \u00abpaso a paso, eludiendo mil complots y gan\u00e1ndose la confianza de unos y otros, acaba convirti\u00e9ndose en el actor principal de la transformaci\u00f3n radical de Espa\u00f1a en el estado moderno y pr\u00f3spero que es hoy\u00bb, aseguraban desde la editorial.<\/p>\n<p><img decoding=\"async\" alt=\"\" height=\"2596\" loading=\"lazy\" width=\"1706\" data-lazy-status=\"processed\" id=\"f661a484af\" src=\"https:\/\/www.elespanol.com\/el-cultural\/letras\/20250912\/memorias-rey-emerito-juan-carlos-veran-luz-primera-semana-diciembre\/[\" https:=\"\" data-lazy-info=\"changed src\"\/><\/p>\n<p>Reconciliaci\u00f3n\u00a0navega entre los dos exilios que marcan el principio y final de su vida \u2014el obligado, en Estoril, y el voluntario, en Abu Dabi\u2014 y por ella transitan muchos de los protagonistas m\u00e1s destacados de la historia contempor\u00e1nea.\u00a0<strong>\u00abNo tengo derecho a llorar\u00bb<\/strong>, dice el monarca. \u00abPero tiene derecho a buscar su anhelada reconciliaci\u00f3n con el pa\u00eds que tanto ama y a\u00f1ora\u00bb, apostilla la editorial en su comunicado.<\/p>\n<p class=\"paragraph\" data-gtm-vis-first-on-screen1664348_109=\"13811\" data-gtm-vis-has-fired1664348_109=\"1\" data-gtm-vis-recent-on-screen1664348_109=\"13811\" data-gtm-vis-total-visible-time1664348_109=\"100\" data-mrf-recirculation=\"links-parrafos\" id=\"paragraph_7\">Planeta ha tenido a bien incluir\u00a0<strong>un p\u00e1rrafo contenido en su autobiograf\u00eda<\/strong>: \u00abMi padre siempre me aconsej\u00f3 que no escribiera mis memorias. Los reyes no se confiesan. Y menos, p\u00fablicamente. Sus secretos permanecen sepultados en la penumbra de los palacios. \u00bfPor qu\u00e9 le desobedezco hoy? \u00bfPor qu\u00e9 he cambiado de opini\u00f3n? Porque <strong>siento que me roban mi historia<\/strong>\u00ab.<\/p>\n<p class=\"paragraph\" data-mrf-recirculation=\"links-parrafos\" id=\"paragraph_8\">Esa historia tiene, desde luego, mucha enjundia. Elegido por el dictador Francisco Franco para que liderara Espa\u00f1a tras su muerte, en 1975 Juan Carlos I apost\u00f3 decididamente por una democracia parlamentaria en nuestro pa\u00eds. Cuando el <strong>23 de febrero de 1981<\/strong> fue puesta en riesgo por unos militares rebeldes, compareci\u00f3 p\u00fablicamente en una retransmisi\u00f3n hist\u00f3rica para ordenar el fin del golpe de Estado.<\/p>\n<p class=\"paragraph\" data-mrf-recirculation=\"links-parrafos\" id=\"paragraph_9\">Su popularidad creci\u00f3 desde entonces y se prolong\u00f3 durante d\u00e9cadas. El m\u00edtico <strong>\u00ab\u00bfPor qu\u00e9 no te callas?\u00bb<\/strong> que le espet\u00f3 al expresidente venezolano Hugo Chaves en una\u00a0Cumbre Iberoamericana de 2007, en Santiago de Chile, consolid\u00f3 su imagen.<\/p>\n<p><img decoding=\"async\" alt=\"Luis Garc\u00eda Montero, director del Instituto Cervantes, durante un acto p\u00fablico en febrero de 2025. Foto: Matias Chiofalo \/ Europa Press\" height=\"180\" loading=\"lazy\" width=\"320\" data-lazy-status=\"processed\" id=\"15c0723d4d\" src=\"https:\/\/www.elespanol.com\/el-cultural\/letras\/20250912\/memorias-rey-emerito-juan-carlos-veran-luz-primera-semana-diciembre\/[\" https:=\"\" data-lazy-info=\"changed src\"\/><\/p>\n<p class=\"paragraph\" data-mrf-recirculation=\"links-parrafos\" id=\"paragraph_5\">Sin embargo, la corrupci\u00f3n empez\u00f3 a acorralarlo al principio de la segunda d\u00e9cada de este siglo. El\u00a0<strong>caso N\u00f3os<\/strong>, que implicaba a su entonces yerno, I\u00f1aki Urdangar\u00edn, precipit\u00f3 su abdicaci\u00f3n en 2014, pero result\u00f3 ser poco m\u00e1s que la punta del iceberg.<\/p>\n<p class=\"paragraph\" data-mrf-recirculation=\"links-parrafos\" id=\"paragraph_6\">Tras dejar el trono a su hijo, Felipe VI, los esc\u00e1ndalos se\u00f1alaban directamente al rey em\u00e9rito. Las donaciones a la empresaria alemana\u00a0<strong>Corinna Larsen<\/strong>, los presuntos ama\u00f1os en las obras del\u00a0AVE La Meca-Medina y la filtraci\u00f3n de las conversaciones con la exvedette\u00a0<strong>B\u00e1rbara Rey<\/strong>\u00a0han sido algunas de las controversias m\u00e1s sonadas de los \u00faltimos a\u00f1os.\u00a0<\/p>\n","protected":false},"excerpt":{"rendered":"Las memorias del rey em\u00e9rito Juan Carlos I ver\u00e1n la luz la primera semana de diciembre de 2025,&hellip;\n","protected":false},"author":2,"featured_media":113692,"comment_status":"","ping_status":"","sticky":false,"template":"","format":"standard","meta":{"footnotes":""},"categories":[172],"tags":[224,146,147,25,24,30564,5131,225,16683,23],"class_list":{"0":"post-113691","1":"post","2":"type-post","3":"status-publish","4":"format-standard","5":"has-post-thumbnail","7":"category-libros","8":"tag-books","9":"tag-entertainment","10":"tag-entretenimiento","11":"tag-es","12":"tag-espana","13":"tag-grupo-planeta","14":"tag-letras","15":"tag-libros","16":"tag-memorias","17":"tag-spain"},"share_on_mastodon":{"url":"","error":""},"_links":{"self":[{"href":"https:\/\/www.europesays.com\/es\/wp-json\/wp\/v2\/posts\/113691","targetHints":{"allow":["GET"]}}],"collection":[{"href":"https:\/\/www.europesays.com\/es\/wp-json\/wp\/v2\/posts"}],"about":[{"href":"https:\/\/www.europesays.com\/es\/wp-json\/wp\/v2\/types\/post"}],"author":[{"embeddable":true,"href":"https:\/\/www.europesays.com\/es\/wp-json\/wp\/v2\/users\/2"}],"replies":[{"embeddable":true,"href":"https:\/\/www.europesays.com\/es\/wp-json\/wp\/v2\/comments?post=113691"}],"version-history":[{"count":0,"href":"https:\/\/www.europesays.com\/es\/wp-json\/wp\/v2\/posts\/113691\/revisions"}],"wp:featuredmedia":[{"embeddable":true,"href":"https:\/\/www.europesays.com\/es\/wp-json\/wp\/v2\/media\/113692"}],"wp:attachment":[{"href":"https:\/\/www.europesays.com\/es\/wp-json\/wp\/v2\/media?parent=113691"}],"wp:term":[{"taxonomy":"category","embeddable":true,"href":"https:\/\/www.europesays.com\/es\/wp-json\/wp\/v2\/categories?post=113691"},{"taxonomy":"post_tag","embeddable":true,"href":"https:\/\/www.europesays.com\/es\/wp-json\/wp\/v2\/tags?post=113691"}],"curies":[{"name":"wp","href":"https:\/\/api.w.org\/{rel}","templated":true}]}}