{"id":113693,"date":"2025-09-14T05:09:09","date_gmt":"2025-09-14T05:09:09","guid":{"rendered":"https:\/\/www.europesays.com\/es\/113693\/"},"modified":"2025-09-14T05:09:09","modified_gmt":"2025-09-14T05:09:09","slug":"bad-bunny-termina-su-residencia-en-puerto-rico-y-fue-todo-un-exito-para-la-isla-el-pais-expres","status":"publish","type":"post","link":"https:\/\/www.europesays.com\/es\/113693\/","title":{"rendered":"Bad Bunny termina su residencia en Puerto Rico, y fue todo un \u00e9xito para la isla | El PA\u00cdS Expr\u00e9s"},"content":{"rendered":"<p><img fetchpriority=\"high\" alt=\"Color previo al concierto de BAD BUNNY en San Juan, Puerto Rico el 4 de septiembre del 2025.\" decoding=\"auto\" class=\"_re  a_m-h\" height=\"414\"  width=\"414\"  src=\"https:\/\/www.europesays.com\/es\/wp-content\/uploads\/2025\/09\/WRUMKT3IKFAQLDJKK4ZUC6YX7M.jpg\" loading=\"eager\"\/>Color previo al concierto de BAD BUNNY en San Juan, Puerto Rico el 4 de septiembre del 2025.Foto: Jaydee Lee<\/p>\n<p class=\"\">Bad Bunny ha logrado que su residencia en Puerto Rico se convirtiera en el evento cultural m\u00e1s comentado del a\u00f1o.<\/p>\n<p class=\"\"><b>M\u00e1s de 450.000 personas han asistido a sus shows.<\/b> El impacto econ\u00f3mico en la isla ronda los 300 millones de euros, sin contar otros ingresos imposibles de contabilizar, como las propinas a los camareros, los vendedores ambulantes fuera del coliseo\u2026<\/p>\n<p class=\"\"><b>En estos tres meses, fueron muchos los famosos que pasaron por su escenario.<\/b> Deportistas como Mbapp\u00e9 o Lebr\u00f3n James, o actores como Ana de Armas, Paco Le\u00f3n, Benicio del Toro, Javier Bardem y Pen\u00e9lope Cruz.<\/p>\n<ul>\n<li>M\u00e1s de 30 cantantes cantaron con \u00e9l, la gran mayor\u00eda de ellos puertorrique\u00f1os, como Residente o Ra\u00fal Alejandro. <\/li>\n<\/ul>\n<p class=\"\"><b>\u00bfY ahora qu\u00e9 va a pasar?<\/b> Empieza la gira mundial. Llevar\u00e1 el espect\u00e1culo a unas 50 ciudades, con m\u00e1s de dos millones y medio de entradas vendidas. En Espa\u00f1a parar\u00e1 en Madrid y Barcelona, cuyas fechas est\u00e1n ya agotadas. <\/p>\n<p class=\"\"><b>Hay un lugar que decidi\u00f3 no pisar\u2026 <\/b>Estados Unidos, por miedo a las redadas migratorias que se est\u00e1n llevando a cabo de manera indiscriminada entre la poblaci\u00f3n latina.<\/p>\n<p class=\"\">\u00a9Foto: Jaydee Lee<\/p>\n<p class=\"\"><a href=\"https:\/\/elpais.com\/us\/entretenimiento\/2025-09-13\/bad-bunny-un-amuleto-millonario-para-la-economia-puertorriquena.html\" target=\"_self\" rel=\"nofollow noopener\" title=\"https:\/\/elpais.com\/us\/entretenimiento\/2025-09-13\/bad-bunny-un-amuleto-millonario-para-la-economia-puertorriquena.html\">Si quieres saber m\u00e1s, puedes leer aqu\u00ed.<\/a><\/p>\n","protected":false},"excerpt":{"rendered":"Color previo al concierto de BAD BUNNY en San Juan, Puerto Rico el 4 de septiembre del 2025.Foto:&hellip;\n","protected":false},"author":2,"featured_media":113694,"comment_status":"","ping_status":"","sticky":false,"template":"","format":"standard","meta":{"footnotes":""},"categories":[91],"tags":[889,1282,30234,208,209,95,146,147,25,24,629,1804,185,2247,38457,23,4664],"class_list":{"0":"post-113693","1":"post","2":"type-post","3":"status-publish","4":"format-standard","5":"has-post-thumbnail","7":"category-entretenimiento","8":"tag-america","9":"tag-bad-bunny","10":"tag-caribe","11":"tag-conciertos","12":"tag-cultura","13":"tag-economia","14":"tag-entertainment","15":"tag-entretenimiento","16":"tag-es","17":"tag-espana","18":"tag-estados-unidos","19":"tag-latinoamerica","20":"tag-musica","21":"tag-puerto-rico","22":"tag-san-juan-puerto-rico","23":"tag-spain","24":"tag-turismo"},"share_on_mastodon":{"url":"","error":""},"_links":{"self":[{"href":"https:\/\/www.europesays.com\/es\/wp-json\/wp\/v2\/posts\/113693","targetHints":{"allow":["GET"]}}],"collection":[{"href":"https:\/\/www.europesays.com\/es\/wp-json\/wp\/v2\/posts"}],"about":[{"href":"https:\/\/www.europesays.com\/es\/wp-json\/wp\/v2\/types\/post"}],"author":[{"embeddable":true,"href":"https:\/\/www.europesays.com\/es\/wp-json\/wp\/v2\/users\/2"}],"replies":[{"embeddable":true,"href":"https:\/\/www.europesays.com\/es\/wp-json\/wp\/v2\/comments?post=113693"}],"version-history":[{"count":0,"href":"https:\/\/www.europesays.com\/es\/wp-json\/wp\/v2\/posts\/113693\/revisions"}],"wp:featuredmedia":[{"embeddable":true,"href":"https:\/\/www.europesays.com\/es\/wp-json\/wp\/v2\/media\/113694"}],"wp:attachment":[{"href":"https:\/\/www.europesays.com\/es\/wp-json\/wp\/v2\/media?parent=113693"}],"wp:term":[{"taxonomy":"category","embeddable":true,"href":"https:\/\/www.europesays.com\/es\/wp-json\/wp\/v2\/categories?post=113693"},{"taxonomy":"post_tag","embeddable":true,"href":"https:\/\/www.europesays.com\/es\/wp-json\/wp\/v2\/tags?post=113693"}],"curies":[{"name":"wp","href":"https:\/\/api.w.org\/{rel}","templated":true}]}}