{"id":113695,"date":"2025-09-14T05:10:07","date_gmt":"2025-09-14T05:10:07","guid":{"rendered":"https:\/\/www.europesays.com\/es\/113695\/"},"modified":"2025-09-14T05:10:07","modified_gmt":"2025-09-14T05:10:07","slug":"la-reaccion-del-director-ejecutivo-de-apple-al-ver-el-watch-ultra-por-primera-vez-que-se-ha-hecho-viral-en-redes","status":"publish","type":"post","link":"https:\/\/www.europesays.com\/es\/113695\/","title":{"rendered":"La reacci\u00f3n del director ejecutivo de Apple al ver el Watch Ultra por primera vez que se ha hecho viral en redes"},"content":{"rendered":"<p class=\"\">El <b>Apple Keynote 2025<\/b> nos ha mostrado los \u00faltimos productos de la compa\u00f1\u00eda de Cupertino, con los fan\u00e1ticos de la marca esperando con ansias todas las novedades que les aportar\u00e1n los nuevos dispositivos. Uno de los m\u00e1s destacadas es el nuevo <a href=\"https:\/\/as.com\/meristation\/betech\/todo-sobre-el-nuevo-apple-watch-series-11-y-ultra-3-apple-vuelve-a-centrar-todo-en-la-salud-n\/\" target=\"_blank\" rel=\"noreferrer nofollow noopener\" title=\"https:\/\/as.com\/meristation\/betech\/todo-sobre-el-nuevo-apple-watch-series-11-y-ultra-3-apple-vuelve-a-centrar-todo-en-la-salud-n\/\"><b>Apple Watch Ultra 3<\/b><\/a>, y un v\u00eddeo que se ha hecho viral nos muestra al mism\u00edsimo <b>Tim Cook<\/b>, director ejecutivo de Apple, reaccionando a este nuevo modelo de Apple Watch.<\/p>\n<p class=\"\">Un v\u00eddeo en el que podemos ver a un Tim Cook que parece haber visto por primera vez el Apple Watch Ultra 3, para <b>sorpresa <\/b>de los all\u00ed presentes y tambi\u00e9n todos aquellos que han podido ver el v\u00eddeo. No han tardado en aparecer comentarios de todo tipo en Internet con algunos imaginando que, al verlo, Cook pensar\u00e1 que \u201cmaldita sea, se parece a los dos \u00faltimos modelos\u201d.<\/p>\n<p>Un nuevo modelo que no parece sorprender al director ejecutivo de Apple<\/p>\n<p class=\"\">Tim Cook no parece sorprendido de primeras, y es que el Apple Watch Ultra 3 parece una versi\u00f3n visualmente id\u00e9ntica que su antecesor, pero a\u00f1ade cambios tanto en su <b>procesador<\/b> como en nuevos <b>sensores de salud<\/b> y una mejor <b>conectividad<\/b>.<\/p>\n<p class=\"\">Un nuevo reloj de Apple que aumenta las dimensiones de su pantalla, cuenta con una caja de titanio m\u00e1s resistente que en modelos previos, y logra una autonom\u00eda de hasta 42 horas. Novedades que no se ven a simple vista, y que Tim Cook tendr\u00e1 claro lo importantes que son para el nuevo Apple Watch Ultra 3.<\/p>\n<p>Noticias relacionadas<\/p>\n<p class=\"\">Suscr\u00edbete al <a href=\"https:\/\/www.youtube.com\/@meristation\" target=\"_self\" rel=\"nofollow noopener\" title=\"https:\/\/www.youtube.com\/@meristation\">canal de MeriStation en YouTube<\/a>, tu web de videojuegos y entretenimiento para conocer todas las noticias y novedades sobre el mundo del videojuego, cine, series, manga y anime. An\u00e1lisis, entrevistas, tr\u00e1ileres, gameplays, p\u00f3dcast y mucho m\u00e1s. Tambi\u00e9n te animamos a seguir <a href=\"https:\/\/www.tiktok.com\/@meristation\" rel=\"nofollow noopener\" title=\"https:\/\/www.tiktok.com\/@meristation\" target=\"_blank\">nuestra cuenta de TikTok<\/a>. <\/p>\n<p class=\"\">\u00a1S\u00edguenos en ambas y, si est\u00e1s interesado en licenciar este contenido, pincha <a href=\"https:\/\/profesional.elpais.com\/soluciones-sindicacion?utm_medium=interno&amp;utm_source=crosslinking&amp;utm_campaign=sindicacion_as_pie_articulos\" target=\"_blank\" rel=\"nofollow noopener\" title=\"https:\/\/profesional.elpais.com\/soluciones-sindicacion?utm_medium=interno&amp;utm_source=crosslinking&amp;utm_campaign=sindicacion_as_pie_articulos\">aqu\u00ed<\/a>!<\/p>\n<p><script async src=\"\/\/www.tiktok.com\/embed.js\"><\/script><\/p>\n","protected":false},"excerpt":{"rendered":"El Apple Keynote 2025 nos ha mostrado los \u00faltimos productos de la compa\u00f1\u00eda de Cupertino, con los fan\u00e1ticos&hellip;\n","protected":false},"author":2,"featured_media":113696,"comment_status":"","ping_status":"","sticky":false,"template":"","format":"standard","meta":{"footnotes":""},"categories":[81],"tags":[119,123,124,25,24,117,121,122,23,118,120],"class_list":{"0":"post-113695","1":"post","2":"type-post","3":"status-publish","4":"format-standard","5":"has-post-thumbnail","7":"category-ciencia-y-tecnologia","8":"tag-ciencia","9":"tag-ciencia-y-tecnologia","10":"tag-cienciaytecnologia","11":"tag-es","12":"tag-espana","13":"tag-science","14":"tag-science-and-technology","15":"tag-scienceandtechnology","16":"tag-spain","17":"tag-technology","18":"tag-tecnologia"},"share_on_mastodon":{"url":"","error":""},"_links":{"self":[{"href":"https:\/\/www.europesays.com\/es\/wp-json\/wp\/v2\/posts\/113695","targetHints":{"allow":["GET"]}}],"collection":[{"href":"https:\/\/www.europesays.com\/es\/wp-json\/wp\/v2\/posts"}],"about":[{"href":"https:\/\/www.europesays.com\/es\/wp-json\/wp\/v2\/types\/post"}],"author":[{"embeddable":true,"href":"https:\/\/www.europesays.com\/es\/wp-json\/wp\/v2\/users\/2"}],"replies":[{"embeddable":true,"href":"https:\/\/www.europesays.com\/es\/wp-json\/wp\/v2\/comments?post=113695"}],"version-history":[{"count":0,"href":"https:\/\/www.europesays.com\/es\/wp-json\/wp\/v2\/posts\/113695\/revisions"}],"wp:featuredmedia":[{"embeddable":true,"href":"https:\/\/www.europesays.com\/es\/wp-json\/wp\/v2\/media\/113696"}],"wp:attachment":[{"href":"https:\/\/www.europesays.com\/es\/wp-json\/wp\/v2\/media?parent=113695"}],"wp:term":[{"taxonomy":"category","embeddable":true,"href":"https:\/\/www.europesays.com\/es\/wp-json\/wp\/v2\/categories?post=113695"},{"taxonomy":"post_tag","embeddable":true,"href":"https:\/\/www.europesays.com\/es\/wp-json\/wp\/v2\/tags?post=113695"}],"curies":[{"name":"wp","href":"https:\/\/api.w.org\/{rel}","templated":true}]}}