{"id":113698,"date":"2025-09-14T05:12:09","date_gmt":"2025-09-14T05:12:09","guid":{"rendered":"https:\/\/www.europesays.com\/es\/113698\/"},"modified":"2025-09-14T05:12:09","modified_gmt":"2025-09-14T05:12:09","slug":"asi-viven-los-polacos-ante-el-aumento-de-la-tension-en-la-frontera-con-rusia-el-pais-expres","status":"publish","type":"post","link":"https:\/\/www.europesays.com\/es\/113698\/","title":{"rendered":"As\u00ed viven los polacos ante el aumento de la tensi\u00f3n en la frontera con Rusia | El PA\u00cdS Expr\u00e9s"},"content":{"rendered":"<p><img fetchpriority=\"high\" alt=\"Wohyn (Poland), 10\/09\/2025.- Polish National Territorial Defense Forces at the crash site of a Russian drone in the village of Wohyn, eastern Poland, 10 September 2025. Polish Prime Minister Donald Tusk reported that 19 violations of Polish airspace occurred overnight during a Russian attack on Ukraine, with drones repeatedly violating Polish airspace. (Polonia, Ucrania) EFE\/EPA\/WOJTEK JARGILO POLAND OUT&#13;&#10;\" decoding=\"auto\" class=\"_re  a_m-h\" height=\"414\"  width=\"414\"  src=\"https:\/\/www.europesays.com\/es\/wp-content\/uploads\/2025\/09\/LXLU3QPGCFDT7ITWYQUY2MXY5A.jpg\" loading=\"eager\"\/>Wohyn (Poland), 10\/09\/2025.- Polish National Territorial Defense Forces at the crash site of a Russian drone in the village of Wohyn, eastern Poland, 10 September 2025. Polish Prime Minister Donald Tusk reported that 19 violations of Polish airspace occurred overnight during a Russian attack on Ukraine, with drones repeatedly violating Polish airspace. (Polonia, Ucrania) EFE\/EPA\/WOJTEK JARGILO POLAND OUT&#13;<br \/>\nFoto: WOJTEK JARGILO (EFE)<\/p>\n<p>guerra de rusia en ucrania<\/p>\n<p class=\"\">En el norte de Polonia, en la frontera con Bielorrusia y cerca de Ucrania y Lituania, se vive una paradoja: un entorno natural de lagos y bosques convive con una fuerte tensi\u00f3n militar.<\/p>\n<p class=\"\"><b>La zona se conoce como corredor de Suwa\u0142ki.<\/b> Es considerada un punto estrat\u00e9gico, ya que podr\u00eda conectar el enclave ruso de Kaliningrado con Bielorrusia. <\/p>\n<p class=\"\"><b>\u00bfPor qu\u00e9 es importante?<\/b> En los \u00faltimos d\u00edas, la OTAN ha denunciado incursiones de drones rusos en el espacio a\u00e9reo polaco: esto ha provocado un despliegue de 40.000 soldados y el cierre de la frontera polaco-bielorrusa. <\/p>\n<ul>\n<li>Este s\u00e1bado volvi\u00f3 a pasar lo mismo, pero en Rumania. Se detect\u00f3 la presencia en su espacio a\u00e9reo de un dron durante un ataque ruso a instalaciones en suelo ucranio cerca de la frontera.<\/li>\n<\/ul>\n<p class=\"\"><b>\u00bfC\u00f3mo vive la poblaci\u00f3n local esta tensi\u00f3n?<\/b> Los habitantes aseguran sentirse seguros gracias a la presencia militar y a la protecci\u00f3n de la OTAN. La principal preocupaci\u00f3n es la ca\u00edda del turismo, afectado por la percepci\u00f3n de inseguridad. <\/p>\n<p class=\"\"><b>Sin embargo, persiste la conciencia de que la amenaza existe\u2026<\/b> Mosc\u00fa podr\u00eda estar en condiciones de enfrentar a la OTAN hacia 2029, lo que explica el elevado gasto militar polaco, cercano al 5% del PIB. <\/p>\n<p class=\"\">\u00a9Foto: Wojtek Jargilo (EFE)<\/p>\n<p class=\"\"><a href=\"https:\/\/elpais.com\/internacional\/2025-09-13\/la-vida-en-el-confin-oriental-de-la-otan-ante-rusia-no-tenemos-miedo.html\" target=\"_self\" rel=\"nofollow noopener\" title=\"https:\/\/elpais.com\/internacional\/2025-09-13\/la-vida-en-el-confin-oriental-de-la-otan-ante-rusia-no-tenemos-miedo.html\">Si quieres saber m\u00e1s, puedes leer aqu\u00ed.<\/a><\/p>\n","protected":false},"excerpt":{"rendered":"Wohyn (Poland), 10\/09\/2025.- Polish National Territorial Defense Forces at the crash site of a Russian drone in the&hellip;\n","protected":false},"author":2,"featured_media":113699,"comment_status":"","ping_status":"","sticky":false,"template":"","format":"standard","meta":{"footnotes":""},"categories":[42],"tags":[31499,17,18,13,14,7082,11,61,62,63,64,19,20,14551,9,10,15,16,1613,7027,1614,12,7081,21,22,1617,1707,7083,14181,65,66,67],"class_list":{"0":"post-113698","1":"post","2":"type-post","3":"status-publish","4":"format-standard","5":"has-post-thumbnail","7":"category-internacional","8":"tag-bielorrusia","9":"tag-breaking-news","10":"tag-breakingnews","11":"tag-featured-news","12":"tag-featurednews","13":"tag-guerra-de-rusia-en-ucrania","14":"tag-headlines","15":"tag-internacional","16":"tag-international","17":"tag-international-news","18":"tag-internationalnews","19":"tag-latest-news","20":"tag-latestnews","21":"tag-lituania","22":"tag-news","23":"tag-noticias","24":"tag-noticias-destacadas","25":"tag-noticiasdestacadas","26":"tag-otan","27":"tag-polonia","28":"tag-rusia","29":"tag-titulares","30":"tag-ucrania","31":"tag-ultimas-noticias","32":"tag-ultimasnoticias","33":"tag-union-europea","34":"tag-ursula-von-der-leyen","35":"tag-vladimir-putin","36":"tag-volodimir-zelenski","37":"tag-world","38":"tag-world-news","39":"tag-worldnews"},"share_on_mastodon":{"url":"","error":""},"_links":{"self":[{"href":"https:\/\/www.europesays.com\/es\/wp-json\/wp\/v2\/posts\/113698","targetHints":{"allow":["GET"]}}],"collection":[{"href":"https:\/\/www.europesays.com\/es\/wp-json\/wp\/v2\/posts"}],"about":[{"href":"https:\/\/www.europesays.com\/es\/wp-json\/wp\/v2\/types\/post"}],"author":[{"embeddable":true,"href":"https:\/\/www.europesays.com\/es\/wp-json\/wp\/v2\/users\/2"}],"replies":[{"embeddable":true,"href":"https:\/\/www.europesays.com\/es\/wp-json\/wp\/v2\/comments?post=113698"}],"version-history":[{"count":0,"href":"https:\/\/www.europesays.com\/es\/wp-json\/wp\/v2\/posts\/113698\/revisions"}],"wp:featuredmedia":[{"embeddable":true,"href":"https:\/\/www.europesays.com\/es\/wp-json\/wp\/v2\/media\/113699"}],"wp:attachment":[{"href":"https:\/\/www.europesays.com\/es\/wp-json\/wp\/v2\/media?parent=113698"}],"wp:term":[{"taxonomy":"category","embeddable":true,"href":"https:\/\/www.europesays.com\/es\/wp-json\/wp\/v2\/categories?post=113698"},{"taxonomy":"post_tag","embeddable":true,"href":"https:\/\/www.europesays.com\/es\/wp-json\/wp\/v2\/tags?post=113698"}],"curies":[{"name":"wp","href":"https:\/\/api.w.org\/{rel}","templated":true}]}}