{"id":113710,"date":"2025-09-14T05:22:04","date_gmt":"2025-09-14T05:22:04","guid":{"rendered":"https:\/\/www.europesays.com\/es\/113710\/"},"modified":"2025-09-14T05:22:04","modified_gmt":"2025-09-14T05:22:04","slug":"el-doble-reto-historico-de-alex-mumbru-en-la-final-del-eurobasket-baloncesto-deportes","status":"publish","type":"post","link":"https:\/\/www.europesays.com\/es\/113710\/","title":{"rendered":"El doble reto hist\u00f3rico de \u00c1lex Mumbr\u00fa en la final del Eurobasket | Baloncesto | Deportes"},"content":{"rendered":"<p class=\"\">\u00c1lex Mumbr\u00fa est\u00e1 a las puertas de la historia en las circunstancias m\u00e1s extra\u00f1as que hubiera podido imaginar. El seleccionador catal\u00e1n de 46 a\u00f1os busca este domingo al frente de Alemania el oro en la final del Eurobasket contra Turqu\u00eda (20.00, Tdp). La meta es la esperada para un conjunto que fue bronce europeo en 2022, campe\u00f3n del mundo en 2023 y semifinalista ol\u00edmpico en 2024, y trufado de grandes estrellas como Dennis Schr\u00f6der y Franz Wagner. Lo extra\u00f1o para el ext\u00e9cnico del Bilbao Basket y del Valencia ha sido el camino hasta este \u00faltimo partido. <\/p>\n<p class=\"\">Mumbr\u00fa <a href=\"https:\/\/elpais.com\/deportes\/baloncesto\/2025-09-01\/videollamadas-y-un-movil-en-el-banquillo-asi-ha-dirigido-mumbru-desde-el-hospital.html\" target=\"_blank\" rel=\"noreferrer nofollow noopener\" title=\"https:\/\/elpais.com\/deportes\/baloncesto\/2025-09-01\/videollamadas-y-un-movil-en-el-banquillo-asi-ha-dirigido-mumbru-desde-el-hospital.html\">sufri\u00f3 una pancreatitis antes del torneo y pas\u00f3 casi toda la primera fase hospitalizado<\/a> en Tampere (Finlandia). El serbio Alan Ibrahimagic y el salmantino Alberto Miranda, sus asistentes, se hicieron cargo del equipo mientras Mumbr\u00fa dirig\u00eda desde el hospital a trav\u00e9s de videollamadas y un tel\u00e9fono m\u00f3vil en el banquillo. En esta segunda fase en Riga, a partir de los octavos, el barcelon\u00e9s ha vuelto a sentarse a pie de pista, pero en un segundo plano. Por motivos de salud, ha sido Ibrahimagic quien ha llevado la voz cantante en la banda.<\/p>\n<p class=\"\">Ese at\u00edpico recorrido ha situado a Mumbr\u00fa frente a un doble reto hist\u00f3rico. Si Alemania vence hoy a Turqu\u00eda, el catal\u00e1n se convertir\u00e1 en el primer entrenador espa\u00f1ol que gana un Eurobasket masculino. Los cuatro oros del combinado nacional (2009, 2011, 2015 y 2022) fueron conquistados con el italiano Sergio Scariolo en la pizarra. La selecci\u00f3n femenina s\u00ed se coron\u00f3 en el continente en 1993 con el t\u00e9cnico Manuel Coloma y en 2013, 2017 y 2019 con Lucas Mondelo.<\/p>\n<p class=\"\">Un triunfo abrir\u00eda adem\u00e1s a Mumbr\u00fa la puerta de otro olimpo, el de quienes han conquistado el campeonato como jugador y como entrenador. El lituano Feliksas Kriauciunas (1937 y 1939) y el griego Panagiotis Giannakis (1987 y 2005) buscan compa\u00f1\u00eda y Mumbr\u00fa puede unirse a la pareja despu\u00e9s de ganar en la pista el primer oro europeo de la selecci\u00f3n espa\u00f1ola, en 2009. El t\u00e9cnico se estrena en un gran torneo al frente de Alemania tras heredar el mando de <a href=\"https:\/\/elpais.com\/deportes\/baloncesto\/2023-09-10\/alemania-campeona-del-mundial-de-baloncesto-corona-a-europa.html\" target=\"_blank\" rel=\"noreferrer nofollow noopener\" title=\"https:\/\/elpais.com\/deportes\/baloncesto\/2023-09-10\/alemania-campeona-del-mundial-de-baloncesto-corona-a-europa.html\">Gordie Herbert, el preparador que llev\u00f3 al conjunto germano a la cima mundial.<\/a><\/p>\n<p class=\"\">La \u00faltima barrera para Mumbr\u00fa es la poderosa Turqu\u00eda que dirige <a href=\"https:\/\/elpais.com\/deportes\/baloncesto\/2025-09-12\/el-destino-de-ergin-ataman-entre-turquia-y-grecia.html\" target=\"_blank\" rel=\"noreferrer nofollow noopener\" title=\"https:\/\/elpais.com\/deportes\/baloncesto\/2025-09-12\/el-destino-de-ergin-ataman-entre-turquia-y-grecia.html\">Ergin Ataman, un triple ganador de la Euroliga. <\/a>Ambos equipos han ganado sus ocho partidos y ensalzan el valor del juego colectivo en un torneo que despidi\u00f3 a sus tres grandes estrellas: el serbio Jokic en octavos, el esloveno Doncic en cuartos y el griego Antetokounmpo en semifinales.<\/p>\n<p><img alt=\"Mumbr\u00fa, Garbajosa y Pau Gasol, con Scariolo tras ganar el Eurobasket de 2009.\" decoding=\"auto\" class=\"_re lazyload a_m-h\" height=\"292\"  width=\"414\"  src=\"https:\/\/www.europesays.com\/es\/wp-content\/uploads\/2025\/09\/NMCDFR5PVBGHLPAE4I43OSLKTY.jpg\" loading=\"lazy\"\/>Mumbr\u00fa, Garbajosa y Pau Gasol, con Scariolo tras ganar el Eurobasket de 2009.Claudio \u00c1lvarez<\/p>\n<p class=\"\">Alemania es un vendaval ofensivo que promedia 101,4 puntos por partido por los 91,1 de Turqu\u00eda y manda tambi\u00e9n ante su rival en los rebotes (40,1 por 36). El grupo de Ataman domina las asistencias (23 por 21,4) y presenta el mejor porcentaje en triples del campeonato: 44,7%. Los dos acorazados lucen a sus hombres de la NBA: Schr\u00f6der (20,9 puntos y 6,6 asistencias; Sacramento Kings) y Wagner (21,5 puntos, 5,6 rebotes y 3,6 asistencias; Orlando Magic) en el bando alem\u00e1n; y Seng\u00fcn (20,8 puntos, 11 rebotes y 7 asistencia; Houston Rockets) en la tropa turca.<\/p>\n<p class=\"\">Turqu\u00eda solo ha mordido una medalla continental, la plata de 2001. Alemania guarda en sus vitrinas un \u00fanico oro europeo, en 1993. Son las otras deudas hist\u00f3ricas en la cita que puede coronar el extra\u00f1o Eurobasket de \u00c1lex Mumbr\u00fa.<\/p>\n","protected":false},"excerpt":{"rendered":"\u00c1lex Mumbr\u00fa est\u00e1 a las puertas de la historia en las circunstancias m\u00e1s extra\u00f1as que hubiera podido imaginar.&hellip;\n","protected":false},"author":2,"featured_media":113711,"comment_status":"","ping_status":"","sticky":false,"template":"","format":"standard","meta":{"footnotes":""},"categories":[269],"tags":[25677,30667,299,298,1540,37913,168,34446,25,24,301,37914,8283,25678,35173,23,167],"class_list":{"0":"post-113710","1":"post","2":"type-post","3":"status-publish","4":"format-standard","5":"has-post-thumbnail","7":"category-baloncesto","8":"tag-alex-mumbru","9":"tag-alperen-sengun","10":"tag-baloncesto","11":"tag-basketball","12":"tag-competiciones","13":"tag-dennis-schroder","14":"tag-deportes","15":"tag-ergin-ataman","16":"tag-es","17":"tag-espana","18":"tag-eurobasket","19":"tag-franz-wagner","20":"tag-jugadores-baloncesto","21":"tag-seleccion-baloncesto-alemania","22":"tag-seleccion-baloncesto-turquia","23":"tag-spain","24":"tag-sports"},"share_on_mastodon":{"url":"","error":""},"_links":{"self":[{"href":"https:\/\/www.europesays.com\/es\/wp-json\/wp\/v2\/posts\/113710","targetHints":{"allow":["GET"]}}],"collection":[{"href":"https:\/\/www.europesays.com\/es\/wp-json\/wp\/v2\/posts"}],"about":[{"href":"https:\/\/www.europesays.com\/es\/wp-json\/wp\/v2\/types\/post"}],"author":[{"embeddable":true,"href":"https:\/\/www.europesays.com\/es\/wp-json\/wp\/v2\/users\/2"}],"replies":[{"embeddable":true,"href":"https:\/\/www.europesays.com\/es\/wp-json\/wp\/v2\/comments?post=113710"}],"version-history":[{"count":0,"href":"https:\/\/www.europesays.com\/es\/wp-json\/wp\/v2\/posts\/113710\/revisions"}],"wp:featuredmedia":[{"embeddable":true,"href":"https:\/\/www.europesays.com\/es\/wp-json\/wp\/v2\/media\/113711"}],"wp:attachment":[{"href":"https:\/\/www.europesays.com\/es\/wp-json\/wp\/v2\/media?parent=113710"}],"wp:term":[{"taxonomy":"category","embeddable":true,"href":"https:\/\/www.europesays.com\/es\/wp-json\/wp\/v2\/categories?post=113710"},{"taxonomy":"post_tag","embeddable":true,"href":"https:\/\/www.europesays.com\/es\/wp-json\/wp\/v2\/tags?post=113710"}],"curies":[{"name":"wp","href":"https:\/\/api.w.org\/{rel}","templated":true}]}}