{"id":113714,"date":"2025-09-14T05:24:20","date_gmt":"2025-09-14T05:24:20","guid":{"rendered":"https:\/\/www.europesays.com\/es\/113714\/"},"modified":"2025-09-14T05:24:20","modified_gmt":"2025-09-14T05:24:20","slug":"quiero-saber-quien-es-titi","status":"publish","type":"post","link":"https:\/\/www.europesays.com\/es\/113714\/","title":{"rendered":"Quiero saber qui\u00e9n es Tit\u00ed"},"content":{"rendered":"<p data-wc=\"71\" id=\"etHn7Z0yAj\"><strong>No hay famoso que no se haya dado el gusto de escuchar a Bad Bunny cantar en su Puerto Rico natal<\/strong>. El cantante est\u00e1 llevando a cabo una residencia de conciertos en su pa\u00eds a ra\u00edz del lanzamiento de su disco <strong>Deb\u00ed Tirar M\u00e1s Fotos<\/strong>, una gira con la que visitar\u00e1 Espa\u00f1a en 2026 y que se ha convertido en un enclave de visita obligada para todas las celebridades del mundo.\u00a0<\/p>\n<p> <img src=\"https:\/\/www.europesays.com\/es\/wp-content\/uploads\/2025\/09\/c5930a9bc191-gettyimages-2224720469.jpg\"   width=\"1024\" height=\"682\" loading=\"lazy\" decoding=\"async\" alt=\"Bad Bunny durante su residencia &quot;No Me Quiero Ir De Aqui&quot; en Puerto Rico \" fetchpriority=\"auto\" class=\"image ho-image\"\/>\u00a9 Getty ImagesBad Bunny durante su residencia &#8216;No Me Quiero Ir De Aqui&#8217; en Puerto Rico <\/p>\n<p id=\"eewwHOhZ78V\" data-wc=\"78\">Este verano, Pen\u00e9lope Cruz y Javier Bardem se encargaron de demostrar que son grandes seguidores del puertorrique\u00f1o al acudir a uno de sus conciertos en San Juan. La pareja de actores ya hab\u00eda demostrado su pasi\u00f3n por la m\u00fasica de Bad Bunny, pues no era <a class=\"hm-link ho-link\" href=\"https:\/\/www.hola.com\/actualidad\/20240428253172\/penelope-cruz-javier-barmen-cumpleanos-concierto-bad-bunny-nsv\/\" data-mrf-recirculation=\"article-body-link\" rel=\"nofollow noopener\" target=\"_blank\">la primera vez que acud\u00edan a uno de sus conciertos<\/a>. Eso s\u00ed, en la residencia del cantante en el Coliseo de Puerto Rico, Pen\u00e9lope se convirti\u00f3 en la aut\u00e9ntica protagonista de la noche.\u00a0<\/p>\n<p> <img src=\"https:\/\/www.europesays.com\/es\/wp-content\/uploads\/2025\/09\/84a1ac6578a4-gettyimages-1818195129.jpg\"   width=\"682\" height=\"1024\" loading=\"lazy\" decoding=\"async\" alt=\"Pen\u00e9lope Cruz ten\u00eda algunas dudas sobre la m\u00fasica de Bad Bunny \" fetchpriority=\"auto\" class=\"image ho-image\"\/>\u00a9 Getty ImagesPen\u00e9lope Cruz ten\u00eda algunas dudas sobre la m\u00fasica de Bad Bunny <\/p>\n<p id=\"etqvZEqsZ9L\" data-wc=\"64\">La pareja de actores espa\u00f1oles disfrut\u00f3 del espect\u00e1culo en una posici\u00f3n privilegiada, en el espacio VIP del escenario conocido como &#8216;La Casita&#8217;. All\u00ed, <a class=\"hm-link ho-link\" href=\"https:\/\/www.hola.com\/actualidad\/20250813849890\/penelope-cruz-javier-bardem-bad-bunny-puerto-rico\/\" data-mrf-recirculation=\"article-body-link\" rel=\"nofollow noopener\" target=\"_blank\">Pen\u00e9lope encendi\u00f3 al p\u00fablico al grito de \u00abacho, Puerto Rico es otra cosa\u00bb y lo dio todo junto a su marido<\/a><strong>.\u00a0<\/strong>Tambi\u00e9n estuvo cantando entregad\u00edsima junto a Kasia Marciniak, pareja del cantante Residente, quien tambi\u00e9n subi\u00f3 al escenario con Bad Bunny.\u00a0<\/p>\n<p id=\"eTcmzJGF9-Z\" data-wc=\"96\">Ahora hemos sabido que, despu\u00e9s de acudir al magn\u00e1nimo concierto del puertorrique\u00f1o, la actriz de Volver\u00a0y Madres paralelas se ha puesto en contacto con el artista para intentar resolver una serie de dudas sobre su m\u00fasica, letras y todo lo relacionado con su universo sonoro. A trav\u00e9s de un video, Pen\u00e9lope pregunta: <strong>\u00abHola Benito, \u00bfc\u00f3mo est\u00e1s? Quer\u00eda saber dos cosas: \u00bfEn qu\u00e9 pensabas cuando escribiste Turista?\u00a0<\/strong>Me encanta todo el disco, pero me encanta esa canci\u00f3n\u00bb, dijo, una vez m\u00e1s declar\u00e1ndose fan de las creaciones del puertorrique\u00f1o que la han puesto a bailar y cantar.<\/p>\n<p data-wc=\"81\" id=\"e76ayGj1y4\">Con un look\u00a0veraniego en el que luce un sombrero blanco, la int\u00e9rprete, que no quiso dejar de formar parte de la din\u00e1mica hecha por parte de la revista i-D, agreg\u00f3: <strong>\u00abY quiero saber qui\u00e9n es Titi. Titi&#8230; Titi que dice&#8230; Titi me pregunt\u00f3&#8230; &#8216;<\/strong>Ven ac\u00e1, el muchacho del diablo, b\u00fascate una mujer seria para ti, un muchacho del diablo&#8217;. \u00bfQui\u00e9n es Titi? Yo quiero conocerla\u00bb, pregunta al cantante, <strong>haciendo alusi\u00f3n a uno de sus temas m\u00e1s exitosos,\u00a0<\/strong><strong>Tit\u00ed Me Pregunt\u00f3<\/strong>.<\/p>\n<p> <img src=\"https:\/\/www.europesays.com\/es\/wp-content\/uploads\/2025\/09\/3828b9da0aab-captura-de-pantalla-2025-09-13-183446.jpg\"   width=\"632\" height=\"1024\" loading=\"lazy\" decoding=\"async\" alt=\"Pen\u00e9lope Cruz despeja sus dudas m\u00e1s importantes \" fetchpriority=\"auto\" class=\"image ho-image\"\/>\u00a9 @i_dPen\u00e9lope Cruz despeja sus dudas m\u00e1s importantes <\/p>\n<p data-wc=\"90\" id=\"eOTe8dbYNg\">Entre risas, el cantante, cuyo nombre real es Benito Antonio Mart\u00ednez Ocasio, revel\u00f3 la identidad misteriosa: \u00abTiti es nuestro dispositivo, es como Alexa\u00a0y Siri; en Puerto Rico es Titi en los tel\u00e9fonos\u00bb, dijo para despu\u00e9s revelar que se trataba de una broma. En un temple m\u00e1s serio, explic\u00f3: <strong>\u201cEs Tit\u00ed, nuestras t\u00edas. Nosotros a las t\u00edas les decimos \u00abtit\u00ed\u00bb. Si hablas de una tit\u00ed en espec\u00edfico, en verdad que no, no tengo una tit\u00ed espec\u00edfica, tengo un mont\u00f3n de t\u00edas. Si voy a decir los nombres aqu\u00ed, no termino\u201d.<\/strong><\/p>\n<p> <img src=\"https:\/\/www.europesays.com\/es\/wp-content\/uploads\/2025\/09\/79eaaeb8c3b9-gettyimages-2231565046.jpg\"   width=\"1024\" height=\"682\" loading=\"lazy\" decoding=\"async\" alt=\"Bad Bunny \" fetchpriority=\"auto\" class=\"image ho-image\"\/>\u00a9 Getty Images<\/p>\n<p data-wc=\"148\" id=\"eTcuAAx-ZIv\">Sobre Turista asegur\u00f3 que: <strong>\u201cTengo el recuerdo tan presente. Hay muchas canciones de las que yo me acuerdo de cuando las escrib\u00ed, hay otras que no, y est\u00e1 es una que nunca lo voy a olvidar\u00bb.<\/strong> Como si hubiera pasado hace unos d\u00edas, relat\u00f3: \u00abYo sal\u00eda de una reuni\u00f3n y me dirig\u00eda hacia la casa donde me estaba quedando y hab\u00edan bloqueado la calle, hab\u00edan bloqueado la carretera. Entonces tuve que desviarme y en ese desv\u00edo me fui a dar vueltas como que alrededor de la playa, por la costa. <strong>Y ve\u00eda a las personas, vi muchos turistas aprendiendo a bailar, disfrutando de la playa, haciendo din\u00e1micas.\u00a0<\/strong>Parejitas tir\u00e1ndose fotos en el atardecer<strong>\u00a0<\/strong>y yo espec\u00edficamente en ese momento no me sent\u00eda muy bien, me preocupaban muchas cosas de mi vida personal, como tambi\u00e9n me estaban preocupando muchas cosas de la situaci\u00f3n de Puerto Rico en ese momento\u00bb.<\/p>\n<p> <img src=\"https:\/\/www.europesays.com\/es\/wp-content\/uploads\/2025\/09\/9bd3a5ce25e1-snapinstato541510166185211312880618202164922379304114248n.jpg\"   width=\"1024\" height=\"1024\" loading=\"lazy\" decoding=\"async\" alt=\"Ana de Armas, fan n\u00famero uno de Bad Bunny\" fetchpriority=\"auto\" class=\"image ho-image\"\/>\u00a9 @ana_d_armasUn concierto de Bad Bunny en su Puerto Rico natal<\/p>\n<p data-wc=\"105\" id=\"eLxWzKFyYrD\">Fue aquella estampa la que le inspir\u00f3 profundamente para componer el tema incluido en su \u00e1lbum DeB\u00cd TiRAR M\u00e1S FOToS, lanzado este a\u00f1o. \u00abTodo se mezcl\u00f3 y ah\u00ed mismo Mac me env\u00eda una base, que eran las guitarras primero antes de que se convirtiera en el bolero completo, y <strong>yo empec\u00e9 a escribir y a cantar la canci\u00f3n. Segu\u00ed dando vueltas escribiendo la canci\u00f3n y despu\u00e9s me par\u00e9 con vista al mar al frente, y termin\u00e9 de escribirla\u00bb,<\/strong> coment\u00f3. Y, al igual que Pen\u00e9lope, confes\u00f3: \u00abEs tambi\u00e9n una de las canciones que yo he escrito, es de mis favoritas, o sea, de mis composiciones favoritas\u00bb.\u00a0<\/p>\n<p> <img src=\"https:\/\/www.europesays.com\/es\/wp-content\/uploads\/2025\/09\/4f85dd939897-megbbozpr250831003.jpg\"   width=\"1024\" height=\"819\" loading=\"lazy\" decoding=\"async\" alt=\"Bad Bunny comparti\u00f3 el escenario con Ozuna en su concierto del 31 de agosto.\" fetchpriority=\"auto\" class=\"image ho-image\"\/>\u00a9 Mega\/The Grosby Group<\/p>\n","protected":false},"excerpt":{"rendered":"No hay famoso que no se haya dado el gusto de escuchar a Bad Bunny cantar en su&hellip;\n","protected":false},"author":2,"featured_media":113715,"comment_status":"","ping_status":"","sticky":false,"template":"","format":"standard","meta":{"footnotes":""},"categories":[174],"tags":[517,1282,255,146,147,25,24,256,15751,185,22111,23],"class_list":{"0":"post-113714","1":"post","2":"type-post","3":"status-publish","4":"format-standard","5":"has-post-thumbnail","7":"category-famosos","8":"tag-actualidad","9":"tag-bad-bunny","10":"tag-celebrities","11":"tag-entertainment","12":"tag-entretenimiento","13":"tag-es","14":"tag-espana","15":"tag-famosos","16":"tag-javier-bardem","17":"tag-musica","18":"tag-penelope-cruz","19":"tag-spain"},"share_on_mastodon":{"url":"","error":""},"_links":{"self":[{"href":"https:\/\/www.europesays.com\/es\/wp-json\/wp\/v2\/posts\/113714","targetHints":{"allow":["GET"]}}],"collection":[{"href":"https:\/\/www.europesays.com\/es\/wp-json\/wp\/v2\/posts"}],"about":[{"href":"https:\/\/www.europesays.com\/es\/wp-json\/wp\/v2\/types\/post"}],"author":[{"embeddable":true,"href":"https:\/\/www.europesays.com\/es\/wp-json\/wp\/v2\/users\/2"}],"replies":[{"embeddable":true,"href":"https:\/\/www.europesays.com\/es\/wp-json\/wp\/v2\/comments?post=113714"}],"version-history":[{"count":0,"href":"https:\/\/www.europesays.com\/es\/wp-json\/wp\/v2\/posts\/113714\/revisions"}],"wp:featuredmedia":[{"embeddable":true,"href":"https:\/\/www.europesays.com\/es\/wp-json\/wp\/v2\/media\/113715"}],"wp:attachment":[{"href":"https:\/\/www.europesays.com\/es\/wp-json\/wp\/v2\/media?parent=113714"}],"wp:term":[{"taxonomy":"category","embeddable":true,"href":"https:\/\/www.europesays.com\/es\/wp-json\/wp\/v2\/categories?post=113714"},{"taxonomy":"post_tag","embeddable":true,"href":"https:\/\/www.europesays.com\/es\/wp-json\/wp\/v2\/tags?post=113714"}],"curies":[{"name":"wp","href":"https:\/\/api.w.org\/{rel}","templated":true}]}}